{"id":1023,"date":"2013-09-15T09:07:10","date_gmt":"2013-09-15T09:07:10","guid":{"rendered":"http:\/\/atanga.de\/?p=1023"},"modified":"2015-03-03T21:10:53","modified_gmt":"2015-03-03T21:10:53","slug":"winterlager-201314-in-sicht","status":"publish","type":"post","link":"https:\/\/atanga.de\/?p=1023","title":{"rendered":"Winterlager 2013\/14 in Sicht"},"content":{"rendered":"<p>So langsam machen wir uns daran, die Saison 2013 zu beenden und die Liste f\u00fcr das Winterlager zu vervollst\u00e4ndigen.<\/p>\n<p>Zweit-Anker<\/p>\n<p>Nach einigem Hin und Her und Betrachtung der h\u00e4ufig philosophisch gef\u00fchrten Diskussion, welcher Anker denn der Beste sei, haben wir uns f\u00fcr einen Rocna Anker (33Kg) entschieden. Dazu muss allerdings erst einmal eine Ankerhalterung an den Bug, um das \u201eMonster\u201c sicher aufzunehmen. Um mir das Ganze vorstellen zu k\u00f6nnen, musste eine alte R\u00fcckwand eines Bilderhalters dran glauben, aus der ich das Profil im Ma\u00dfstab 1:1 ausgeschnitten habe. Die Herausforderung besteht allerdings darin, dass zwischen Bugkorb und Anschlag f\u00fcr das Vorstag nur ca. 6cm Platz ist.<\/p>\n<p><a class=\"boxersandswipers\" title=\"DCIM100MEDIA\" href=\"https:\/\/atanga.de\/wp-content\/uploads\/2013\/09\/Rocna.jpg\"><img decoding=\"async\" class=\"alignnone size-medium wp-image-1024\" alt=\"DCIM100MEDIA\" src=\"https:\/\/atanga.de\/wp-content\/uploads\/2013\/09\/Rocna-300x168.jpg\" width=\"300\" height=\"168\" srcset=\"https:\/\/atanga.de\/wp-content\/uploads\/2013\/09\/Rocna-300x168.jpg 300w, https:\/\/atanga.de\/wp-content\/uploads\/2013\/09\/Rocna-624x351.jpg 624w, https:\/\/atanga.de\/wp-content\/uploads\/2013\/09\/Rocna.jpg 800w\" sizes=\"(max-width: 300px) 100vw, 300px\" \/><\/a><\/p>\n<p>Regenerative Energien<\/p>\n<p>Wir sind den ganzen Sommer 2013 in der Ostsee ohne Landstrom ausgekommen. Allerdings waren die Reserven \u00fcbersichtlich und ein zweites 100WP Panel liegt bereits im Keller und wartet nur darauf angebaut zu werden. Die Halterung auf unserem Ger\u00e4tetr\u00e4ger muss also noch mal \u00fcberarbeitet werden.<\/p>\n<p>Erdung f\u00fcr das Funkger\u00e4t<\/p>\n<p>Im Moment verwende ich noch unsere Blitzschutzanlage als Erdung und bin mit dem Ergebnis auch zufrieden. Grunds\u00e4tzlich gef\u00e4llt mir der Ansatz aber nicht und daher soll im Winter auch noch mal die Erdungsfarbe im Achterschiff gestrichen werden, um auf kapazitive Erdung umzur\u00fcsten.<\/p>\n<p>Korrosion am Motor<\/p>\n<p>&#8230;hoffentlich schaffe ich es in diesem Winter mal, die Maschine an den betroffenen Stellen zu malen.<\/p>\n<p>Sitze am Heckkorb<\/p>\n<p>Bevor wir den Ger\u00e4tetr\u00e4ger im letzten Jahr aufgebaut haben, hatten wir 2 nette Sitze in den Ecken am Heckkorb. Diese sollen in diesem Winter auch wieder angebaut werden.<\/p>\n<p>Rigg<\/p>\n<p>Wir denken, dass wir das Rigg mal professionell checken lassen sollten. Auch muss eine Teil des laufenden Gutes ausgetauscht werden.<\/p>\n<p>Seeventile<\/p>\n<p>Auch hier wollen wir noch einmal professionellen Rat einholen und ggf. auf Rotguss umr\u00fcsten.<\/p>\n<p>Toilette<\/p>\n<p>Eigentlich m\u00fcssten hier mal die Schl\u00e4uche getauscht werden. \u00a0Hierauf freue ich mich ganz besonders.<\/p>\n<p>&#8230;und dazu kommen dann noch die normalen Winterarbeiten wie Sch\u00f6nheitsreparaturen und ausgiebiges Polieren.<\/p>\n<p>Hier noch zwei Bilder, wie unser Schiff mit gekipptem Ger\u00e4tetr\u00e4ger aussieht. Durch den Windgenerator waren wir etwas zu hoch, um durch das Hallentor zu kommen.<\/p>\n\n\t\t<style type=\"text\/css\">\n\t\t\t#gallery-1 {\n\t\t\t\tmargin: auto;\n\t\t\t}\n\t\t\t#gallery-1 .gallery-item {\n\t\t\t\tfloat: left;\n\t\t\t\tmargin-top: 10px;\n\t\t\t\ttext-align: center;\n\t\t\t\twidth: 33%;\n\t\t\t}\n\t\t\t#gallery-1 img {\n\t\t\t\tborder: 2px solid #cfcfcf;\n\t\t\t}\n\t\t\t#gallery-1 .gallery-caption {\n\t\t\t\tmargin-left: 0;\n\t\t\t}\n\t\t\t\/* see gallery_shortcode() in wp-includes\/media.php *\/\n\t\t<\/style>\n\t\t<div id='gallery-1' class='gallery galleryid-1023 gallery-columns-3 gallery-size-thumbnail'><dl class='gallery-item'>\n\t\t\t<dt class='gallery-icon landscape'>\n\t\t\t\t<a class=\"boxersandswipers\" title=\"Ger\u00e4tetr\u00e4ger gekippt\" href='https:\/\/atanga.de\/wp-content\/uploads\/2013\/09\/Traeger-gekippt.jpg'><img decoding=\"async\" width=\"150\" height=\"150\" src=\"https:\/\/atanga.de\/wp-content\/uploads\/2013\/09\/Traeger-gekippt-150x150.jpg\" class=\"attachment-thumbnail size-thumbnail\" alt=\"\" \/><\/a>\n\t\t\t<\/dt><\/dl><dl class='gallery-item'>\n\t\t\t<dt class='gallery-icon landscape'>\n\t\t\t\t<a class=\"boxersandswipers\" title=\"Traeger-gekippt_2\" href='https:\/\/atanga.de\/wp-content\/uploads\/2013\/09\/Traeger-gekippt_2.jpg'><img decoding=\"async\" width=\"150\" height=\"150\" src=\"https:\/\/atanga.de\/wp-content\/uploads\/2013\/09\/Traeger-gekippt_2-150x150.jpg\" class=\"attachment-thumbnail size-thumbnail\" alt=\"\" \/><\/a>\n\t\t\t<\/dt><\/dl>\n\t\t\t<br style='clear: both' \/>\n\t\t<\/div>\n\n<div class=\"pld-like-dislike-wrap pld-template-1\">\r\n    <div class=\"pld-like-wrap  pld-common-wrap\">\r\n    <a href=\"javascript:void(0)\" class=\"pld-like-trigger pld-like-dislike-trigger  \" title=\"gef\u00e4llt mir\" data-post-id=\"1023\" data-trigger-type=\"like\" data-restriction=\"cookie\" data-already-liked=\"0\">\r\n                        <i class=\"fas fa-thumbs-up\"><\/i>\r\n                <\/a>\r\n    <span class=\"pld-like-count-wrap pld-count-wrap\">    <\/span>\r\n<\/div><div class=\"pld-dislike-wrap  pld-common-wrap\">\r\n    <a href=\"javascript:void(0)\" class=\"pld-dislike-trigger pld-like-dislike-trigger  \" title=\"doof\" data-post-id=\"1023\" data-trigger-type=\"dislike\" data-restriction=\"cookie\" data-already-liked=\"0\">\r\n                        <i class=\"fas fa-thumbs-down\"><\/i>\r\n                <\/a>\r\n    <span class=\"pld-dislike-count-wrap pld-count-wrap\"><\/span>\r\n<\/div><\/div>","protected":false},"excerpt":{"rendered":"<p>So langsam machen wir uns daran, die Saison 2013 zu beenden und die Liste f\u00fcr das Winterlager zu vervollst\u00e4ndigen. Zweit-Anker Nach einigem Hin und Her und Betrachtung der h\u00e4ufig philosophisch gef\u00fchrten Diskussion, welcher Anker denn der Beste sei, haben wir uns f\u00fcr einen Rocna Anker (33Kg) entschieden. Dazu muss allerdings erst einmal eine Ankerhalterung an [&hellip;]<\/p>\n","protected":false},"author":2,"featured_media":0,"comment_status":"closed","ping_status":"closed","sticky":false,"template":"","format":"standard","meta":{"footnotes":""},"categories":[49],"tags":[],"class_list":["post-1023","post","type-post","status-publish","format-standard","hentry","category-reparaturenrefit"],"_links":{"self":[{"href":"https:\/\/atanga.de\/index.php?rest_route=\/wp\/v2\/posts\/1023","targetHints":{"allow":["GET"]}}],"collection":[{"href":"https:\/\/atanga.de\/index.php?rest_route=\/wp\/v2\/posts"}],"about":[{"href":"https:\/\/atanga.de\/index.php?rest_route=\/wp\/v2\/types\/post"}],"author":[{"embeddable":true,"href":"https:\/\/atanga.de\/index.php?rest_route=\/wp\/v2\/users\/2"}],"replies":[{"embeddable":true,"href":"https:\/\/atanga.de\/index.php?rest_route=%2Fwp%2Fv2%2Fcomments&post=1023"}],"version-history":[{"count":5,"href":"https:\/\/atanga.de\/index.php?rest_route=\/wp\/v2\/posts\/1023\/revisions"}],"predecessor-version":[{"id":1047,"href":"https:\/\/atanga.de\/index.php?rest_route=\/wp\/v2\/posts\/1023\/revisions\/1047"}],"wp:attachment":[{"href":"https:\/\/atanga.de\/index.php?rest_route=%2Fwp%2Fv2%2Fmedia&parent=1023"}],"wp:term":[{"taxonomy":"category","embeddable":true,"href":"https:\/\/atanga.de\/index.php?rest_route=%2Fwp%2Fv2%2Fcategories&post=1023"},{"taxonomy":"post_tag","embeddable":true,"href":"https:\/\/atanga.de\/index.php?rest_route=%2Fwp%2Fv2%2Ftags&post=1023"}],"curies":[{"name":"wp","href":"https:\/\/api.w.org\/{rel}","templated":true}]}}