{"id":132507,"date":"2017-06-01T22:48:40","date_gmt":"2017-06-01T22:48:40","guid":{"rendered":"http:\/\/atanga.de\/?p=132507"},"modified":"2017-06-01T22:49:19","modified_gmt":"2017-06-01T22:49:19","slug":"drei-jahre-zwei-fazits","status":"publish","type":"post","link":"https:\/\/atanga.de\/?p=132507","title":{"rendered":"Drei Jahre &#8211; zwei Fazits"},"content":{"rendered":"<p><em>Do.,\u00a001.Jun.17, Kolumbien\/Providencia, Tag 1097, 11.213 sm von HH<\/em><\/p>\n<p>Wie immer getrennt voneinander geschrieben.<\/p>\n<p>Zuerst die Fakten:<br \/>\n4.659 sm (Vorjahre 5.344 sm )<br \/>\n40 Tage auf See (Vorjahre 53 Tage)<br \/>\nWir waren im dritten Jahr sehr segel-flei\u00dfig.<br \/>\nAchim (macht dieses Jahr keine gro\u00dfen Worte, sein Fazit lautet stumpf): &#8222;Alles super!&#8220;<\/p>\n<p>Sabine:<br \/>\nFernweh. Schon immer hatte ich Fernweh. Ein Wort, dass es zu Goethes und Schillers Zeiten noch nicht gab. Von Goethe wird Fernweh als &#8222;umgekehrtes Heimweh beschrieben, eine Sehnsucht ins Weite statt ins Enge&#8220;.<\/p>\n<p>Das Segeln geht mir zunehmend auf die Nerven (okay, der Stachel vom letzten T\u00f6rn sitzt noch tief) und wird immer mehr zum Zweck.<br \/>\nSo manches Mal habe ich den Kahn schon im Geiste inseriert und \u00fcberlegt, dass eine Atlantik-Runde vollkommen ausreichend w\u00e4re.<br \/>\n&#8222;Warum in die Ferne schweifen, sieh, das Gute liegt so nah&#8220;, um noch mal Goethe zu bem\u00fchen.<\/p>\n<p>Das funktioniert leider nicht. Sobald mir ein Bericht \u00fcber weitere Ziele in die H\u00e4nde f\u00e4llt, ist es sofort da, dieses Fernweh: &#8222;Da will ich hin&#8230;, unbedingt&#8220;.<br \/>\nNur schwer zu erreichen? Egal.<br \/>\nTagelange Qu\u00e4lerei auf See? Na und, \u00fcbersteht man schon irgendwie.<\/p>\n<p>Die Sehnsucht noch weitere sch\u00f6ne L\u00e4nder zu entdecken, zerdr\u00fcckt die Vernunft wie eine Laus. Gierig bl\u00e4ttere und recherchiere ich: was gibt es zu sehen, wir kommt man hin, was kann dieses fremde Exoten-Land.<\/p>\n<p>Mein Antrieb f\u00fcr die m\u00fchsamen Tage auf See. Mein Motor, diese endlosen Stunden durchzuhalten.<\/p>\n<p>Heimweh. Ja, hab ich auch. Jetzt wird&#8217;s zum Dilemma.<br \/>\nAm besten ist das &#8218;umgekehrte Fernweh&#8216; mit einem neuen Reisef\u00fchrer zu bek\u00e4mpfen.<br \/>\nEinfach drin st\u00f6bern und schon schweigt die Seite in mir.<br \/>\nUnd einmal im Jahr nach Hause fliegen. Zum Guten, was so nahe liegt.<\/p>\n<p>Ich freu mich schon auf Euch zu Hause. <img src=\"https:\/\/atanga.de\/wp-content\/plugins\/classic-smilies\/img\/icon_smile.gif\" alt=\":-)\" class=\"wp-smiley\" style=\"height: 1em; max-height: 1em;\" \/><\/p>\n<div class=\"pld-like-dislike-wrap pld-template-1\">\r\n    <div class=\"pld-like-wrap  pld-common-wrap\">\r\n    <a href=\"javascript:void(0)\" class=\"pld-like-trigger pld-like-dislike-trigger  \" title=\"gef\u00e4llt mir\" data-post-id=\"132507\" data-trigger-type=\"like\" data-restriction=\"cookie\" data-already-liked=\"0\">\r\n                        <i class=\"fas fa-thumbs-up\"><\/i>\r\n                <\/a>\r\n    <span class=\"pld-like-count-wrap pld-count-wrap\">2    <\/span>\r\n<\/div><div class=\"pld-dislike-wrap  pld-common-wrap\">\r\n    <a href=\"javascript:void(0)\" class=\"pld-dislike-trigger pld-like-dislike-trigger  \" title=\"doof\" data-post-id=\"132507\" data-trigger-type=\"dislike\" data-restriction=\"cookie\" data-already-liked=\"0\">\r\n                        <i class=\"fas fa-thumbs-down\"><\/i>\r\n                <\/a>\r\n    <span class=\"pld-dislike-count-wrap pld-count-wrap\"><\/span>\r\n<\/div><\/div>","protected":false},"excerpt":{"rendered":"<p>Do.,\u00a001.Jun.17, Kolumbien\/Providencia, Tag 1097, 11.213 sm von HH Wie immer getrennt voneinander geschrieben. Zuerst die Fakten: 4.659 sm (Vorjahre 5.344 sm ) 40 Tage auf See (Vorjahre 53 Tage) Wir waren im dritten Jahr sehr segel-flei\u00dfig. Achim (macht dieses Jahr keine gro\u00dfen Worte, sein Fazit lautet stumpf): &#8222;Alles super!&#8220; Sabine: Fernweh. Schon immer hatte ich [&hellip;]<\/p>\n","protected":false},"author":4,"featured_media":0,"comment_status":"open","ping_status":"closed","sticky":false,"template":"","format":"standard","meta":{"footnotes":""},"categories":[62,45],"tags":[],"class_list":["post-132507","post","type-post","status-publish","format-standard","hentry","category-karibik","category-allgemein"],"_links":{"self":[{"href":"https:\/\/atanga.de\/index.php?rest_route=\/wp\/v2\/posts\/132507","targetHints":{"allow":["GET"]}}],"collection":[{"href":"https:\/\/atanga.de\/index.php?rest_route=\/wp\/v2\/posts"}],"about":[{"href":"https:\/\/atanga.de\/index.php?rest_route=\/wp\/v2\/types\/post"}],"author":[{"embeddable":true,"href":"https:\/\/atanga.de\/index.php?rest_route=\/wp\/v2\/users\/4"}],"replies":[{"embeddable":true,"href":"https:\/\/atanga.de\/index.php?rest_route=%2Fwp%2Fv2%2Fcomments&post=132507"}],"version-history":[{"count":4,"href":"https:\/\/atanga.de\/index.php?rest_route=\/wp\/v2\/posts\/132507\/revisions"}],"predecessor-version":[{"id":132509,"href":"https:\/\/atanga.de\/index.php?rest_route=\/wp\/v2\/posts\/132507\/revisions\/132509"}],"wp:attachment":[{"href":"https:\/\/atanga.de\/index.php?rest_route=%2Fwp%2Fv2%2Fmedia&parent=132507"}],"wp:term":[{"taxonomy":"category","embeddable":true,"href":"https:\/\/atanga.de\/index.php?rest_route=%2Fwp%2Fv2%2Fcategories&post=132507"},{"taxonomy":"post_tag","embeddable":true,"href":"https:\/\/atanga.de\/index.php?rest_route=%2Fwp%2Fv2%2Ftags&post=132507"}],"curies":[{"name":"wp","href":"https:\/\/api.w.org\/{rel}","templated":true}]}}