{"id":132658,"date":"2017-06-25T13:24:00","date_gmt":"2017-06-25T13:24:00","guid":{"rendered":"http:\/\/atanga.de\/?p=132658"},"modified":"2017-07-06T21:36:53","modified_gmt":"2017-07-06T21:36:53","slug":"adios-providencia","status":"publish","type":"post","link":"https:\/\/atanga.de\/?p=132658","title":{"rendered":"Adios Providencia"},"content":{"rendered":"<p>So., 25.Jun.17, Kolumbien\/Providencia, Tag 1121, 11.213 sm von HH<br \/>\nFast vier Wochen waren wir auf Providencia, der wohl untouristischten Insel in der gesamten Karibik. Ein echter Geheim-Tipp. Die Insel h\u00e4tte das Doppelte an Zeit verdient. Nur irgendwann m\u00fcssen wir weiter und das Wetterfenster (wie ich diesen Begriff hasse) ist gut &#8211; nun, was man so gut nennt (irrelach). Unser Mexiko-Ausflug fordert Rate Nummero zwei: weitere 450 Seemeilen Richtung S\u00fcd-Ost, 105 Grad direkter Kurs. Das wird wohl kaum segelbar sein. Der gleiche Mist, den wir schon auf dem Weg hierher hatten. Aber das Wetterfenster ist ja gut <img src=\"https:\/\/atanga.de\/wp-content\/plugins\/classic-smilies\/img\/icon_eek.gif\" alt=\":shock:\" class=\"wp-smiley\" style=\"height: 1em; max-height: 1em;\" \/>  : Ost Wind mit kleiner Nord-Komponente.<br \/>\nUnser Ziel hei\u00dft Santa Marta. Das liegt im Osten von Kolumbien Festland. Normale Menschen fahren von hier aus nach Panama. 200 Seemeilen, zweieinhalb Tage, fertig, abgearbeitet. Unsere Prognose lautet sieben, acht Tage.<br \/>\nWarum Kolumbien?<br \/>\nGenie\u00dft Kolumbien doch ebenfalls einen zweifelhaften Ruf. Kokain-Mafia, Entf\u00fchrungen westlicher Touristen und die FARC-EP beherrschten die Negativ-Schlagzeilen in den letzten Jahrzehnten. In Segler-Foren gibt es Spielverderber, die vor Maus gro\u00dfen Kakerlaken in Kolumbien warnen. Bis zur 14. Etage sollen die Biester es schaffen.  &#8222;Z\u00e4hle Deine Finger nach, wenn Du einem Kolumbianer die Hand gibst&#8220;, warnen solche Insider. &#8222;Ich bin schon auf der ganzen Welt gereist, mir kannst Du glauben&#8220;, wird als Beweis-F\u00fchrung hinterher geschoben.<br \/>\nAber die gef\u00e4hrlichen Zeiten sind vorbei.  Seit genau einem Jahr (Vertrag vom 22.Juni 2016) herrscht Waffenstillstand zwischen den FARC-EP Guerillak\u00e4mpfern und der kolumbianischen Regierung. Nach \u00fcber 50 Jahren B\u00fcrgerkrieg konnte man sich endlich auf einen Friedensvertrag einigen.<br \/>\n 180 Tage hatten die FARC-EP Mitglieder Zeit, ihre illegalen Waffen an die Vereinten Nationen abzugeben. Die sind rum und das wird ja wohl geklappt haben. <img src=\"https:\/\/atanga.de\/wp-content\/plugins\/classic-smilies\/img\/icon_mrgreen.gif\" alt=\":mrgreen:\" class=\"wp-smiley\" style=\"height: 1em; max-height: 1em;\" \/> Berichte \u00fcber Entf\u00fchrungen von Touristen sind ebenfalls auf Null zur\u00fcck gegangen. Das Ausw\u00e4rtige Amt spricht keine Warnungen mehr aus. Eine gute Nachricht. Wurde doch noch 2010 eine entf\u00fchrte Deutsche verklagt, ihre Befreiungs-Kosten an das Konsulat zur\u00fcck zu erstatten. Die Charter des Hubschraubers, der sie aus dem Dschungel ausflog, belief sich auf 13.000 EUR. Jetzt, so die Vermutung, w\u00e4re so eine Befreiung kostenfrei. <img src=\"https:\/\/atanga.de\/wp-content\/plugins\/classic-smilies\/img\/icon_wink.gif\" alt=\";-)\" class=\"wp-smiley\" style=\"height: 1em; max-height: 1em;\" \/> Bleiben noch die Kakerlaken. Na, mal sehen, ob die weltgereisten Experten Recht behalten werden.<br \/>\nHeute der Bericht von Land mal per Funk, seit zwei Tagen ist das Internet verschwunden.<\/p>\n<div class=\"pld-like-dislike-wrap pld-template-1\">\r\n    <div class=\"pld-like-wrap  pld-common-wrap\">\r\n    <a href=\"javascript:void(0)\" class=\"pld-like-trigger pld-like-dislike-trigger  \" title=\"gef\u00e4llt mir\" data-post-id=\"132658\" data-trigger-type=\"like\" data-restriction=\"cookie\" data-already-liked=\"0\">\r\n                        <i class=\"fas fa-thumbs-up\"><\/i>\r\n                <\/a>\r\n    <span class=\"pld-like-count-wrap pld-count-wrap\">2    <\/span>\r\n<\/div><div class=\"pld-dislike-wrap  pld-common-wrap\">\r\n    <a href=\"javascript:void(0)\" class=\"pld-dislike-trigger pld-like-dislike-trigger  \" title=\"doof\" data-post-id=\"132658\" data-trigger-type=\"dislike\" data-restriction=\"cookie\" data-already-liked=\"0\">\r\n                        <i class=\"fas fa-thumbs-down\"><\/i>\r\n                <\/a>\r\n    <span class=\"pld-dislike-count-wrap pld-count-wrap\"><\/span>\r\n<\/div><\/div>","protected":false},"excerpt":{"rendered":"<p>So., 25.Jun.17, Kolumbien\/Providencia, Tag 1121, 11.213 sm von HH Fast vier Wochen waren wir auf Providencia, der wohl untouristischten Insel in der gesamten Karibik. Ein echter Geheim-Tipp. Die Insel h\u00e4tte das Doppelte an Zeit verdient. Nur irgendwann m\u00fcssen wir weiter und das Wetterfenster (wie ich diesen Begriff hasse) ist gut &#8211; nun, was man so [&hellip;]<\/p>\n","protected":false},"author":4,"featured_media":0,"comment_status":"open","ping_status":"closed","sticky":false,"template":"","format":"standard","meta":{"footnotes":""},"categories":[35,5],"tags":[],"class_list":["post-132658","post","type-post","status-publish","format-standard","hentry","category-auf-see","category-via-email"],"_links":{"self":[{"href":"https:\/\/atanga.de\/index.php?rest_route=\/wp\/v2\/posts\/132658","targetHints":{"allow":["GET"]}}],"collection":[{"href":"https:\/\/atanga.de\/index.php?rest_route=\/wp\/v2\/posts"}],"about":[{"href":"https:\/\/atanga.de\/index.php?rest_route=\/wp\/v2\/types\/post"}],"author":[{"embeddable":true,"href":"https:\/\/atanga.de\/index.php?rest_route=\/wp\/v2\/users\/4"}],"replies":[{"embeddable":true,"href":"https:\/\/atanga.de\/index.php?rest_route=%2Fwp%2Fv2%2Fcomments&post=132658"}],"version-history":[{"count":1,"href":"https:\/\/atanga.de\/index.php?rest_route=\/wp\/v2\/posts\/132658\/revisions"}],"predecessor-version":[{"id":132690,"href":"https:\/\/atanga.de\/index.php?rest_route=\/wp\/v2\/posts\/132658\/revisions\/132690"}],"wp:attachment":[{"href":"https:\/\/atanga.de\/index.php?rest_route=%2Fwp%2Fv2%2Fmedia&parent=132658"}],"wp:term":[{"taxonomy":"category","embeddable":true,"href":"https:\/\/atanga.de\/index.php?rest_route=%2Fwp%2Fv2%2Fcategories&post=132658"},{"taxonomy":"post_tag","embeddable":true,"href":"https:\/\/atanga.de\/index.php?rest_route=%2Fwp%2Fv2%2Ftags&post=132658"}],"curies":[{"name":"wp","href":"https:\/\/api.w.org\/{rel}","templated":true}]}}