{"id":132684,"date":"2017-07-06T21:36:28","date_gmt":"2017-07-06T21:36:28","guid":{"rendered":"http:\/\/atanga.de\/?p=132684"},"modified":"2017-07-06T21:36:28","modified_gmt":"2017-07-06T21:36:28","slug":"unsere-plaene-in-santa-marta","status":"publish","type":"post","link":"https:\/\/atanga.de\/?p=132684","title":{"rendered":"Unsere Pl\u00e4ne in Santa Marta"},"content":{"rendered":"<p><em>Do., 06.Jul.17, Kolumbien\/Santa Marta, Tag 1132, 11.850 sm von HH<\/p>\n<p><\/em><\/p>\n<p>Sich Santa Marta von See zu n\u00e4hern, darf als Entt\u00e4uschung bezeichnet werden.<br \/>\nVor einer typisch S\u00fcdamerikanischen Hochhaus-Kulisse liegen ein paar Frachter auf Reede. Rechts und Links ein paar begr\u00fcnte H\u00fcgel, ein baumloser Strand. Die Hauptattraktion, die &#8218;Sierra Nevada de Santa Marta&#8216;, fast 6.000 Meter hoch, ist in Regenwolken verborgen.<\/p>\n<p>Im Slalom an den Frachtern vorbei suchen wir unseren Weg in die Marina. Die allerdings ist nagelneu und liegt mitten im Zentrum.<br \/>\nEine echte Stadt-Marina. Auch mal sch\u00f6n nach den ganzen ruhigen Pl\u00e4tzen etwas Leben um sich herum zu haben. In f\u00fcnf Minuten sind wir im &#8218;Centro historico&#8216;.<br \/>\nVom nahen Stadtstrand und der Stra\u00dfe schallt der L\u00e4rm her\u00fcber. Gerade so laut, dass er nicht st\u00f6rt. Lateinamerikanische Kl\u00e4ge oder auch mal ACDC oder Madonna sind zu h\u00f6ren. Lebendig.<\/p>\n\n\t\t<style type=\"text\/css\">\n\t\t\t#gallery-1 {\n\t\t\t\tmargin: auto;\n\t\t\t}\n\t\t\t#gallery-1 .gallery-item {\n\t\t\t\tfloat: left;\n\t\t\t\tmargin-top: 10px;\n\t\t\t\ttext-align: center;\n\t\t\t\twidth: 33%;\n\t\t\t}\n\t\t\t#gallery-1 img {\n\t\t\t\tborder: 2px solid #cfcfcf;\n\t\t\t}\n\t\t\t#gallery-1 .gallery-caption {\n\t\t\t\tmargin-left: 0;\n\t\t\t}\n\t\t\t\/* see gallery_shortcode() in wp-includes\/media.php *\/\n\t\t<\/style>\n\t\t<div id='gallery-1' class='gallery galleryid-132684 gallery-columns-3 gallery-size-thumbnail'><dl class='gallery-item'>\n\t\t\t<dt class='gallery-icon landscape'>\n\t\t\t\t<a class=\"boxersandswipers\" title=\"Santa Marta &#8211; im Hintergrund die Berge ;-)\" href='https:\/\/atanga.de\/wp-content\/uploads\/2017\/07\/Santa-Marta-im-Hintergrund-die-Berge-.jpg'><img decoding=\"async\" width=\"150\" height=\"150\" src=\"https:\/\/atanga.de\/wp-content\/uploads\/2017\/07\/Santa-Marta-im-Hintergrund-die-Berge--150x150.jpg\" class=\"attachment-thumbnail size-thumbnail\" alt=\"Santa Marta - im Hintergrund die Berge\" aria-describedby=\"gallery-1-132686\" \/><\/a>\n\t\t\t<\/dt>\n\t\t\t\t<dd class='wp-caption-text gallery-caption' id='gallery-1-132686'>\n\t\t\t\tSanta Marta &#8211; im Hintergrund die Berge <img src=\"https:\/\/atanga.de\/wp-content\/plugins\/classic-smilies\/img\/icon_wink.gif\" alt=\";-)\" class=\"wp-smiley\" style=\"height: 1em; max-height: 1em;\" \/>\n\t\t\t\t<\/dd><\/dl><dl class='gallery-item'>\n\t\t\t<dt class='gallery-icon landscape'>\n\t\t\t\t<a class=\"boxersandswipers\" title=\"An den Frachtern vorbei in die Marina\" href='https:\/\/atanga.de\/wp-content\/uploads\/2017\/07\/An-den-Frachtern-vorbei-in-die-Marina.jpg'><img decoding=\"async\" width=\"150\" height=\"150\" src=\"https:\/\/atanga.de\/wp-content\/uploads\/2017\/07\/An-den-Frachtern-vorbei-in-die-Marina-150x150.jpg\" class=\"attachment-thumbnail size-thumbnail\" alt=\"An den Frachtern vorbei in die Marina\" aria-describedby=\"gallery-1-132685\" \/><\/a>\n\t\t\t<\/dt>\n\t\t\t\t<dd class='wp-caption-text gallery-caption' id='gallery-1-132685'>\n\t\t\t\tAn den Frachtern vorbei in die Marina\n\t\t\t\t<\/dd><\/dl><dl class='gallery-item'>\n\t\t\t<dt class='gallery-icon landscape'>\n\t\t\t\t<a class=\"boxersandswipers\" title=\"Stadtstrand neben der Marina\" href='https:\/\/atanga.de\/wp-content\/uploads\/2017\/07\/Stadtstrand-neben-der-Marina.jpg'><img decoding=\"async\" width=\"150\" height=\"150\" src=\"https:\/\/atanga.de\/wp-content\/uploads\/2017\/07\/Stadtstrand-neben-der-Marina-150x150.jpg\" class=\"attachment-thumbnail size-thumbnail\" alt=\"Stadtstrand neben der Marina\" aria-describedby=\"gallery-1-132687\" \/><\/a>\n\t\t\t<\/dt>\n\t\t\t\t<dd class='wp-caption-text gallery-caption' id='gallery-1-132687'>\n\t\t\t\tStadtstrand neben der Marina\n\t\t\t\t<\/dd><\/dl><br style=\"clear: both\" \/>\n\t\t<\/div>\n\n<p>In die sauberen, aber kalten Duschen der Marina kommt man per Fingerabdruck-Scan.<br \/>\nSehr praktisch, steht man so nie wie der letzte Trottel ohne Zugangskarte vor verschlossener T\u00fcr. Jetzt nur aufpassen, dass man keinem Kolumbianer die Hand gibt. <img src=\"https:\/\/atanga.de\/wp-content\/plugins\/classic-smilies\/img\/icon_lol.gif\" alt=\":lol:\" class=\"wp-smiley\" style=\"height: 1em; max-height: 1em;\" \/><\/p>\n<p>Die Mitarbeiter sind super nett und hilfsbereit. Alle Gewerke sind vor Ort. Nix Kunde droht mit Auftrag, an Tag zwei war schon der Rigger da, ein Angebot ist in Arbeit. Morgen kommt der Persenning -Mann. Aber hallo.<\/p>\n<p>Diese Marina wird f\u00fcr die n\u00e4chsten Monate unser zu Hause sein.<br \/>\nHier wollen wir \u00fcbersommern und die Hurrikan-Saison verbringen. Kolumbien bietet sich gut daf\u00fcr an. Hurrikane kommen hier nicht mehr an.<\/p>\n<p>Ohne Visum d\u00fcrfen wir 180 Tage im Kalenderjahr bleiben, alles sehr einfach. Die Kolumbianer gelten als freundlich, Lebenshaltungskosten sind moderat. Abgesehen von Liegegeb\u00fchren.<\/p>\n<p>Warum die Marina in Santa Marta und nicht das nahe gelegene Cartagena, dem Sahnetr\u00fcffel unter den St\u00e4dten in der Karibik?<br \/>\nHier ist\u00a0die Marina\u00a0preiswerter. Und das ist noch teuer. Ein Tages-Liegeplatz ist mit 65,00 EUR unbezahlbar. Ein Monat kostet auch noch 950 EUR. Bleibt man mindestens drei Monate, dann wird es interessant. Da ist durch 30% Rabatt der dritte Monat umsonst. <img src=\"https:\/\/atanga.de\/wp-content\/plugins\/classic-smilies\/img\/icon_smile.gif\" alt=\":-)\" class=\"wp-smiley\" style=\"height: 1em; max-height: 1em;\" \/><\/p>\n<p>Cartagena ist mit einer Million Einwohner doppelt so gro\u00df wie Cartagena. Uns reicht diese Gr\u00f6\u00dfe.<br \/>\nUnd mit Sicherheit ist Cartagena sehr touristisch. Jeder Kolumbien-Besucher will die Festung von Cartagena sehen.<br \/>\nWir auch, vier Stunden Bus-Fahrt und wir sind da. So der Plan.<\/p>\n<p>Von Santa Marta aus werden wir im August nach Hause fliegen und unsere geplanten Inlands-Touren unternehmen. Alles gut von hier aus zu organisieren.<br \/>\nUnd es sind einige Arbeiten am Schiff f\u00e4llig. Der Lack ist ab. Drei Jahre hinterlassen ihre Spuren.<br \/>\nEnde des Jahres ziehen wir dann weiter. Der Panama Kanal und der gigantische Pazifik warten.<\/p>\n<div class=\"pld-like-dislike-wrap pld-template-1\">\r\n    <div class=\"pld-like-wrap  pld-common-wrap\">\r\n    <a href=\"javascript:void(0)\" class=\"pld-like-trigger pld-like-dislike-trigger  \" title=\"gef\u00e4llt mir\" data-post-id=\"132684\" data-trigger-type=\"like\" data-restriction=\"cookie\" data-already-liked=\"0\">\r\n                        <i class=\"fas fa-thumbs-up\"><\/i>\r\n                <\/a>\r\n    <span class=\"pld-like-count-wrap pld-count-wrap\">3    <\/span>\r\n<\/div><div class=\"pld-dislike-wrap  pld-common-wrap\">\r\n    <a href=\"javascript:void(0)\" class=\"pld-dislike-trigger pld-like-dislike-trigger  \" title=\"doof\" data-post-id=\"132684\" data-trigger-type=\"dislike\" data-restriction=\"cookie\" data-already-liked=\"0\">\r\n                        <i class=\"fas fa-thumbs-down\"><\/i>\r\n                <\/a>\r\n    <span class=\"pld-dislike-count-wrap pld-count-wrap\"><\/span>\r\n<\/div><\/div>","protected":false},"excerpt":{"rendered":"<p>Do., 06.Jul.17, Kolumbien\/Santa Marta, Tag 1132, 11.850 sm von HH Sich Santa Marta von See zu n\u00e4hern, darf als Entt\u00e4uschung bezeichnet werden. Vor einer typisch S\u00fcdamerikanischen Hochhaus-Kulisse liegen ein paar Frachter auf Reede. Rechts und Links ein paar begr\u00fcnte H\u00fcgel, ein baumloser Strand. Die Hauptattraktion, die &#8218;Sierra Nevada de Santa Marta&#8216;, fast 6.000 Meter hoch, [&hellip;]<\/p>\n","protected":false},"author":4,"featured_media":0,"comment_status":"open","ping_status":"closed","sticky":false,"template":"","format":"standard","meta":{"footnotes":""},"categories":[79,36,62],"tags":[],"class_list":["post-132684","post","type-post","status-publish","format-standard","hentry","category-kolumbien","category-landausfluege","category-karibik"],"_links":{"self":[{"href":"https:\/\/atanga.de\/index.php?rest_route=\/wp\/v2\/posts\/132684","targetHints":{"allow":["GET"]}}],"collection":[{"href":"https:\/\/atanga.de\/index.php?rest_route=\/wp\/v2\/posts"}],"about":[{"href":"https:\/\/atanga.de\/index.php?rest_route=\/wp\/v2\/types\/post"}],"author":[{"embeddable":true,"href":"https:\/\/atanga.de\/index.php?rest_route=\/wp\/v2\/users\/4"}],"replies":[{"embeddable":true,"href":"https:\/\/atanga.de\/index.php?rest_route=%2Fwp%2Fv2%2Fcomments&post=132684"}],"version-history":[{"count":2,"href":"https:\/\/atanga.de\/index.php?rest_route=\/wp\/v2\/posts\/132684\/revisions"}],"predecessor-version":[{"id":132689,"href":"https:\/\/atanga.de\/index.php?rest_route=\/wp\/v2\/posts\/132684\/revisions\/132689"}],"wp:attachment":[{"href":"https:\/\/atanga.de\/index.php?rest_route=%2Fwp%2Fv2%2Fmedia&parent=132684"}],"wp:term":[{"taxonomy":"category","embeddable":true,"href":"https:\/\/atanga.de\/index.php?rest_route=%2Fwp%2Fv2%2Fcategories&post=132684"},{"taxonomy":"post_tag","embeddable":true,"href":"https:\/\/atanga.de\/index.php?rest_route=%2Fwp%2Fv2%2Ftags&post=132684"}],"curies":[{"name":"wp","href":"https:\/\/api.w.org\/{rel}","templated":true}]}}