{"id":133171,"date":"2017-10-11T00:48:42","date_gmt":"2017-10-11T00:48:42","guid":{"rendered":"http:\/\/atanga.de\/?p=133171"},"modified":"2017-10-11T00:48:42","modified_gmt":"2017-10-11T00:48:42","slug":"san-andres-in-tierradentro","status":"publish","type":"post","link":"https:\/\/atanga.de\/?p=133171","title":{"rendered":"San Andr\u00e9s in Tierradentro"},"content":{"rendered":"<p><em>Fr.\/Sa., 06.\/07.Okt.17, Kolumbien\/San Andr\u00e9s, Tag 1224\/5, 11.850 sm von HH<br \/>\n<\/em><br \/>\nIn San Andr\u00e9s wohnen die wohl\u00a0fr\u00f6hlichsten und nettesten Menschen der Welt: \u201eHallo. Wie geht\u2019s? Einen gl\u00fccklichen Tag f\u00fcr euch.\u201c, schallt es uns entgegen. Das L\u00e4cheln ist ehrlich und die Kinder strahlen.<br \/>\nUntereinander wird gescherzt und gelacht. Man neckt sich. Jeder hat f\u00fcr den anderen ein L\u00e4cheln.<\/p>\n<div id=\"attachment_133172\" style=\"width: 635px\" class=\"wp-caption alignleft\"><img decoding=\"async\" aria-describedby=\"caption-attachment-133172\" class=\"size-large wp-image-133172\" src=\"https:\/\/atanga.de\/wp-content\/uploads\/2017\/10\/Die-freundlichsten-Kinder-gibt-es-in-San-Andr\u00e9s-1038x648.jpg\" alt=\"Die freundlichsten Kinder der Welt gibt es in San Andr\u00e9s\" width=\"625\" height=\"390\" srcset=\"https:\/\/atanga.de\/wp-content\/uploads\/2017\/10\/Die-freundlichsten-Kinder-gibt-es-in-San-Andr\u00e9s-1038x648.jpg 1038w, https:\/\/atanga.de\/wp-content\/uploads\/2017\/10\/Die-freundlichsten-Kinder-gibt-es-in-San-Andr\u00e9s-300x187.jpg 300w, https:\/\/atanga.de\/wp-content\/uploads\/2017\/10\/Die-freundlichsten-Kinder-gibt-es-in-San-Andr\u00e9s-768x479.jpg 768w, https:\/\/atanga.de\/wp-content\/uploads\/2017\/10\/Die-freundlichsten-Kinder-gibt-es-in-San-Andr\u00e9s-624x389.jpg 624w\" sizes=\"(max-width: 625px) 100vw, 625px\" \/><p id=\"caption-attachment-133172\" class=\"wp-caption-text\">Die freundlichsten Kinder der Welt gibt es in San Andr\u00e9s<\/p><\/div>\n<p>&nbsp;<\/p>\n<p>Es sind die &#8218;Nasa&#8216;, die im Tierradentro wohnen.<br \/>\nAls die Spanier 1539 in ihr Land kamen rief der H\u00e4uptling Juanchemo: \u201eTierradentro geh\u00f6rt den Nasa. Die Nasa, die ihr Blut niemals mit anderen mischen.\u201c<\/p>\n<p>So scheint es bis heute zu sein. Sehr h\u00fcbsche, kleinw\u00fcchsige Menschen sind die Nasa. Nicht so zart, wie die Kogi und nicht so blass. Die H\u00f6henluft malt rote Wangen.<br \/>\nUnd ihre Freundlichkeit sucht ihres gleichen.<\/p>\n<p>Das Tal in San Andr\u00e9s beherbergt das Weltnaturerbe Tierradentro: In das Tuffstein geschlagene Grabkammern in f\u00fcnf bis\u00a0acht Meter Tiefe. Die Kammern sind unterschiedlich ausgeschm\u00fcckt, die Pr\u00e4chtigsten haben zwei S\u00e4ulen, um das Gew\u00f6lbe zu tragen.<br \/>\nEs handelt sich um Sammelgr\u00e4ber, die bis zu vierzig Urnen aufnahmen.<\/p>\n<p>\u00dcber die Urheber dieser Grabkammern ist wenig bekannt. Die verloschene Kultur von Tierradentro pflegte ihren Begr\u00e4bniskult in zwei aufeinanderfolgenden Bestattungen. Der Verstorbene wurde zun\u00e4chst in geringer Tiefe begraben. Wenn nur noch das Skelett \u00fcbrig war, wurde die Leiche exhumiert und in einer Urne in einer der Kammern beigesetzt.<\/p>\n<p>Das Alter der Skelette wurde auf 870 vor Chr. bis 600 n.Chr. datiert.<br \/>\nDie Grabkammern sind einmalig in gesamt Amerika. \u00dcber einhundert Gr\u00e4ber hat man bislang in Tierradentro gefunden.<\/p>\n\n\t\t<style type=\"text\/css\">\n\t\t\t#gallery-1 {\n\t\t\t\tmargin: auto;\n\t\t\t}\n\t\t\t#gallery-1 .gallery-item {\n\t\t\t\tfloat: left;\n\t\t\t\tmargin-top: 10px;\n\t\t\t\ttext-align: center;\n\t\t\t\twidth: 25%;\n\t\t\t}\n\t\t\t#gallery-1 img {\n\t\t\t\tborder: 2px solid #cfcfcf;\n\t\t\t}\n\t\t\t#gallery-1 .gallery-caption {\n\t\t\t\tmargin-left: 0;\n\t\t\t}\n\t\t\t\/* see gallery_shortcode() in wp-includes\/media.php *\/\n\t\t<\/style>\n\t\t<div id='gallery-1' class='gallery galleryid-133171 gallery-columns-4 gallery-size-thumbnail'><dl class='gallery-item'>\n\t\t\t<dt class='gallery-icon landscape'>\n\t\t\t\t<a class=\"boxersandswipers\" title=\"Auf riesigen Stufen\" href='https:\/\/atanga.de\/wp-content\/uploads\/2017\/10\/auf-riesigen-Stufen.jpg'><img decoding=\"async\" width=\"150\" height=\"150\" src=\"https:\/\/atanga.de\/wp-content\/uploads\/2017\/10\/auf-riesigen-Stufen-150x150.jpg\" class=\"attachment-thumbnail size-thumbnail\" alt=\"Auf riesigen Stufen\" aria-describedby=\"gallery-1-133175\" \/><\/a>\n\t\t\t<\/dt>\n\t\t\t\t<dd class='wp-caption-text gallery-caption' id='gallery-1-133175'>\n\t\t\t\tAuf riesigen Stufen\n\t\t\t\t<\/dd><\/dl><dl class='gallery-item'>\n\t\t\t<dt class='gallery-icon landscape'>\n\t\t\t\t<a class=\"boxersandswipers\" title=\"geht es runter\" href='https:\/\/atanga.de\/wp-content\/uploads\/2017\/10\/geht-es-runter.jpg'><img decoding=\"async\" width=\"150\" height=\"150\" src=\"https:\/\/atanga.de\/wp-content\/uploads\/2017\/10\/geht-es-runter-150x150.jpg\" class=\"attachment-thumbnail size-thumbnail\" alt=\"geht es runter\" aria-describedby=\"gallery-1-133177\" \/><\/a>\n\t\t\t<\/dt>\n\t\t\t\t<dd class='wp-caption-text gallery-caption' id='gallery-1-133177'>\n\t\t\t\tgeht es runter\n\t\t\t\t<\/dd><\/dl><dl class='gallery-item'>\n\t\t\t<dt class='gallery-icon landscape'>\n\t\t\t\t<a class=\"boxersandswipers\" title=\"bis acht Meter unter die Erde\" href='https:\/\/atanga.de\/wp-content\/uploads\/2017\/10\/bis-f\u00fcnf-Meter-unter-die-Erde.jpg'><img decoding=\"async\" width=\"150\" height=\"150\" src=\"https:\/\/atanga.de\/wp-content\/uploads\/2017\/10\/bis-f\u00fcnf-Meter-unter-die-Erde-150x150.jpg\" class=\"attachment-thumbnail size-thumbnail\" alt=\"bis acht Meter unter die Erde\" aria-describedby=\"gallery-1-133176\" \/><\/a>\n\t\t\t<\/dt>\n\t\t\t\t<dd class='wp-caption-text gallery-caption' id='gallery-1-133176'>\n\t\t\t\tbis acht Meter unter die Erde\n\t\t\t\t<\/dd><\/dl><dl class='gallery-item'>\n\t\t\t<dt class='gallery-icon landscape'>\n\t\t\t\t<a class=\"boxersandswipers\" title=\"Typische Urne aus einer Grabkammer\" href='https:\/\/atanga.de\/wp-content\/uploads\/2017\/10\/Urne-aus-der-Grabkammer.jpg'><img decoding=\"async\" width=\"150\" height=\"150\" src=\"https:\/\/atanga.de\/wp-content\/uploads\/2017\/10\/Urne-aus-der-Grabkammer-150x150.jpg\" class=\"attachment-thumbnail size-thumbnail\" alt=\"Typische Urne aus einer Grabkammer\" aria-describedby=\"gallery-1-133183\" \/><\/a>\n\t\t\t<\/dt>\n\t\t\t\t<dd class='wp-caption-text gallery-caption' id='gallery-1-133183'>\n\t\t\t\tTypische Urne aus einer Grabkammer\n\t\t\t\t<\/dd><\/dl><br style=\"clear: both\" \/><dl class='gallery-item'>\n\t\t\t<dt class='gallery-icon landscape'>\n\t\t\t\t<a class=\"boxersandswipers\" title=\"Grabkammer\" href='https:\/\/atanga.de\/wp-content\/uploads\/2017\/10\/Grabkammer.jpg'><img decoding=\"async\" width=\"150\" height=\"150\" src=\"https:\/\/atanga.de\/wp-content\/uploads\/2017\/10\/Grabkammer-150x150.jpg\" class=\"attachment-thumbnail size-thumbnail\" alt=\"Grabkammer\" aria-describedby=\"gallery-1-133180\" \/><\/a>\n\t\t\t<\/dt>\n\t\t\t\t<dd class='wp-caption-text gallery-caption' id='gallery-1-133180'>\n\t\t\t\tGrabkammer\n\t\t\t\t<\/dd><\/dl><dl class='gallery-item'>\n\t\t\t<dt class='gallery-icon landscape'>\n\t\t\t\t<a class=\"boxersandswipers\" title=\"mit geheimnisvollen\" href='https:\/\/atanga.de\/wp-content\/uploads\/2017\/10\/mit-geheimnisvollen.jpg'><img decoding=\"async\" width=\"150\" height=\"150\" src=\"https:\/\/atanga.de\/wp-content\/uploads\/2017\/10\/mit-geheimnisvollen-150x150.jpg\" class=\"attachment-thumbnail size-thumbnail\" alt=\"mit geheimnisvollen\" aria-describedby=\"gallery-1-133181\" \/><\/a>\n\t\t\t<\/dt>\n\t\t\t\t<dd class='wp-caption-text gallery-caption' id='gallery-1-133181'>\n\t\t\t\tmit geheimnisvollen\n\t\t\t\t<\/dd><\/dl><dl class='gallery-item'>\n\t\t\t<dt class='gallery-icon landscape'>\n\t\t\t\t<a class=\"boxersandswipers\" title=\"Gesichtern\" href='https:\/\/atanga.de\/wp-content\/uploads\/2017\/10\/Gesichtern.jpg'><img decoding=\"async\" width=\"150\" height=\"150\" src=\"https:\/\/atanga.de\/wp-content\/uploads\/2017\/10\/Gesichtern-150x150.jpg\" class=\"attachment-thumbnail size-thumbnail\" alt=\"Gesichtern\" aria-describedby=\"gallery-1-133178\" \/><\/a>\n\t\t\t<\/dt>\n\t\t\t\t<dd class='wp-caption-text gallery-caption' id='gallery-1-133178'>\n\t\t\t\tGesichtern\n\t\t\t\t<\/dd><\/dl><dl class='gallery-item'>\n\t\t\t<dt class='gallery-icon landscape'>\n\t\t\t\t<a class=\"boxersandswipers\" title=\"und Malereien\" href='https:\/\/atanga.de\/wp-content\/uploads\/2017\/10\/und-Malereien.jpg'><img decoding=\"async\" width=\"150\" height=\"150\" src=\"https:\/\/atanga.de\/wp-content\/uploads\/2017\/10\/und-Malereien-150x150.jpg\" class=\"attachment-thumbnail size-thumbnail\" alt=\"und Malereien\" aria-describedby=\"gallery-1-133182\" \/><\/a>\n\t\t\t<\/dt>\n\t\t\t\t<dd class='wp-caption-text gallery-caption' id='gallery-1-133182'>\n\t\t\t\tund Malereien\n\t\t\t\t<\/dd><\/dl><br style=\"clear: both\" \/>\n\t\t<\/div>\n\n<p>Die Nasa lehnen es kategorisch ab, die Nachfahren der geheimnisvollen Baumeister der Grabkammern zu sein. Eine m\u00f6gliche Erkl\u00e4rung ist, dass die Nasa mit den Erbauern verfeindet waren und sie vertrieben haben.<\/p>\n<p>Neben den Gr\u00e4bern ist es vor allem die beeindruckende Landschaft weswegen man nach Tierradentro reist. Aber das machen nur wenige. Die erschwerte Anreise und der schlechte Ruf der Region, einst den Guerillas Unterschlupf gew\u00e4hrt zu haben, schreckt Touristen ab.<\/p>\n<div id=\"attachment_133188\" style=\"width: 810px\" class=\"wp-caption alignleft\"><img decoding=\"async\" aria-describedby=\"caption-attachment-133188\" class=\"size-full wp-image-133188\" src=\"https:\/\/atanga.de\/wp-content\/uploads\/2017\/10\/Anden.jpg\" alt=\"Die Anden - in der Ferne noch \u00fcber 5000 Meter\" width=\"800\" height=\"605\" srcset=\"https:\/\/atanga.de\/wp-content\/uploads\/2017\/10\/Anden.jpg 800w, https:\/\/atanga.de\/wp-content\/uploads\/2017\/10\/Anden-300x227.jpg 300w, https:\/\/atanga.de\/wp-content\/uploads\/2017\/10\/Anden-768x581.jpg 768w, https:\/\/atanga.de\/wp-content\/uploads\/2017\/10\/Anden-624x472.jpg 624w\" sizes=\"(max-width: 800px) 100vw, 800px\" \/><p id=\"caption-attachment-133188\" class=\"wp-caption-text\">Die Anden &#8211; in der Ferne noch \u00fcber 5000 Meter<\/p><\/div>\n<p>&nbsp;<\/p>\n<p>&nbsp;<\/p>\n<p>&nbsp;<\/p>\n<p>Wir kommen in einem tollen Posada (=Pension) unter. Gro\u00dfz\u00fcgiges, sauberes Zimmer mit hei\u00dfem Wasser, sagt die Eigenwerbung. Das ist wichtig, wir sind auf 1750 Meter und nachts f\u00e4llt die Temperatur auf 10 Grad.<\/p>\n<p>Tags\u00fcber bei unseren Wanderungen zu den Gr\u00e4bern und in das benachbarte Tal, ist es angenehm. Nicht zu hei\u00df, um steile 500 H\u00f6henmeter zu erklimmen.<br \/>\nUnser Reisef\u00fchrer ist ein Miesepeter: &#8222;Um diese Jahreszeit wird der Regen gelegentlich von Nieselregen abgel\u00f6st.&#8220;<br \/>\nGar nicht wahr, wir haben nur Sonnenschein. <img src=\"https:\/\/atanga.de\/wp-content\/plugins\/classic-smilies\/img\/icon_smile.gif\" alt=\":-)\" class=\"wp-smiley\" style=\"height: 1em; max-height: 1em;\" \/><\/p>\n\n\t\t<style type=\"text\/css\">\n\t\t\t#gallery-2 {\n\t\t\t\tmargin: auto;\n\t\t\t}\n\t\t\t#gallery-2 .gallery-item {\n\t\t\t\tfloat: left;\n\t\t\t\tmargin-top: 10px;\n\t\t\t\ttext-align: center;\n\t\t\t\twidth: 25%;\n\t\t\t}\n\t\t\t#gallery-2 img {\n\t\t\t\tborder: 2px solid #cfcfcf;\n\t\t\t}\n\t\t\t#gallery-2 .gallery-caption {\n\t\t\t\tmargin-left: 0;\n\t\t\t}\n\t\t\t\/* see gallery_shortcode() in wp-includes\/media.php *\/\n\t\t<\/style>\n\t\t<div id='gallery-2' class='gallery galleryid-133171 gallery-columns-4 gallery-size-thumbnail'><dl class='gallery-item'>\n\t\t\t<dt class='gallery-icon landscape'>\n\t\t\t\t<a class=\"boxersandswipers\" title=\"Letzte n\u00f6rdliche Ausl\u00e4ufer der Anden\" href='https:\/\/atanga.de\/wp-content\/uploads\/2017\/10\/Anden-2.jpg'><img decoding=\"async\" width=\"150\" height=\"150\" src=\"https:\/\/atanga.de\/wp-content\/uploads\/2017\/10\/Anden-2-150x150.jpg\" class=\"attachment-thumbnail size-thumbnail\" alt=\"Letzte n\u00f6rdliche Ausl\u00e4ufer der Anden\" aria-describedby=\"gallery-2-133187\" \/><\/a>\n\t\t\t<\/dt>\n\t\t\t\t<dd class='wp-caption-text gallery-caption' id='gallery-2-133187'>\n\t\t\t\tLetzte n\u00f6rdliche Ausl\u00e4ufer der Anden\n\t\t\t\t<\/dd><\/dl><dl class='gallery-item'>\n\t\t\t<dt class='gallery-icon landscape'>\n\t\t\t\t<a class=\"boxersandswipers\" title=\"Berg-Wandern bei perfekten 22 Grad\" href='https:\/\/atanga.de\/wp-content\/uploads\/2017\/10\/Berg-Wandern.jpg'><img decoding=\"async\" width=\"150\" height=\"150\" src=\"https:\/\/atanga.de\/wp-content\/uploads\/2017\/10\/Berg-Wandern-150x150.jpg\" class=\"attachment-thumbnail size-thumbnail\" alt=\"Berg-Wandern bei perfekten 22 Grad\" aria-describedby=\"gallery-2-133189\" \/><\/a>\n\t\t\t<\/dt>\n\t\t\t\t<dd class='wp-caption-text gallery-caption' id='gallery-2-133189'>\n\t\t\t\tBerg-Wandern bei perfekten 22 Grad\n\t\t\t\t<\/dd><\/dl><dl class='gallery-item'>\n\t\t\t<dt class='gallery-icon landscape'>\n\t\t\t\t<a class=\"boxersandswipers\" title=\"grandios\" href='https:\/\/atanga.de\/wp-content\/uploads\/2017\/10\/grandiose-Anden.jpg'><img decoding=\"async\" width=\"150\" height=\"150\" src=\"https:\/\/atanga.de\/wp-content\/uploads\/2017\/10\/grandiose-Anden-150x150.jpg\" class=\"attachment-thumbnail size-thumbnail\" alt=\"grandios\" aria-describedby=\"gallery-2-133190\" \/><\/a>\n\t\t\t<\/dt>\n\t\t\t\t<dd class='wp-caption-text gallery-caption' id='gallery-2-133190'>\n\t\t\t\tgrandios\n\t\t\t\t<\/dd><\/dl><dl class='gallery-item'>\n\t\t\t<dt class='gallery-icon landscape'>\n\t\t\t\t<a class=\"boxersandswipers\" title=\"Pausen-Idylle\" href='https:\/\/atanga.de\/wp-content\/uploads\/2017\/10\/Pausen-Idylle.jpg'><img decoding=\"async\" width=\"150\" height=\"150\" src=\"https:\/\/atanga.de\/wp-content\/uploads\/2017\/10\/Pausen-Idylle-150x150.jpg\" class=\"attachment-thumbnail size-thumbnail\" alt=\"Pausen-Idylle\" aria-describedby=\"gallery-2-133191\" \/><\/a>\n\t\t\t<\/dt>\n\t\t\t\t<dd class='wp-caption-text gallery-caption' id='gallery-2-133191'>\n\t\t\t\tPausen-Idylle\n\t\t\t\t<\/dd><\/dl><br style=\"clear: both\" \/>\n\t\t<\/div>\n\n<p>Die H\u00e4nge der Anden sind landwirtschaftlich genutzt von Klein-Bauern, die m\u00fchselig Kaffee, Bananen und Zuckerrohr anbauen. In den steilen H\u00e4ngen muss die Ernte ein Knochen-Job sein.<br \/>\nNur die H\u00f6fe nahe an den D\u00f6rfern haben Strom. Auf den Luxus von hei\u00dfem Wasser m\u00fcssen wohl die meisten verzichten.<\/p>\n<p>Unsere Wanderwege sind ihre Arbeitswege, um von den bescheidenen H\u00fctten zu den Feldern zu gelangen. Dazwischen Z\u00e4une mit Vieh-T\u00fcren, die K\u00fche und Ziegen von den Feldern fernhalten sollen.<\/p>\n<p>D\u00f6rfer, Wege und H\u00e4user wirken wie poliert. Nirgends liegt M\u00fcll herum, alles ist aufger\u00e4umt und sortiert. Die H\u00fctten sind in alter Bauweise mit Bambus (der hier meterhoch in den Himmel w\u00e4chst) gebaut. Zwischen dem Bambus werden schlichte Ziegel gemauert.<\/p>\n<p>Br\u00fccken, Z\u00e4une, \u00fcberall wird der Bambus verwertet, der schon mit zehn Zentimeter Durchmesser aus der Erde schie\u00dft. Unglaublich, diese Spr\u00f6sslinge.<\/p>\n\n\t\t<style type=\"text\/css\">\n\t\t\t#gallery-3 {\n\t\t\t\tmargin: auto;\n\t\t\t}\n\t\t\t#gallery-3 .gallery-item {\n\t\t\t\tfloat: left;\n\t\t\t\tmargin-top: 10px;\n\t\t\t\ttext-align: center;\n\t\t\t\twidth: 33%;\n\t\t\t}\n\t\t\t#gallery-3 img {\n\t\t\t\tborder: 2px solid #cfcfcf;\n\t\t\t}\n\t\t\t#gallery-3 .gallery-caption {\n\t\t\t\tmargin-left: 0;\n\t\t\t}\n\t\t\t\/* see gallery_shortcode() in wp-includes\/media.php *\/\n\t\t<\/style>\n\t\t<div id='gallery-3' class='gallery galleryid-133171 gallery-columns-3 gallery-size-thumbnail'><dl class='gallery-item'>\n\t\t\t<dt class='gallery-icon landscape'>\n\t\t\t\t<a class=\"boxersandswipers\" title=\"Bambus-Br\u00fccke\" href='https:\/\/atanga.de\/wp-content\/uploads\/2017\/10\/Bambus-Br\u00fccke.jpg'><img decoding=\"async\" width=\"150\" height=\"150\" src=\"https:\/\/atanga.de\/wp-content\/uploads\/2017\/10\/Bambus-Br\u00fccke-150x150.jpg\" class=\"attachment-thumbnail size-thumbnail\" alt=\"Bambus-Br\u00fccke\" aria-describedby=\"gallery-3-133194\" \/><\/a>\n\t\t\t<\/dt>\n\t\t\t\t<dd class='wp-caption-text gallery-caption' id='gallery-3-133194'>\n\t\t\t\tBambus-Br\u00fccke\n\t\t\t\t<\/dd><\/dl><dl class='gallery-item'>\n\t\t\t<dt class='gallery-icon portrait'>\n\t\t\t\t<a class=\"boxersandswipers\" title=\"Bambus Sch\u00f6\u00dfling bereits mit 10 cm Durchmesser\" href='https:\/\/atanga.de\/wp-content\/uploads\/2017\/10\/Bambus-Sch\u00f6\u00dfling-bereits-mit-10-cm-Durchmesser.jpg'><img decoding=\"async\" width=\"150\" height=\"150\" src=\"https:\/\/atanga.de\/wp-content\/uploads\/2017\/10\/Bambus-Sch\u00f6\u00dfling-bereits-mit-10-cm-Durchmesser-150x150.jpg\" class=\"attachment-thumbnail size-thumbnail\" alt=\"Bambus Sch\u00f6\u00dfling bereits mit 10 cm Durchmesser\" aria-describedby=\"gallery-3-133193\" \/><\/a>\n\t\t\t<\/dt>\n\t\t\t\t<dd class='wp-caption-text gallery-caption' id='gallery-3-133193'>\n\t\t\t\tBambus Sch\u00f6\u00dfling bereits mit 10 cm Durchmesser\n\t\t\t\t<\/dd><\/dl><dl class='gallery-item'>\n\t\t\t<dt class='gallery-icon landscape'>\n\t\t\t\t<a class=\"boxersandswipers\" title=\"Lehm und Bambus und Bambus Zaun\" href='https:\/\/atanga.de\/wp-content\/uploads\/2017\/10\/Lehm-und-Bambus.jpg'><img decoding=\"async\" width=\"150\" height=\"150\" src=\"https:\/\/atanga.de\/wp-content\/uploads\/2017\/10\/Lehm-und-Bambus-150x150.jpg\" class=\"attachment-thumbnail size-thumbnail\" alt=\"Lehm und Bambus und Bambus Zaun\" aria-describedby=\"gallery-3-133192\" \/><\/a>\n\t\t\t<\/dt>\n\t\t\t\t<dd class='wp-caption-text gallery-caption' id='gallery-3-133192'>\n\t\t\t\tLehm und Bambus und Bambus Zaun\n\t\t\t\t<\/dd><\/dl><br style=\"clear: both\" \/>\n\t\t<\/div>\n\n<p>Selten habe ich mich spontan so wohl gef\u00fchlt in einem Ort, wie in San Andr\u00e9s.<br \/>\nZauberhaft ist es hier.<br \/>\nNicht zuletzt wegen Maya, die uns zwei Tage auf unseren Wanderungen begleitet. Wir gabeln die H\u00fcndin unserer Vermieter beim Fr\u00fchst\u00fcck auf und sie beschlie\u00dft uns zu begleiten.<\/p>\n<p>Treu bleibt Maya beide Tage an unserer (nun ja, an Achims Seite), bergauf, bergab, wartet vor den Gr\u00e4bern, kommt mit zum Friedhof und liegt vor unserem Zimmer bis es zum Abendessen geht.<\/p>\n<div id=\"attachment_133197\" style=\"width: 810px\" class=\"wp-caption alignleft\"><img decoding=\"async\" aria-describedby=\"caption-attachment-133197\" class=\"size-full wp-image-133197\" src=\"https:\/\/atanga.de\/wp-content\/uploads\/2017\/10\/Maya-treuer-Leihhund-f\u00fcr-zwei-Tage.jpg\" alt=\"Maya - treuer Leihhund f\u00fcr zwei Tage\" width=\"800\" height=\"797\" srcset=\"https:\/\/atanga.de\/wp-content\/uploads\/2017\/10\/Maya-treuer-Leihhund-f\u00fcr-zwei-Tage.jpg 800w, https:\/\/atanga.de\/wp-content\/uploads\/2017\/10\/Maya-treuer-Leihhund-f\u00fcr-zwei-Tage-150x150.jpg 150w, https:\/\/atanga.de\/wp-content\/uploads\/2017\/10\/Maya-treuer-Leihhund-f\u00fcr-zwei-Tage-300x300.jpg 300w, https:\/\/atanga.de\/wp-content\/uploads\/2017\/10\/Maya-treuer-Leihhund-f\u00fcr-zwei-Tage-768x765.jpg 768w, https:\/\/atanga.de\/wp-content\/uploads\/2017\/10\/Maya-treuer-Leihhund-f\u00fcr-zwei-Tage-624x622.jpg 624w\" sizes=\"(max-width: 800px) 100vw, 800px\" \/><p id=\"caption-attachment-133197\" class=\"wp-caption-text\">Maya &#8211; treuer Leihhund f\u00fcr zwei Tage<\/p><\/div>\n\n\t\t<style type=\"text\/css\">\n\t\t\t#gallery-4 {\n\t\t\t\tmargin: auto;\n\t\t\t}\n\t\t\t#gallery-4 .gallery-item {\n\t\t\t\tfloat: left;\n\t\t\t\tmargin-top: 10px;\n\t\t\t\ttext-align: center;\n\t\t\t\twidth: 25%;\n\t\t\t}\n\t\t\t#gallery-4 img {\n\t\t\t\tborder: 2px solid #cfcfcf;\n\t\t\t}\n\t\t\t#gallery-4 .gallery-caption {\n\t\t\t\tmargin-left: 0;\n\t\t\t}\n\t\t\t\/* see gallery_shortcode() in wp-includes\/media.php *\/\n\t\t<\/style>\n\t\t<div id='gallery-4' class='gallery galleryid-133171 gallery-columns-4 gallery-size-thumbnail'><dl class='gallery-item'>\n\t\t\t<dt class='gallery-icon landscape'>\n\t\t\t\t<a class=\"boxersandswipers\" title=\"Wanderer mit Hund\" href='https:\/\/atanga.de\/wp-content\/uploads\/2017\/10\/Wanderer-mit-Hund.jpg'><img decoding=\"async\" width=\"150\" height=\"150\" src=\"https:\/\/atanga.de\/wp-content\/uploads\/2017\/10\/Wanderer-mit-Hund-150x150.jpg\" class=\"attachment-thumbnail size-thumbnail\" alt=\"Wanderer mit Hund\" aria-describedby=\"gallery-4-133199\" \/><\/a>\n\t\t\t<\/dt>\n\t\t\t\t<dd class='wp-caption-text gallery-caption' id='gallery-4-133199'>\n\t\t\t\tWanderer mit Hund\n\t\t\t\t<\/dd><\/dl><dl class='gallery-item'>\n\t\t\t<dt class='gallery-icon landscape'>\n\t\t\t\t<a class=\"boxersandswipers\" title=\"Pause mit Hund\" href='https:\/\/atanga.de\/wp-content\/uploads\/2017\/10\/Pause-mit-Hund.jpg'><img decoding=\"async\" width=\"150\" height=\"150\" src=\"https:\/\/atanga.de\/wp-content\/uploads\/2017\/10\/Pause-mit-Hund-150x150.jpg\" class=\"attachment-thumbnail size-thumbnail\" alt=\"Pause mit Hund\" aria-describedby=\"gallery-4-133198\" \/><\/a>\n\t\t\t<\/dt>\n\t\t\t\t<dd class='wp-caption-text gallery-caption' id='gallery-4-133198'>\n\t\t\t\tPause mit Hund\n\t\t\t\t<\/dd><\/dl><dl class='gallery-item'>\n\t\t\t<dt class='gallery-icon landscape'>\n\t\t\t\t<a class=\"boxersandswipers\" title=\"Ein Herz und eine Seele\" href='https:\/\/atanga.de\/wp-content\/uploads\/2017\/10\/Ein-Herz-und-eine-Seele.jpg'><img decoding=\"async\" width=\"150\" height=\"150\" src=\"https:\/\/atanga.de\/wp-content\/uploads\/2017\/10\/Ein-Herz-und-eine-Seele-150x150.jpg\" class=\"attachment-thumbnail size-thumbnail\" alt=\"Ein Herz und eine Seele\" aria-describedby=\"gallery-4-133195\" \/><\/a>\n\t\t\t<\/dt>\n\t\t\t\t<dd class='wp-caption-text gallery-caption' id='gallery-4-133195'>\n\t\t\t\tEin Herz und eine Seele\n\t\t\t\t<\/dd><\/dl><dl class='gallery-item'>\n\t\t\t<dt class='gallery-icon landscape'>\n\t\t\t\t<a class=\"boxersandswipers\" title=\"machen alles gemeinsam\" href='https:\/\/atanga.de\/wp-content\/uploads\/2017\/10\/machen-alles-gemeinsam.jpg'><img decoding=\"async\" width=\"150\" height=\"150\" src=\"https:\/\/atanga.de\/wp-content\/uploads\/2017\/10\/machen-alles-gemeinsam-150x150.jpg\" class=\"attachment-thumbnail size-thumbnail\" alt=\"machen alles gemeinsam\" aria-describedby=\"gallery-4-133196\" \/><\/a>\n\t\t\t<\/dt>\n\t\t\t\t<dd class='wp-caption-text gallery-caption' id='gallery-4-133196'>\n\t\t\t\tmachen alles gemeinsam\n\t\t\t\t<\/dd><\/dl><br style=\"clear: both\" \/>\n\t\t<\/div>\n\n<p>Ein Hund zum Verlieben. Eine Landschaft zum Verlieben. Ein Dorf zum Verlieben mit sch\u00f6nen Menschen zum Verlieben.<br \/>\nIch bin ernsthaft \u00fcberzeugt, hier ist die Welt noch in Ordnung. K\u00e4lber s\u00e4ugen auf der Weide, Ziegen strolchen umher und H\u00fchner picken im Gras (nur die Schweine haben ein h\u00e4rteres Los zu tragen). Soviel Fr\u00f6hlichkeit kann nur an einem Ort einstehen, an dem alle zufrieden sind.<\/p>\n<div id=\"attachment_133202\" style=\"width: 810px\" class=\"wp-caption alignleft\"><img decoding=\"async\" aria-describedby=\"caption-attachment-133202\" class=\"size-full wp-image-133202\" src=\"https:\/\/atanga.de\/wp-content\/uploads\/2017\/10\/Schweine-werden-etwas-fies-am-weglaufen-gehindert.jpg\" alt=\"Schweine werden etwas fies am weglaufen gehindert\" width=\"800\" height=\"677\" srcset=\"https:\/\/atanga.de\/wp-content\/uploads\/2017\/10\/Schweine-werden-etwas-fies-am-weglaufen-gehindert.jpg 800w, https:\/\/atanga.de\/wp-content\/uploads\/2017\/10\/Schweine-werden-etwas-fies-am-weglaufen-gehindert-300x254.jpg 300w, https:\/\/atanga.de\/wp-content\/uploads\/2017\/10\/Schweine-werden-etwas-fies-am-weglaufen-gehindert-768x650.jpg 768w, https:\/\/atanga.de\/wp-content\/uploads\/2017\/10\/Schweine-werden-etwas-fies-am-weglaufen-gehindert-624x528.jpg 624w\" sizes=\"(max-width: 800px) 100vw, 800px\" \/><p id=\"caption-attachment-133202\" class=\"wp-caption-text\">Schweine werden etwas fies am weglaufen gehindert<\/p><\/div>\n\n\t\t<style type=\"text\/css\">\n\t\t\t#gallery-5 {\n\t\t\t\tmargin: auto;\n\t\t\t}\n\t\t\t#gallery-5 .gallery-item {\n\t\t\t\tfloat: left;\n\t\t\t\tmargin-top: 10px;\n\t\t\t\ttext-align: center;\n\t\t\t\twidth: 33%;\n\t\t\t}\n\t\t\t#gallery-5 img {\n\t\t\t\tborder: 2px solid #cfcfcf;\n\t\t\t}\n\t\t\t#gallery-5 .gallery-caption {\n\t\t\t\tmargin-left: 0;\n\t\t\t}\n\t\t\t\/* see gallery_shortcode() in wp-includes\/media.php *\/\n\t\t<\/style>\n\t\t<div id='gallery-5' class='gallery galleryid-133171 gallery-columns-3 gallery-size-thumbnail'><dl class='gallery-item'>\n\t\t\t<dt class='gallery-icon landscape'>\n\t\t\t\t<a class=\"boxersandswipers\" title=\"In San Andr\u00e9s ist selbst\" href='https:\/\/atanga.de\/wp-content\/uploads\/2017\/10\/und-erkennbarem-Totenkult.jpg'><img decoding=\"async\" width=\"150\" height=\"150\" src=\"https:\/\/atanga.de\/wp-content\/uploads\/2017\/10\/und-erkennbarem-Totenkult-150x150.jpg\" class=\"attachment-thumbnail size-thumbnail\" alt=\"In San Andr\u00e9s ist selbst\" aria-describedby=\"gallery-5-133203\" \/><\/a>\n\t\t\t<\/dt>\n\t\t\t\t<dd class='wp-caption-text gallery-caption' id='gallery-5-133203'>\n\t\t\t\tIn San Andr\u00e9s ist selbst\n\t\t\t\t<\/dd><\/dl><dl class='gallery-item'>\n\t\t\t<dt class='gallery-icon landscape'>\n\t\t\t\t<a class=\"boxersandswipers\" title=\"der Friedhof idyllisch\" href='https:\/\/atanga.de\/wp-content\/uploads\/2017\/10\/Friedhof-in-San-Andr\u00e9s-mit-Aussicht.jpg'><img decoding=\"async\" width=\"150\" height=\"150\" src=\"https:\/\/atanga.de\/wp-content\/uploads\/2017\/10\/Friedhof-in-San-Andr\u00e9s-mit-Aussicht-150x150.jpg\" class=\"attachment-thumbnail size-thumbnail\" alt=\"der Friedhof idyllisch\" aria-describedby=\"gallery-5-133200\" \/><\/a>\n\t\t\t<\/dt>\n\t\t\t\t<dd class='wp-caption-text gallery-caption' id='gallery-5-133200'>\n\t\t\t\tder Friedhof idyllisch\n\t\t\t\t<\/dd><\/dl><dl class='gallery-item'>\n\t\t\t<dt class='gallery-icon landscape'>\n\t\t\t\t<a class=\"boxersandswipers\" title=\"und hat die beste Aussicht des Dorfes\" href='https:\/\/atanga.de\/wp-content\/uploads\/2017\/10\/Friedhof-ohne-Struktur.jpg'><img decoding=\"async\" width=\"150\" height=\"150\" src=\"https:\/\/atanga.de\/wp-content\/uploads\/2017\/10\/Friedhof-ohne-Struktur-150x150.jpg\" class=\"attachment-thumbnail size-thumbnail\" alt=\"und hat die beste Aussicht des Dorfes\" aria-describedby=\"gallery-5-133201\" \/><\/a>\n\t\t\t<\/dt>\n\t\t\t\t<dd class='wp-caption-text gallery-caption' id='gallery-5-133201'>\n\t\t\t\tund hat die beste Aussicht des Dorfes\n\t\t\t\t<\/dd><\/dl><br style=\"clear: both\" \/>\n\t\t<\/div>\n\n<div class=\"pld-like-dislike-wrap pld-template-1\">\r\n    <div class=\"pld-like-wrap  pld-common-wrap\">\r\n    <a href=\"javascript:void(0)\" class=\"pld-like-trigger pld-like-dislike-trigger  \" title=\"gef\u00e4llt mir\" data-post-id=\"133171\" data-trigger-type=\"like\" data-restriction=\"cookie\" data-already-liked=\"0\">\r\n                        <i class=\"fas fa-thumbs-up\"><\/i>\r\n                <\/a>\r\n    <span class=\"pld-like-count-wrap pld-count-wrap\">3    <\/span>\r\n<\/div><div class=\"pld-dislike-wrap  pld-common-wrap\">\r\n    <a href=\"javascript:void(0)\" class=\"pld-dislike-trigger pld-like-dislike-trigger  \" title=\"doof\" data-post-id=\"133171\" data-trigger-type=\"dislike\" data-restriction=\"cookie\" data-already-liked=\"0\">\r\n                        <i class=\"fas fa-thumbs-down\"><\/i>\r\n                <\/a>\r\n    <span class=\"pld-dislike-count-wrap pld-count-wrap\"><\/span>\r\n<\/div><\/div>","protected":false},"excerpt":{"rendered":"<p>Fr.\/Sa., 06.\/07.Okt.17, Kolumbien\/San Andr\u00e9s, Tag 1224\/5, 11.850 sm von HH In San Andr\u00e9s wohnen die wohl\u00a0fr\u00f6hlichsten und nettesten Menschen der Welt: \u201eHallo. Wie geht\u2019s? Einen gl\u00fccklichen Tag f\u00fcr euch.\u201c, schallt es uns entgegen. Das L\u00e4cheln ist ehrlich und die Kinder strahlen. Untereinander wird gescherzt und gelacht. Man neckt sich. Jeder hat f\u00fcr den anderen ein [&hellip;]<\/p>\n","protected":false},"author":4,"featured_media":0,"comment_status":"open","ping_status":"closed","sticky":false,"template":"","format":"standard","meta":{"footnotes":""},"categories":[79,36,62,65],"tags":[],"class_list":["post-133171","post","type-post","status-publish","format-standard","hentry","category-kolumbien","category-landausfluege","category-karibik","category-friedhof"],"_links":{"self":[{"href":"https:\/\/atanga.de\/index.php?rest_route=\/wp\/v2\/posts\/133171","targetHints":{"allow":["GET"]}}],"collection":[{"href":"https:\/\/atanga.de\/index.php?rest_route=\/wp\/v2\/posts"}],"about":[{"href":"https:\/\/atanga.de\/index.php?rest_route=\/wp\/v2\/types\/post"}],"author":[{"embeddable":true,"href":"https:\/\/atanga.de\/index.php?rest_route=\/wp\/v2\/users\/4"}],"replies":[{"embeddable":true,"href":"https:\/\/atanga.de\/index.php?rest_route=%2Fwp%2Fv2%2Fcomments&post=133171"}],"version-history":[{"count":5,"href":"https:\/\/atanga.de\/index.php?rest_route=\/wp\/v2\/posts\/133171\/revisions"}],"predecessor-version":[{"id":133207,"href":"https:\/\/atanga.de\/index.php?rest_route=\/wp\/v2\/posts\/133171\/revisions\/133207"}],"wp:attachment":[{"href":"https:\/\/atanga.de\/index.php?rest_route=%2Fwp%2Fv2%2Fmedia&parent=133171"}],"wp:term":[{"taxonomy":"category","embeddable":true,"href":"https:\/\/atanga.de\/index.php?rest_route=%2Fwp%2Fv2%2Fcategories&post=133171"},{"taxonomy":"post_tag","embeddable":true,"href":"https:\/\/atanga.de\/index.php?rest_route=%2Fwp%2Fv2%2Ftags&post=133171"}],"curies":[{"name":"wp","href":"https:\/\/api.w.org\/{rel}","templated":true}]}}