{"id":133339,"date":"2017-10-24T02:23:10","date_gmt":"2017-10-24T02:23:10","guid":{"rendered":"http:\/\/atanga.de\/?p=133339"},"modified":"2017-10-24T02:47:10","modified_gmt":"2017-10-24T02:47:10","slug":"der-dessen-name-nicht-genannt-werden-darf","status":"publish","type":"post","link":"https:\/\/atanga.de\/?p=133339","title":{"rendered":"Der, dessen Name nicht genannt werden darf."},"content":{"rendered":"<p><em>Di., 17.Okt.17, Kolumbien\/Medellin, Tag 1236, 11.850 sm von HH<\/em><\/p>\n<p>Wir befinden uns nicht in einem \u201aHarry Potter\u2018 Film. Und die Rede ist nicht von \u201aVoldemort\u2018 .<br \/>\nWir\u00a0sind in\u00a0Medellin. Und der, dessen Name nicht genannt werden darf, ist &#8218;Pablo Escobar&#8216;.<\/p>\n<p>Wir sind Teil einer \u201aFree-Walking-Tour\u2018 in Medellin.<br \/>\n\u201cNicht laut \u201aPablo Escobar\u2018 sagen\u201c, bittet uns \u201aHernan\u2018 unser heutiger Guide. \u201eDie meisten Bewohner von Medellin verstehen kaum Englisch und wenn sie uns \u201aseinen\u2018 Namen aussprechen h\u00f6ren, dann wissen sie nicht, ob wir gut oder schlecht \u00fcber ihn sprechen.\u201c<\/p>\n<p>Als Staatsfeind Nr.1 (f\u00fcr die US-Amerikaner)\u00a0gilt in der 80er Jahren\u00a0der ehemalige Bauernjunge, der sich vom Autodieb zum m\u00e4chtigsten Mann des gr\u00f6\u00dften Drogenkartells der Welt hocharbeitet.<\/p>\n<p>Das Kartell von Medellin, der gr\u00f6\u00dfte Wirtschaftsfaktor Kolumbiens in den 80\/90er Jahren.<br \/>\n15 Tonnen Koks wurden zur Bl\u00fctezeit Escobars\u00a0t\u00e4glich (!) in die USA geschmuggelt.<\/p>\n<p>Absurd reich wurde Escobar mit dem Drogenhandel.<br \/>\nSein Geld wurde deckenhoch in Zimmern gestapelt. 2.500 USD sollen allein die Gummib\u00e4nder monatlich verschlungen haben, um das Geld zu b\u00fcndeln.<\/p>\n<p>Durch das Imperium, was Escobar aufbaute, wurde das &#8218;Medellin- Kartell&#8216; zum Staat im Staate.<\/p>\n<p>Dem Kampf der kolumbianischen Regierung gegen ihn, stellt sich Escobar mit roher Gewalt. Tausend USD zahlt er als Kopfpr\u00e4mie f\u00fcr den, der einen Polizisten umbringt. Zeugen, Richter, es wird jeder eliminiert, der sich ihm in den Weg stellt.<\/p>\n<p>Irgendwann hat Kolumbien die Faxen dicke und beschlie\u00dft die Auslieferung Escobars an die Vereinigten Staaten. Das ist seine gr\u00f6\u00dfte Sorge: \u201eLieber ein Grab in Kolumbien, als eine Zelle in den USA.\u201c<\/p>\n<p>Daher bietet Escobar der Regierung Kolumbiens an, die komplette Staatsverschuldung zu \u00fcbernehmen. Und um gleichzeitig die Regierung mit Bombenattentaten zu terrorisieren.<br \/>\nSein Konzept geht auf &#8211; das Auslieferungsabkommen wird 1987 ausgesetzt &#8211; Escobar hat die erste Schlacht gewonnen.<br \/>\nEr befindet sich nun auf dem Gipfel seiner Macht.<\/p>\n<p>Aber auf dem Weg nach oben hat er sich viele Feinde gemacht. In Cali w\u00e4chst ein ernstzunehmender Konkurrent im Drogen-Karussell. Escobar wird mehr und mehr zum Verfolgten. Sein Lieblingswohnsitz und seine Auto-Sammlungen werden in die Luft gesprengt. Seine Leibw\u00e4chter get\u00f6tet. Nachts wechselt er die Wohnung, tags\u00fcber die Mittelklassewagen.<\/p>\n<p>Pablo Escobar stellt sich den kolumbianischen Beh\u00f6rden.<br \/>\nDer Staat stellt ihm 1991 ein Luxus-Gef\u00e4ngnis zur Verf\u00fcgung. Von den Einheimischen &#8218;Club Medellin&#8216; genannt.<\/p>\n<p>Von hier baut er sein Imperium neu auf. Aus dem Knast kann er in Ruhe seine Gesch\u00e4fte neu regeln und ausbauen. Nach 13 Monaten ist der Gesch\u00e4ftsbetrieb normalisiert, Bewacher geschmiert und Aufpasser bestochen. Escobar marschiert ungehindert aus der Hintert\u00fcr aus dem Gef\u00e4ngnis.<\/p>\n<p>Die Kolumbianische Regierung stellt ein 1.600 Mann starkes Elite-Regiment zusammen. Eine Art &#8218;GSG 9&#8216; Kolumbiens. Man macht Jagd auf den geflohenen H\u00e4ftling.<br \/>\nEr wird gehetzt, er wird in die Enge getrieben und durch eine Fangschaltung lokalisiert. Am. 2. Dezember 1993 erschie\u00dft in die Elite-Garde Pablo Escobar auf dem Dach eines Hauses in \u201aComuna 13\u2018.<br \/>\nUnmittelbar nach seinem Tod wandelt sich die Wahrheit \u00fcber sein blutiges Gesch\u00e4ft in Legende.<\/p>\n<p>Eine Legende, dessen Namen nicht genannt werden darf. Auf einer Stadtf\u00fchrung in Medellin.<\/p>\n<p>Hartn\u00e4ckig halten sich die Ger\u00fcchte, er w\u00fcrde von den meisten Einwohnern Medellins verehrt. Hernan beteuert uns glaubw\u00fcrdig das Gegenteil. \u201eKlar, habe er Menschen H\u00e4user geschenkt, die ihm bis heute dankbar sind. Aber die Kranken- und Waisenh\u00e4user, die er finanziert haben soll, k\u00f6nnen nicht beim Namen genannt werden. Die meisten Menschen in Medellin verachten ihn als das, was er war, ein skrupelloser Verbrecher.\u201c<\/p>\n<p>Noch immer ist Kolumbien Haupt-Exporteur in Sachen \u201aKokain\u2018.<br \/>\nF\u00fcr drei USD ist ein Gramm vor Ort zu haben. Bei\u00a0Spazierg\u00e4ngen durch die St\u00e4dte Kolumbiens bekommt man schon mal welches angeboten. <img src=\"https:\/\/atanga.de\/wp-content\/plugins\/classic-smilies\/img\/icon_eek.gif\" alt=\":shock:\" class=\"wp-smiley\" style=\"height: 1em; max-height: 1em;\" \/><\/p>\n<p>Die &#8218;Real-City-Tours&#8216; Medellin k\u00f6nnen wir unbedingt empfehlen.<br \/>\nEine tolle F\u00fchrung, angeh\u00e4uft durch Anekdoten, kleine Geschichten und Stories, die man nicht im Reisef\u00fchrer findet.<\/p>\n<p>Und immer wieder Kunst in Medellin.<br \/>\nBotero, der ber\u00fchmteste K\u00fcnstler Kolumbiens hat einige seiner dicken Figuren der Stadt gestiftet. Ein kleines Verm\u00f6gen steht auf der &#8218;Plaza Botero de Candelaria&#8216;.<br \/>\nEine Viertel Million kann so eine Skulptur schon wert sein. &#8218;Kunst gegen Gewalt&#8216; &#8211; alle, die Sprayer und die international anerkannten K\u00fcnstler ziehen an einem Strang.<\/p>\n\n\t\t<style type=\"text\/css\">\n\t\t\t#gallery-1 {\n\t\t\t\tmargin: auto;\n\t\t\t}\n\t\t\t#gallery-1 .gallery-item {\n\t\t\t\tfloat: left;\n\t\t\t\tmargin-top: 10px;\n\t\t\t\ttext-align: center;\n\t\t\t\twidth: 33%;\n\t\t\t}\n\t\t\t#gallery-1 img {\n\t\t\t\tborder: 2px solid #cfcfcf;\n\t\t\t}\n\t\t\t#gallery-1 .gallery-caption {\n\t\t\t\tmargin-left: 0;\n\t\t\t}\n\t\t\t\/* see gallery_shortcode() in wp-includes\/media.php *\/\n\t\t<\/style>\n\t\t<div id='gallery-1' class='gallery galleryid-133339 gallery-columns-3 gallery-size-thumbnail'><dl class='gallery-item'>\n\t\t\t<dt class='gallery-icon landscape'>\n\t\t\t\t<a class=\"boxersandswipers\" title=\"dicke Frau\" href='https:\/\/atanga.de\/wp-content\/uploads\/2017\/10\/dicke-Frau.jpg'><img decoding=\"async\" width=\"150\" height=\"150\" src=\"https:\/\/atanga.de\/wp-content\/uploads\/2017\/10\/dicke-Frau-150x150.jpg\" class=\"attachment-thumbnail size-thumbnail\" alt=\"dicke Frau\" aria-describedby=\"gallery-1-133341\" \/><\/a>\n\t\t\t<\/dt>\n\t\t\t\t<dd class='wp-caption-text gallery-caption' id='gallery-1-133341'>\n\t\t\t\tDcke Frau\n\t\t\t\t<\/dd><\/dl><dl class='gallery-item'>\n\t\t\t<dt class='gallery-icon landscape'>\n\t\t\t\t<a class=\"boxersandswipers\" title=\"und dicker Mann von Bodero\" href='https:\/\/atanga.de\/wp-content\/uploads\/2017\/10\/und-dicker-Mann-von.jpg'><img decoding=\"async\" width=\"150\" height=\"150\" src=\"https:\/\/atanga.de\/wp-content\/uploads\/2017\/10\/und-dicker-Mann-von-150x150.jpg\" class=\"attachment-thumbnail size-thumbnail\" alt=\"und dicker Mann von Bodero\" aria-describedby=\"gallery-1-133346\" \/><\/a>\n\t\t\t<\/dt>\n\t\t\t\t<dd class='wp-caption-text gallery-caption' id='gallery-1-133346'>\n\t\t\t\tund dicker Mann von Bodero\n\t\t\t\t<\/dd><\/dl><dl class='gallery-item'>\n\t\t\t<dt class='gallery-icon landscape'>\n\t\t\t\t<a class=\"boxersandswipers\" title=\"Alt, neu und Kunst in Medellin\" href='https:\/\/atanga.de\/wp-content\/uploads\/2017\/10\/Alt-neu-und-Kunst-in-Medellin.jpg'><img decoding=\"async\" width=\"150\" height=\"150\" src=\"https:\/\/atanga.de\/wp-content\/uploads\/2017\/10\/Alt-neu-und-Kunst-in-Medellin-150x150.jpg\" class=\"attachment-thumbnail size-thumbnail\" alt=\"Alt, neu und Kunst in Medellin\" aria-describedby=\"gallery-1-133340\" \/><\/a>\n\t\t\t<\/dt>\n\t\t\t\t<dd class='wp-caption-text gallery-caption' id='gallery-1-133340'>\n\t\t\t\tAlt, neu und Kunst in Medellin\n\t\t\t\t<\/dd><\/dl><br style=\"clear: both\" \/>\n\t\t<\/div>\n\n<div id=\"attachment_133313\" style=\"width: 310px\" class=\"wp-caption alignnone\"><img decoding=\"async\" aria-describedby=\"caption-attachment-133313\" class=\"size-medium wp-image-133313\" src=\"https:\/\/atanga.de\/wp-content\/uploads\/2017\/10\/Alltag-in-Medellin-300x225.jpg\" alt=\"Graffiti-Alltag in Medellin\" width=\"300\" height=\"225\" srcset=\"https:\/\/atanga.de\/wp-content\/uploads\/2017\/10\/Alltag-in-Medellin-300x225.jpg 300w, https:\/\/atanga.de\/wp-content\/uploads\/2017\/10\/Alltag-in-Medellin-768x576.jpg 768w, https:\/\/atanga.de\/wp-content\/uploads\/2017\/10\/Alltag-in-Medellin-624x468.jpg 624w, https:\/\/atanga.de\/wp-content\/uploads\/2017\/10\/Alltag-in-Medellin.jpg 800w\" sizes=\"(max-width: 300px) 100vw, 300px\" \/><p id=\"caption-attachment-133313\" class=\"wp-caption-text\">Graffiti-Alltag in Medellin<\/p><\/div>\n\n\t\t<style type=\"text\/css\">\n\t\t\t#gallery-2 {\n\t\t\t\tmargin: auto;\n\t\t\t}\n\t\t\t#gallery-2 .gallery-item {\n\t\t\t\tfloat: left;\n\t\t\t\tmargin-top: 10px;\n\t\t\t\ttext-align: center;\n\t\t\t\twidth: 25%;\n\t\t\t}\n\t\t\t#gallery-2 img {\n\t\t\t\tborder: 2px solid #cfcfcf;\n\t\t\t}\n\t\t\t#gallery-2 .gallery-caption {\n\t\t\t\tmargin-left: 0;\n\t\t\t}\n\t\t\t\/* see gallery_shortcode() in wp-includes\/media.php *\/\n\t\t<\/style>\n\t\t<div id='gallery-2' class='gallery galleryid-133339 gallery-columns-4 gallery-size-thumbnail'><dl class='gallery-item'>\n\t\t\t<dt class='gallery-icon landscape'>\n\t\t\t\t<a class=\"boxersandswipers\" title=\"Kirche am Plaza Bodero\" href='https:\/\/atanga.de\/wp-content\/uploads\/2017\/10\/Kirche-in-Medellin.jpg'><img decoding=\"async\" width=\"150\" height=\"150\" src=\"https:\/\/atanga.de\/wp-content\/uploads\/2017\/10\/Kirche-in-Medellin-150x150.jpg\" class=\"attachment-thumbnail size-thumbnail\" alt=\"Kirche am Plaza Bodero\" aria-describedby=\"gallery-2-133345\" \/><\/a>\n\t\t\t<\/dt>\n\t\t\t\t<dd class='wp-caption-text gallery-caption' id='gallery-2-133345'>\n\t\t\t\tKulturpalast am Plaza Bodero\n\t\t\t\t<\/dd><\/dl><dl class='gallery-item'>\n\t\t\t<dt class='gallery-icon landscape'>\n\t\t\t\t<a class=\"boxersandswipers\" title=\"D\u00fcstere Regierungsgeb\u00e4ude in Medellin\" href='https:\/\/atanga.de\/wp-content\/uploads\/2017\/10\/D\u00fcstere-Regierungsgeb\u00e4ude-in-Medellin.jpg'><img decoding=\"async\" width=\"150\" height=\"150\" src=\"https:\/\/atanga.de\/wp-content\/uploads\/2017\/10\/D\u00fcstere-Regierungsgeb\u00e4ude-in-Medellin-150x150.jpg\" class=\"attachment-thumbnail size-thumbnail\" alt=\"D\u00fcstere Regierungsgeb\u00e4ude in Medellin\" aria-describedby=\"gallery-2-133342\" \/><\/a>\n\t\t\t<\/dt>\n\t\t\t\t<dd class='wp-caption-text gallery-caption' id='gallery-2-133342'>\n\t\t\t\tD\u00fcstere Regierungsgeb\u00e4ude in Medellin\n\t\t\t\t<\/dd><\/dl><dl class='gallery-item'>\n\t\t\t<dt class='gallery-icon landscape'>\n\t\t\t\t<a class=\"boxersandswipers\" title=\"Ger\u00fcst am Hochhaus &#8211; Innovationspreis verd\u00e4chtig\" href='https:\/\/atanga.de\/wp-content\/uploads\/2017\/10\/Gre\u00fcst-am-Hochhaus-Innovationspreis-verd\u00e4chtig-1.jpg'><img decoding=\"async\" width=\"150\" height=\"150\" src=\"https:\/\/atanga.de\/wp-content\/uploads\/2017\/10\/Gre\u00fcst-am-Hochhaus-Innovationspreis-verd\u00e4chtig-1-150x150.jpg\" class=\"attachment-thumbnail size-thumbnail\" alt=\"Ger\u00fcst am Hochhaus - Innovationspreis verd\u00e4chtig\" aria-describedby=\"gallery-2-133344\" \/><\/a>\n\t\t\t<\/dt>\n\t\t\t\t<dd class='wp-caption-text gallery-caption' id='gallery-2-133344'>\n\t\t\t\tGer\u00fcst am Hochhaus &#8211; Innovationspreis verd\u00e4chtig\n\t\t\t\t<\/dd><\/dl><dl class='gallery-item'>\n\t\t\t<dt class='gallery-icon landscape'>\n\t\t\t\t<a class=\"boxersandswipers\" title=\"Eier-Transport auf kolumbianisch\" href='https:\/\/atanga.de\/wp-content\/uploads\/2017\/10\/Eier-Transport-auf-kolumbianisch.jpg'><img decoding=\"async\" width=\"150\" height=\"150\" src=\"https:\/\/atanga.de\/wp-content\/uploads\/2017\/10\/Eier-Transport-auf-kolumbianisch-150x150.jpg\" class=\"attachment-thumbnail size-thumbnail\" alt=\"ier-Transport auf kolumbianisch\" aria-describedby=\"gallery-2-133343\" \/><\/a>\n\t\t\t<\/dt>\n\t\t\t\t<dd class='wp-caption-text gallery-caption' id='gallery-2-133343'>\n\t\t\t\tier-Transport auf kolumbianisch\n\t\t\t\t<\/dd><\/dl><br style=\"clear: both\" \/>\n\t\t<\/div>\n\n<div class=\"pld-like-dislike-wrap pld-template-1\">\r\n    <div class=\"pld-like-wrap  pld-common-wrap\">\r\n    <a href=\"javascript:void(0)\" class=\"pld-like-trigger pld-like-dislike-trigger  \" title=\"gef\u00e4llt mir\" data-post-id=\"133339\" data-trigger-type=\"like\" data-restriction=\"cookie\" data-already-liked=\"0\">\r\n                        <i class=\"fas fa-thumbs-up\"><\/i>\r\n                <\/a>\r\n    <span class=\"pld-like-count-wrap pld-count-wrap\">4    <\/span>\r\n<\/div><div class=\"pld-dislike-wrap  pld-common-wrap\">\r\n    <a href=\"javascript:void(0)\" class=\"pld-dislike-trigger pld-like-dislike-trigger  \" title=\"doof\" data-post-id=\"133339\" data-trigger-type=\"dislike\" data-restriction=\"cookie\" data-already-liked=\"0\">\r\n                        <i class=\"fas fa-thumbs-down\"><\/i>\r\n                <\/a>\r\n    <span class=\"pld-dislike-count-wrap pld-count-wrap\"><\/span>\r\n<\/div><\/div>","protected":false},"excerpt":{"rendered":"<p>Di., 17.Okt.17, Kolumbien\/Medellin, Tag 1236, 11.850 sm von HH Wir befinden uns nicht in einem \u201aHarry Potter\u2018 Film. Und die Rede ist nicht von \u201aVoldemort\u2018 . Wir\u00a0sind in\u00a0Medellin. Und der, dessen Name nicht genannt werden darf, ist &#8218;Pablo Escobar&#8216;. Wir sind Teil einer \u201aFree-Walking-Tour\u2018 in Medellin. \u201cNicht laut \u201aPablo Escobar\u2018 sagen\u201c, bittet uns \u201aHernan\u2018 unser [&hellip;]<\/p>\n","protected":false},"author":4,"featured_media":0,"comment_status":"open","ping_status":"closed","sticky":false,"template":"","format":"standard","meta":{"footnotes":""},"categories":[79,36,62],"tags":[],"class_list":["post-133339","post","type-post","status-publish","format-standard","hentry","category-kolumbien","category-landausfluege","category-karibik"],"_links":{"self":[{"href":"https:\/\/atanga.de\/index.php?rest_route=\/wp\/v2\/posts\/133339","targetHints":{"allow":["GET"]}}],"collection":[{"href":"https:\/\/atanga.de\/index.php?rest_route=\/wp\/v2\/posts"}],"about":[{"href":"https:\/\/atanga.de\/index.php?rest_route=\/wp\/v2\/types\/post"}],"author":[{"embeddable":true,"href":"https:\/\/atanga.de\/index.php?rest_route=\/wp\/v2\/users\/4"}],"replies":[{"embeddable":true,"href":"https:\/\/atanga.de\/index.php?rest_route=%2Fwp%2Fv2%2Fcomments&post=133339"}],"version-history":[{"count":4,"href":"https:\/\/atanga.de\/index.php?rest_route=\/wp\/v2\/posts\/133339\/revisions"}],"predecessor-version":[{"id":133353,"href":"https:\/\/atanga.de\/index.php?rest_route=\/wp\/v2\/posts\/133339\/revisions\/133353"}],"wp:attachment":[{"href":"https:\/\/atanga.de\/index.php?rest_route=%2Fwp%2Fv2%2Fmedia&parent=133339"}],"wp:term":[{"taxonomy":"category","embeddable":true,"href":"https:\/\/atanga.de\/index.php?rest_route=%2Fwp%2Fv2%2Fcategories&post=133339"},{"taxonomy":"post_tag","embeddable":true,"href":"https:\/\/atanga.de\/index.php?rest_route=%2Fwp%2Fv2%2Ftags&post=133339"}],"curies":[{"name":"wp","href":"https:\/\/api.w.org\/{rel}","templated":true}]}}