{"id":133401,"date":"2017-11-06T19:35:58","date_gmt":"2017-11-06T19:35:58","guid":{"rendered":"http:\/\/atanga.de\/?p=133401"},"modified":"2017-11-06T19:35:58","modified_gmt":"2017-11-06T19:35:58","slug":"santa-marta-laesst-uns-nicht-los","status":"publish","type":"post","link":"https:\/\/atanga.de\/?p=133401","title":{"rendered":"Santa Marta l\u00e4sst uns nicht los"},"content":{"rendered":"<p><em>Mo., 06.Nov.17, Kolumbien\/Santa Marta, Tag 1255, 11.850 sm von HH<\/em><\/p>\n<p>Kein guter Wind f\u00fcr uns in Sicht. Das Wetterfenster f\u00fcr Morgen hat sich in einen Wirbel mit Gegenwind gekehrt. Oder gar kein Wind.<br \/>\nDa brauchen wir uns nicht auf den Weg machen.<\/p>\n<p>Im Prinzip ist das nicht schlimm. Ist ja sch\u00f6n hier.<br \/>\nNur wenn man sich mal entschieden hat, abzureisen, dann soll es auch los gehen.<br \/>\nEs ist auf den Punkt eingekauft und alles vorbereitet. Wenn es sich noch lange verz\u00f6gert, wird Achim sogar noch einmal tauchen m\u00fcssen, um den Propeller zu s\u00e4ubern.<\/p>\n<p>Unser Krantermin in Panama ist nicht zu halten und muss verschoben werden.<\/p>\n<p>Bis zum 21. November d\u00fcrfen wir noch in Kolumbien bleiben, dann ist ein halbes Jahr rum.<br \/>\nBis dahin wird doch wohl Wind kommen?<\/p>\n<div class=\"pld-like-dislike-wrap pld-template-1\">\r\n    <div class=\"pld-like-wrap  pld-common-wrap\">\r\n    <a href=\"javascript:void(0)\" class=\"pld-like-trigger pld-like-dislike-trigger  \" title=\"gef\u00e4llt mir\" data-post-id=\"133401\" data-trigger-type=\"like\" data-restriction=\"cookie\" data-already-liked=\"0\">\r\n                        <i class=\"fas fa-thumbs-up\"><\/i>\r\n                <\/a>\r\n    <span class=\"pld-like-count-wrap pld-count-wrap\">2    <\/span>\r\n<\/div><div class=\"pld-dislike-wrap  pld-common-wrap\">\r\n    <a href=\"javascript:void(0)\" class=\"pld-dislike-trigger pld-like-dislike-trigger  \" title=\"doof\" data-post-id=\"133401\" data-trigger-type=\"dislike\" data-restriction=\"cookie\" data-already-liked=\"0\">\r\n                        <i class=\"fas fa-thumbs-down\"><\/i>\r\n                <\/a>\r\n    <span class=\"pld-dislike-count-wrap pld-count-wrap\"><\/span>\r\n<\/div><\/div>","protected":false},"excerpt":{"rendered":"<p>Mo., 06.Nov.17, Kolumbien\/Santa Marta, Tag 1255, 11.850 sm von HH Kein guter Wind f\u00fcr uns in Sicht. Das Wetterfenster f\u00fcr Morgen hat sich in einen Wirbel mit Gegenwind gekehrt. Oder gar kein Wind. Da brauchen wir uns nicht auf den Weg machen. Im Prinzip ist das nicht schlimm. Ist ja sch\u00f6n hier. Nur wenn man [&hellip;]<\/p>\n","protected":false},"author":4,"featured_media":0,"comment_status":"open","ping_status":"closed","sticky":false,"template":"","format":"standard","meta":{"footnotes":""},"categories":[79,62,45],"tags":[],"class_list":["post-133401","post","type-post","status-publish","format-standard","hentry","category-kolumbien","category-karibik","category-allgemein"],"_links":{"self":[{"href":"https:\/\/atanga.de\/index.php?rest_route=\/wp\/v2\/posts\/133401","targetHints":{"allow":["GET"]}}],"collection":[{"href":"https:\/\/atanga.de\/index.php?rest_route=\/wp\/v2\/posts"}],"about":[{"href":"https:\/\/atanga.de\/index.php?rest_route=\/wp\/v2\/types\/post"}],"author":[{"embeddable":true,"href":"https:\/\/atanga.de\/index.php?rest_route=\/wp\/v2\/users\/4"}],"replies":[{"embeddable":true,"href":"https:\/\/atanga.de\/index.php?rest_route=%2Fwp%2Fv2%2Fcomments&post=133401"}],"version-history":[{"count":3,"href":"https:\/\/atanga.de\/index.php?rest_route=\/wp\/v2\/posts\/133401\/revisions"}],"predecessor-version":[{"id":133404,"href":"https:\/\/atanga.de\/index.php?rest_route=\/wp\/v2\/posts\/133401\/revisions\/133404"}],"wp:attachment":[{"href":"https:\/\/atanga.de\/index.php?rest_route=%2Fwp%2Fv2%2Fmedia&parent=133401"}],"wp:term":[{"taxonomy":"category","embeddable":true,"href":"https:\/\/atanga.de\/index.php?rest_route=%2Fwp%2Fv2%2Fcategories&post=133401"},{"taxonomy":"post_tag","embeddable":true,"href":"https:\/\/atanga.de\/index.php?rest_route=%2Fwp%2Fv2%2Ftags&post=133401"}],"curies":[{"name":"wp","href":"https:\/\/api.w.org\/{rel}","templated":true}]}}