{"id":133720,"date":"2018-01-19T15:01:17","date_gmt":"2018-01-19T15:01:17","guid":{"rendered":"http:\/\/atanga.de\/?p=133720"},"modified":"2018-01-29T13:46:58","modified_gmt":"2018-01-29T13:46:58","slug":"panama-kanal-jetzt-geht-es-in-den-pazifik","status":"publish","type":"post","link":"https:\/\/atanga.de\/?p=133720","title":{"rendered":"Panama Kanal &#8211; jetzt geht es in den Pazifik"},"content":{"rendered":"<p><em>Di., 16.01.2018, Panama\/Kanal, Tag 1326, 12.404 sm von HH<\/em><\/p>\n<p>Auf einer normalen Langfahrt-Yacht richten es sich zwei Menschen h\u00e4uslich ein. Platz f\u00fcr drei weitere \u00dcbernachtungsg\u00e4ste ist da nicht vorgesehen. Birgit und Bernd schaffen es trotzdem, Ferry und Achim bequem im Salon unterzubringen. F\u00fcr mich bleibt ein Platz im Cockpit. Der wird mir kuschelig hergerichtet: wenn man will, dann geht alles.<br \/>\nDie Nacht ist trotzdem kurz und unruhig. F\u00fcr alle.<\/p>\n<p>Der Advisor kommt etwas zu sp\u00e4t, aber um 7.00 Uhr geht es los. Ein super Fr\u00fchst\u00fcck mit Ei, Wurst, Toast und Speck gibt es unterwegs. Birgit verw\u00f6hnt alle G\u00e4ste und sch\u00f6pft aus dem Vollen.<br \/>\nF\u00fcnf Stunden dauert die Fahrt durch den Gat\u00fan-See.<br \/>\nDieser See ist beim Bau des Panama-Kanals durch den Stau des Rio Chargres entstanden. Kurz vor der M\u00fcndung des Rio Chagres in die Karibik gab es eine nat\u00fcrliche Engstelle zwischen zwei Bergen. Diese nur zwei Kilometer breite L\u00fccke wurde durch einen k\u00fcnstlichen Damm geschlossen. Der Chargres staute sich zur\u00fcck und bildet heute den Gat\u00fan-See. Auf der 29 Kilometer langen Strecke zwischen den Schleusen musste nur vereinzelt die Fahrrinne ausgebaggert werden.<\/p>\n<p>Aus unerfindlichen Gr\u00fcnden bleibt das Hubschrauber-Motorboot zur\u00fcck. Auf der Schiffs-Liste unseres Advisors ist die Yacht vermerkt und vorgesehen, um erneut ein Dreier-P\u00e4ckchens zu formen. Aber sie kommt nicht.<br \/>\nSomit bilden die &#8218;Rebell&#8216; und die &#8218;Seven Seas&#8216; heute alleine ein Paket.<\/p>\n<div id=\"attachment_133724\" style=\"width: 810px\" class=\"wp-caption alignnone\"><a class=\"boxersandswipers\" title=\"Im Zweier-Paket auf dem Weg zur ersten Pazifik-Schleuse\" href=\"https:\/\/atanga.de\/wp-content\/uploads\/2018\/01\/Im-Zweier-Paket-auf-dem-Weg-zur-ersten-Pazifik-Schleuse.jpg\"><img decoding=\"async\" aria-describedby=\"caption-attachment-133724\" class=\"wp-image-133724 size-full\" src=\"https:\/\/atanga.de\/wp-content\/uploads\/2018\/01\/Im-Zweier-Paket-auf-dem-Weg-zur-ersten-Pazifik-Schleuse.jpg\" alt=\"Im Zweier-Paket auf dem Weg zur ersten Pazifik-Schleuse\" width=\"800\" height=\"600\" srcset=\"https:\/\/atanga.de\/wp-content\/uploads\/2018\/01\/Im-Zweier-Paket-auf-dem-Weg-zur-ersten-Pazifik-Schleuse.jpg 800w, https:\/\/atanga.de\/wp-content\/uploads\/2018\/01\/Im-Zweier-Paket-auf-dem-Weg-zur-ersten-Pazifik-Schleuse-300x225.jpg 300w, https:\/\/atanga.de\/wp-content\/uploads\/2018\/01\/Im-Zweier-Paket-auf-dem-Weg-zur-ersten-Pazifik-Schleuse-768x576.jpg 768w, https:\/\/atanga.de\/wp-content\/uploads\/2018\/01\/Im-Zweier-Paket-auf-dem-Weg-zur-ersten-Pazifik-Schleuse-624x468.jpg 624w\" sizes=\"(max-width: 800px) 100vw, 800px\" \/><\/a><p id=\"caption-attachment-133724\" class=\"wp-caption-text\">Im Zweier-Paket auf dem Weg zur ersten Pazifik-Schleuse<\/p><\/div>\n<p>Wieder binden wir uns kurz vor der Schleuse zusammen. Beide Segelboote sind in etwa von gleicher Gr\u00f6\u00dfe und Gewicht, also m\u00fcssen beide Skipper Gas geben und lenken.<br \/>\nDer Chef Advisor befindet sich auf der &#8218;Rebell&#8216; und \u00fcbernimmt das Kommando \u00fcber beide Schiffe.<br \/>\nEr gibt genaue Anweisungen, wer mehr Schub geben soll und welches Segelboot dagegen halten muss.<\/p>\n<p>Die Jungs mit ihren Affenf\u00e4usten stehen schon bereit. Ferry und Achim bedienen die Leinen. Alles geht glatt \u00fcber die B\u00fchne, keiner bekommt den Stein an den Kopf.<\/p>\n<p>Bei dem dicken Pott, der hinter uns in die Schleuse kommt, \u00fcbernehmen kleine Elektro-Lokomotiven die Aufgabe der Leinenhalter. Winden an den Loks straffen Drahtseile zwischen Schiff und Lok.<br \/>\nDiese Loks \u00fcbernehmen komplett die F\u00fchrung der gro\u00dfen Schiffe.<br \/>\nAls Winzling hinter so einem Frachter w\u00fcnscht man sich, dass die Bremsen der Loks auch wirklich funktionieren.<\/p>\n<div id=\"attachment_133722\" style=\"width: 810px\" class=\"wp-caption alignnone\"><a class=\"boxersandswipers\" title=\"Der Frachter wird mit Schleppern in die Schleuse gebracht\" href=\"https:\/\/atanga.de\/wp-content\/uploads\/2018\/01\/Der-Frachter-wird-mit-Schleppern-in-die-Schleuse-gebracht.jpg\"><img decoding=\"async\" aria-describedby=\"caption-attachment-133722\" class=\"wp-image-133722 size-full\" src=\"https:\/\/atanga.de\/wp-content\/uploads\/2018\/01\/Der-Frachter-wird-mit-Schleppern-in-die-Schleuse-gebracht.jpg\" alt=\"Der Frachter wird mit Schleppern in die Schleuse gebracht\" width=\"800\" height=\"600\" srcset=\"https:\/\/atanga.de\/wp-content\/uploads\/2018\/01\/Der-Frachter-wird-mit-Schleppern-in-die-Schleuse-gebracht.jpg 800w, https:\/\/atanga.de\/wp-content\/uploads\/2018\/01\/Der-Frachter-wird-mit-Schleppern-in-die-Schleuse-gebracht-300x225.jpg 300w, https:\/\/atanga.de\/wp-content\/uploads\/2018\/01\/Der-Frachter-wird-mit-Schleppern-in-die-Schleuse-gebracht-768x576.jpg 768w, https:\/\/atanga.de\/wp-content\/uploads\/2018\/01\/Der-Frachter-wird-mit-Schleppern-in-die-Schleuse-gebracht-624x468.jpg 624w\" sizes=\"(max-width: 800px) 100vw, 800px\" \/><\/a><p id=\"caption-attachment-133722\" class=\"wp-caption-text\">Der Frachter wird mit Schleppern in die Schleuse gebracht<\/p><\/div>\n<div id=\"attachment_133725\" style=\"width: 810px\" class=\"wp-caption alignnone\"><a class=\"boxersandswipers\" title=\"Hier haben die Loks die Arbeit \u00fcbernommen\" href=\"https:\/\/atanga.de\/wp-content\/uploads\/2018\/01\/Pr\u00e4zisionsarbeit.jpg\"><img decoding=\"async\" aria-describedby=\"caption-attachment-133725\" class=\"wp-image-133725 size-full\" src=\"https:\/\/atanga.de\/wp-content\/uploads\/2018\/01\/Pr\u00e4zisionsarbeit.jpg\" alt=\"Hier haben die Loks die Arbeit \u00fcbernommen\" width=\"800\" height=\"600\" srcset=\"https:\/\/atanga.de\/wp-content\/uploads\/2018\/01\/Pr\u00e4zisionsarbeit.jpg 800w, https:\/\/atanga.de\/wp-content\/uploads\/2018\/01\/Pr\u00e4zisionsarbeit-300x225.jpg 300w, https:\/\/atanga.de\/wp-content\/uploads\/2018\/01\/Pr\u00e4zisionsarbeit-768x576.jpg 768w, https:\/\/atanga.de\/wp-content\/uploads\/2018\/01\/Pr\u00e4zisionsarbeit-624x468.jpg 624w\" sizes=\"(max-width: 800px) 100vw, 800px\" \/><\/a><p id=\"caption-attachment-133725\" class=\"wp-caption-text\">Hier haben die Loks die Arbeit \u00fcbernommen<\/p><\/div>\n<p>&nbsp;<\/p>\n<div id=\"attachment_133723\" style=\"width: 810px\" class=\"wp-caption alignnone\"><a class=\"boxersandswipers\" title=\"Hoffentlich halten die Bremsen\" href=\"https:\/\/atanga.de\/wp-content\/uploads\/2018\/01\/Hoffentlich-halten-die-Bremsen.jpg\"><img decoding=\"async\" aria-describedby=\"caption-attachment-133723\" class=\"wp-image-133723 size-full\" src=\"https:\/\/atanga.de\/wp-content\/uploads\/2018\/01\/Hoffentlich-halten-die-Bremsen.jpg\" alt=\"Hoffentlich halten die Bremsen\" width=\"800\" height=\"600\" srcset=\"https:\/\/atanga.de\/wp-content\/uploads\/2018\/01\/Hoffentlich-halten-die-Bremsen.jpg 800w, https:\/\/atanga.de\/wp-content\/uploads\/2018\/01\/Hoffentlich-halten-die-Bremsen-300x225.jpg 300w, https:\/\/atanga.de\/wp-content\/uploads\/2018\/01\/Hoffentlich-halten-die-Bremsen-768x576.jpg 768w, https:\/\/atanga.de\/wp-content\/uploads\/2018\/01\/Hoffentlich-halten-die-Bremsen-624x468.jpg 624w\" sizes=\"(max-width: 800px) 100vw, 800px\" \/><\/a><p id=\"caption-attachment-133723\" class=\"wp-caption-text\">Hoffentlich halten die Bremsen<\/p><\/div>\n<div id=\"attachment_133726\" style=\"width: 810px\" class=\"wp-caption alignnone\"><a class=\"boxersandswipers\" title=\"Viel Platz ist nicht \u00fcbrig\" href=\"https:\/\/atanga.de\/wp-content\/uploads\/2018\/01\/Viel-Platz-ist-nicht-\u00fcbrig.jpg\"><img decoding=\"async\" aria-describedby=\"caption-attachment-133726\" class=\"wp-image-133726 size-full\" src=\"https:\/\/atanga.de\/wp-content\/uploads\/2018\/01\/Viel-Platz-ist-nicht-\u00fcbrig.jpg\" alt=\"Viel Platz ist nicht \u00fcbrig\" width=\"800\" height=\"600\" srcset=\"https:\/\/atanga.de\/wp-content\/uploads\/2018\/01\/Viel-Platz-ist-nicht-\u00fcbrig.jpg 800w, https:\/\/atanga.de\/wp-content\/uploads\/2018\/01\/Viel-Platz-ist-nicht-\u00fcbrig-300x225.jpg 300w, https:\/\/atanga.de\/wp-content\/uploads\/2018\/01\/Viel-Platz-ist-nicht-\u00fcbrig-768x576.jpg 768w, https:\/\/atanga.de\/wp-content\/uploads\/2018\/01\/Viel-Platz-ist-nicht-\u00fcbrig-624x468.jpg 624w\" sizes=\"(max-width: 800px) 100vw, 800px\" \/><\/a><p id=\"caption-attachment-133726\" class=\"wp-caption-text\">Viel Platz ist nicht \u00fcbrig<\/p><\/div>\n<p>Zwischen der ersten und zweiten Schleuse liegen knapp zwei Seemeilen, die wir als Verbund zur\u00fcck legen. Die beiden letzten Schleusen liegen wieder unmittelbar hinter einander.<br \/>\nDas bergab schleusen ist nicht halb so spannend wie bergauf. In der Schleusenkammer wird ein &#8218;St\u00f6psel gezogen&#8216;, der das Wasser unspektakul\u00e4r abflie\u00dfen l\u00e4sst.<\/p>\n<p>Erst wenn sich das letzte Tor zum Pazifik \u00f6ffnet, wird es noch mal spannend. Die Vermischung von Salz-und S\u00fc\u00dfwasser kann zu heftigen Turbulenzen f\u00fchren. Bei der Fahrt der &#8218;Rebell&#8216; bleibt alles ruhig, so dass sie ihren Eintritt in den neuen Ozean ausgiebig genie\u00dfen k\u00f6nnen.<\/p>\n<p>Hinter der letzten Schleuse trennen wir uns von der &#8218;Seven Seas&#8216;, die &#8218;Rebell&#8216; spendiert f\u00fcr alle noch ein leckeres Mittagessen und der Advisor wird von seinen Leuten abgeholt.<br \/>\nFerry, Achim und ich gehen in der n\u00e4chsten Marina von Bord. Es ist sp\u00e4ter Nachmittag und wir haben noch mindestens zwei Stunden Fahrt zur Atlantik-Seite zur\u00fcck.<\/p>\n<p>Liebe Birgit und Bernd, Euch w\u00fcnschen wir eine tolle und sichere Reise in den Pazifik und danke f\u00fcr den Job auf Eurer &#8218;Rebell&#8216;.<\/p>\n<div id=\"attachment_133721\" style=\"width: 810px\" class=\"wp-caption alignnone\"><a class=\"boxersandswipers\" title=\"Das Tor zum Pazifik, was f\u00fcr Atanga noch eine lange Zeit verschlossen bleibt\" href=\"https:\/\/atanga.de\/wp-content\/uploads\/2018\/01\/Das-Tor-zum-Pazifik-was-f\u00fcr-Atanga-noch-eine-lange-Zeit-verschlossen-bleibt.jpg\"><img decoding=\"async\" aria-describedby=\"caption-attachment-133721\" class=\"wp-image-133721 size-full\" src=\"https:\/\/atanga.de\/wp-content\/uploads\/2018\/01\/Das-Tor-zum-Pazifik-was-f\u00fcr-Atanga-noch-eine-lange-Zeit-verschlossen-bleibt.jpg\" alt=\"Das Tor zum Pazifik, was f\u00fcr Atanga noch eine lange Zeit verschlossen bleibt\" width=\"800\" height=\"553\" srcset=\"https:\/\/atanga.de\/wp-content\/uploads\/2018\/01\/Das-Tor-zum-Pazifik-was-f\u00fcr-Atanga-noch-eine-lange-Zeit-verschlossen-bleibt.jpg 800w, https:\/\/atanga.de\/wp-content\/uploads\/2018\/01\/Das-Tor-zum-Pazifik-was-f\u00fcr-Atanga-noch-eine-lange-Zeit-verschlossen-bleibt-300x207.jpg 300w, https:\/\/atanga.de\/wp-content\/uploads\/2018\/01\/Das-Tor-zum-Pazifik-was-f\u00fcr-Atanga-noch-eine-lange-Zeit-verschlossen-bleibt-768x531.jpg 768w, https:\/\/atanga.de\/wp-content\/uploads\/2018\/01\/Das-Tor-zum-Pazifik-was-f\u00fcr-Atanga-noch-eine-lange-Zeit-verschlossen-bleibt-624x431.jpg 624w\" sizes=\"(max-width: 800px) 100vw, 800px\" \/><\/a><p id=\"caption-attachment-133721\" class=\"wp-caption-text\">Das Tor zum Pazifik, was f\u00fcr Atanga noch eine lange Zeit verschlossen bleibt<\/p><\/div>\n<div class=\"pld-like-dislike-wrap pld-template-1\">\r\n    <div class=\"pld-like-wrap  pld-common-wrap\">\r\n    <a href=\"javascript:void(0)\" class=\"pld-like-trigger pld-like-dislike-trigger  \" title=\"gef\u00e4llt mir\" data-post-id=\"133720\" data-trigger-type=\"like\" data-restriction=\"cookie\" data-already-liked=\"0\">\r\n                        <i class=\"fas fa-thumbs-up\"><\/i>\r\n                <\/a>\r\n    <span class=\"pld-like-count-wrap pld-count-wrap\">2    <\/span>\r\n<\/div><div class=\"pld-dislike-wrap  pld-common-wrap\">\r\n    <a href=\"javascript:void(0)\" class=\"pld-dislike-trigger pld-like-dislike-trigger  \" title=\"doof\" data-post-id=\"133720\" data-trigger-type=\"dislike\" data-restriction=\"cookie\" data-already-liked=\"0\">\r\n                        <i class=\"fas fa-thumbs-down\"><\/i>\r\n                <\/a>\r\n    <span class=\"pld-dislike-count-wrap pld-count-wrap\"><\/span>\r\n<\/div><\/div>","protected":false},"excerpt":{"rendered":"<p>Di., 16.01.2018, Panama\/Kanal, Tag 1326, 12.404 sm von HH Auf einer normalen Langfahrt-Yacht richten es sich zwei Menschen h\u00e4uslich ein. Platz f\u00fcr drei weitere \u00dcbernachtungsg\u00e4ste ist da nicht vorgesehen. Birgit und Bernd schaffen es trotzdem, Ferry und Achim bequem im Salon unterzubringen. F\u00fcr mich bleibt ein Platz im Cockpit. Der wird mir kuschelig hergerichtet: wenn [&hellip;]<\/p>\n","protected":false},"author":4,"featured_media":0,"comment_status":"open","ping_status":"closed","sticky":false,"template":"","format":"standard","meta":{"footnotes":""},"categories":[80,36,62],"tags":[],"class_list":["post-133720","post","type-post","status-publish","format-standard","hentry","category-panama","category-landausfluege","category-karibik"],"_links":{"self":[{"href":"https:\/\/atanga.de\/index.php?rest_route=\/wp\/v2\/posts\/133720","targetHints":{"allow":["GET"]}}],"collection":[{"href":"https:\/\/atanga.de\/index.php?rest_route=\/wp\/v2\/posts"}],"about":[{"href":"https:\/\/atanga.de\/index.php?rest_route=\/wp\/v2\/types\/post"}],"author":[{"embeddable":true,"href":"https:\/\/atanga.de\/index.php?rest_route=\/wp\/v2\/users\/4"}],"replies":[{"embeddable":true,"href":"https:\/\/atanga.de\/index.php?rest_route=%2Fwp%2Fv2%2Fcomments&post=133720"}],"version-history":[{"count":3,"href":"https:\/\/atanga.de\/index.php?rest_route=\/wp\/v2\/posts\/133720\/revisions"}],"predecessor-version":[{"id":133765,"href":"https:\/\/atanga.de\/index.php?rest_route=\/wp\/v2\/posts\/133720\/revisions\/133765"}],"wp:attachment":[{"href":"https:\/\/atanga.de\/index.php?rest_route=%2Fwp%2Fv2%2Fmedia&parent=133720"}],"wp:term":[{"taxonomy":"category","embeddable":true,"href":"https:\/\/atanga.de\/index.php?rest_route=%2Fwp%2Fv2%2Fcategories&post=133720"},{"taxonomy":"post_tag","embeddable":true,"href":"https:\/\/atanga.de\/index.php?rest_route=%2Fwp%2Fv2%2Ftags&post=133720"}],"curies":[{"name":"wp","href":"https:\/\/api.w.org\/{rel}","templated":true}]}}