{"id":134384,"date":"2018-06-09T23:24:00","date_gmt":"2018-06-09T23:24:00","guid":{"rendered":"https:\/\/atanga.de\/?p=134384"},"modified":"2018-06-12T15:00:45","modified_gmt":"2018-06-12T15:00:45","slug":"tag-7-nach-ecuador-wir-sind-nicht-allein","status":"publish","type":"post","link":"https:\/\/atanga.de\/?p=134384","title":{"rendered":"Tag 7 nach Ecuador &#8211; Wir sind nicht allein"},"content":{"rendered":"<p>Fr., 08.Juni 18, Pazifik, Tag 1468, 13.150 sm von HH, etmal 94<br \/>\nAchim entdeckt die kleine Nussschale beim Fr\u00fchst\u00fcck als erster. Die ist zwischen den kabbeligen Wellen kaum auszumachen. Ein kleine Boot ohne Kaj\u00fcte oder andere Aufbauten, vielleicht sieben Meter lang. W\u00e4hrend wir noch \u00fcberlegen, ob sich Fischer trauen in so einem Boot 80 Seemeilen von der K\u00fcste entfernt zu fischen, n\u00e4hert sich von hinten unbemerkt ein \u00e4hnliches Boot. Als wir aufmerksam werden, ist der Kahn schon auf zweihundert Meter ran. Er kommt schnell n\u00e4her. Wir sind verunsichert. Zu viele Piratengeschichten lassen uns nicht an harmlose Fischersleute denken. Wir gucken misstrauisch. &#8222;Was wollen die?&#8220;<br \/>\nDie drei Jungs winken, n\u00e4hern sich auf zwanzig Meter an, freuen sich und schie\u00dfen Fotos mit dem Handy von uns. &#8222;Hola, como esta?&#8220;, h\u00f6ren wir sie rufen. Fisch wird hoch gehalten und noch mehr Fotos geschossen. Sie freuen sich wie kleine Kinder \u00fcber uns. Wir sind die Tagessensation. Winkend und lachend lassen sie sich zur\u00fcck fallen und gehen wieder ihrem kn\u00fcppelschweren Job nach. Es ist besch\u00e4mend, dass wir zuerst Schlechtes denken und uns nicht entspannt \u00fcber den Besuch freuen k\u00f6nnen. Schlimm, dass ein paar Idioten, die Yachten \u00fcberfallen, so viel Gift verspr\u00fchen k\u00f6nnen.<br \/>\n&#8222;Ob die nachts Lichter haben?&#8220;, \u00fcberlegen wir. Besser w\u00e4re das. In den stockdunklen N\u00e4chten k\u00f6nnen wir nicht mal unseren eigenen Bug (grade sieben Meter vor uns) erkennen. In ein unbeleuchtetes Fischerboot w\u00fcrden wir ungebremst rein rauschen. Wir h\u00e4tten keine Chance so ein Boot rechtzeitig zu erkennen. Eine gruselige Vorstellung.<br \/>\nIch bin dann froh als Achim mir zu Beginn meiner Wacher erz\u00e4hlt, dass er ein rotes Licht um uns kreisen sehen hat. Offensichtlich sind es Fischer gewesen auf der Suche nach ihren Kanistern, die auf der Wasseroberfl\u00e4che treiben und an denen Treibnetze h\u00e4ngen. Sobald sie einen Kanister gefunden haben, gehen extrem starke Lampen an. Zwei, dreimal in der Nacht sehen wir solche Lampe. Die Jungs sind nicht zu \u00fcbersehen. Puh.<br \/>\nIm Morgengrauen, ich bin grade unten, Achim schl\u00e4ft, h\u00f6re ich Pfiffe. Als ich an Deck komme, ist wieder ein Fischerboot neben uns. Gleiche Szene. Sie freuen sich wie Bolle. Als ich fotografiere, werfen sie sich in Pose und rei\u00dfen die Arme nach oben. Viel Gel\u00e4chter und pure Freude \u00fcber unser Treffen.  F\u00fcnf Minuten sp\u00e4ter sind wieder verschwunden. Das Wetter: Vormittags zwei Stunden Sonne, kein Regen und den Rest der Zeit ist es grau, grau, grau. Die N\u00e4chte sind pechschwarz und k\u00fchl. Die Wassertemperatur ist nochmal um ein Grad gesunken. So langsam macht sich der K\u00fchlschrank um uns herum auch an Deck bemerkbar. Die N\u00e4chte gehen nicht mehr als laue Tropenn\u00e4chte durch. Wind: konstant Windst\u00e4rke vier, selten eine B\u00f6e.<br \/>\n Tagesmeilen 94 &#8211; davon 0 unter Motor Noch 138 sm direkter Weg<\/p>\n<div class=\"pld-like-dislike-wrap pld-template-1\">\r\n    <div class=\"pld-like-wrap  pld-common-wrap\">\r\n    <a href=\"javascript:void(0)\" class=\"pld-like-trigger pld-like-dislike-trigger  \" title=\"gef\u00e4llt mir\" data-post-id=\"134384\" data-trigger-type=\"like\" data-restriction=\"cookie\" data-already-liked=\"0\">\r\n                        <i class=\"fas fa-thumbs-up\"><\/i>\r\n                <\/a>\r\n    <span class=\"pld-like-count-wrap pld-count-wrap\">2    <\/span>\r\n<\/div><div class=\"pld-dislike-wrap  pld-common-wrap\">\r\n    <a href=\"javascript:void(0)\" class=\"pld-dislike-trigger pld-like-dislike-trigger  \" title=\"doof\" data-post-id=\"134384\" data-trigger-type=\"dislike\" data-restriction=\"cookie\" data-already-liked=\"0\">\r\n                        <i class=\"fas fa-thumbs-down\"><\/i>\r\n                <\/a>\r\n    <span class=\"pld-dislike-count-wrap pld-count-wrap\"><\/span>\r\n<\/div><\/div>","protected":false},"excerpt":{"rendered":"<p>Fr., 08.Juni 18, Pazifik, Tag 1468, 13.150 sm von HH, etmal 94 Achim entdeckt die kleine Nussschale beim Fr\u00fchst\u00fcck als erster. Die ist zwischen den kabbeligen Wellen kaum auszumachen. Ein kleine Boot ohne Kaj\u00fcte oder andere Aufbauten, vielleicht sieben Meter lang. W\u00e4hrend wir noch \u00fcberlegen, ob sich Fischer trauen in so einem Boot 80 Seemeilen [&hellip;]<\/p>\n","protected":false},"author":4,"featured_media":0,"comment_status":"open","ping_status":"closed","sticky":false,"template":"","format":"standard","meta":{"footnotes":""},"categories":[35,84,5],"tags":[],"class_list":["post-134384","post","type-post","status-publish","format-standard","hentry","category-auf-see","category-pazifik","category-via-email"],"_links":{"self":[{"href":"https:\/\/atanga.de\/index.php?rest_route=\/wp\/v2\/posts\/134384","targetHints":{"allow":["GET"]}}],"collection":[{"href":"https:\/\/atanga.de\/index.php?rest_route=\/wp\/v2\/posts"}],"about":[{"href":"https:\/\/atanga.de\/index.php?rest_route=\/wp\/v2\/types\/post"}],"author":[{"embeddable":true,"href":"https:\/\/atanga.de\/index.php?rest_route=\/wp\/v2\/users\/4"}],"replies":[{"embeddable":true,"href":"https:\/\/atanga.de\/index.php?rest_route=%2Fwp%2Fv2%2Fcomments&post=134384"}],"version-history":[{"count":1,"href":"https:\/\/atanga.de\/index.php?rest_route=\/wp\/v2\/posts\/134384\/revisions"}],"predecessor-version":[{"id":134398,"href":"https:\/\/atanga.de\/index.php?rest_route=\/wp\/v2\/posts\/134384\/revisions\/134398"}],"wp:attachment":[{"href":"https:\/\/atanga.de\/index.php?rest_route=%2Fwp%2Fv2%2Fmedia&parent=134384"}],"wp:term":[{"taxonomy":"category","embeddable":true,"href":"https:\/\/atanga.de\/index.php?rest_route=%2Fwp%2Fv2%2Fcategories&post=134384"},{"taxonomy":"post_tag","embeddable":true,"href":"https:\/\/atanga.de\/index.php?rest_route=%2Fwp%2Fv2%2Ftags&post=134384"}],"curies":[{"name":"wp","href":"https:\/\/api.w.org\/{rel}","templated":true}]}}