{"id":134385,"date":"2018-06-10T23:22:00","date_gmt":"2018-06-10T23:22:00","guid":{"rendered":"https:\/\/atanga.de\/?p=134385"},"modified":"2018-06-12T15:00:35","modified_gmt":"2018-06-12T15:00:35","slug":"tag-8-nach-ecuador","status":"publish","type":"post","link":"https:\/\/atanga.de\/?p=134385","title":{"rendered":"Tag 8 nach Ecuador"},"content":{"rendered":"<p>Sa., 09.Juni 18, Pazifik, Tag 1469, 13.257 sm von HH, etmal 107<br \/>\nWir fragen uns, ob Ecuador die gute Wahl gewesen ist. Noch immer keine Sonne. Die N\u00e4chte sind schwarz, die Tage grau. Allerdings kein Regen mehr und etwas mehr Wind, der uns \u00fcber 100 Meilen in 24 Stunden schaffen l\u00e4sst. Wow. Wir machen langen Kreuzschlag nach Westen und k\u00f6nnen so zur Nacht das erste Mal direkten Kurs auf Bahia de Carracez anlegen. So wie es aussieht werden wir dort im Dunkeln ankommen. War ja klar.<br \/>\nDie Wassertemperatur ist nochmals gefallen. Nachts brauchen wir im Cockpit eine Jacke. Das erste Mal seit zwei Jahren. Dabei sind wir dem \u00c4quator nah wie nie zuvor. Morgen werden wir die magische Linie queren. Auf einigen Yachten hei\u00dft es nur &#8222;was soll&#8217;s, sieht auch nicht anders aus.&#8220; Wir freuen uns auf die \u00c4quatortaufe.<br \/>\nTagesmeilen 107 &#8211; davon 0 unter Motor Noch 65 sm direkter Weg Keine besonderen Vorkommnisse<\/p>\n<div class=\"pld-like-dislike-wrap pld-template-1\">\r\n    <div class=\"pld-like-wrap  pld-common-wrap\">\r\n    <a href=\"javascript:void(0)\" class=\"pld-like-trigger pld-like-dislike-trigger  \" title=\"gef\u00e4llt mir\" data-post-id=\"134385\" data-trigger-type=\"like\" data-restriction=\"cookie\" data-already-liked=\"0\">\r\n                        <i class=\"fas fa-thumbs-up\"><\/i>\r\n                <\/a>\r\n    <span class=\"pld-like-count-wrap pld-count-wrap\">2    <\/span>\r\n<\/div><div class=\"pld-dislike-wrap  pld-common-wrap\">\r\n    <a href=\"javascript:void(0)\" class=\"pld-dislike-trigger pld-like-dislike-trigger  \" title=\"doof\" data-post-id=\"134385\" data-trigger-type=\"dislike\" data-restriction=\"cookie\" data-already-liked=\"0\">\r\n                        <i class=\"fas fa-thumbs-down\"><\/i>\r\n                <\/a>\r\n    <span class=\"pld-dislike-count-wrap pld-count-wrap\"><\/span>\r\n<\/div><\/div>","protected":false},"excerpt":{"rendered":"<p>Sa., 09.Juni 18, Pazifik, Tag 1469, 13.257 sm von HH, etmal 107 Wir fragen uns, ob Ecuador die gute Wahl gewesen ist. Noch immer keine Sonne. Die N\u00e4chte sind schwarz, die Tage grau. Allerdings kein Regen mehr und etwas mehr Wind, der uns \u00fcber 100 Meilen in 24 Stunden schaffen l\u00e4sst. Wow. Wir machen langen [&hellip;]<\/p>\n","protected":false},"author":4,"featured_media":0,"comment_status":"open","ping_status":"closed","sticky":false,"template":"","format":"standard","meta":{"footnotes":""},"categories":[35,85,84,5],"tags":[],"class_list":["post-134385","post","type-post","status-publish","format-standard","hentry","category-auf-see","category-ecuador","category-pazifik","category-via-email"],"_links":{"self":[{"href":"https:\/\/atanga.de\/index.php?rest_route=\/wp\/v2\/posts\/134385","targetHints":{"allow":["GET"]}}],"collection":[{"href":"https:\/\/atanga.de\/index.php?rest_route=\/wp\/v2\/posts"}],"about":[{"href":"https:\/\/atanga.de\/index.php?rest_route=\/wp\/v2\/types\/post"}],"author":[{"embeddable":true,"href":"https:\/\/atanga.de\/index.php?rest_route=\/wp\/v2\/users\/4"}],"replies":[{"embeddable":true,"href":"https:\/\/atanga.de\/index.php?rest_route=%2Fwp%2Fv2%2Fcomments&post=134385"}],"version-history":[{"count":1,"href":"https:\/\/atanga.de\/index.php?rest_route=\/wp\/v2\/posts\/134385\/revisions"}],"predecessor-version":[{"id":134397,"href":"https:\/\/atanga.de\/index.php?rest_route=\/wp\/v2\/posts\/134385\/revisions\/134397"}],"wp:attachment":[{"href":"https:\/\/atanga.de\/index.php?rest_route=%2Fwp%2Fv2%2Fmedia&parent=134385"}],"wp:term":[{"taxonomy":"category","embeddable":true,"href":"https:\/\/atanga.de\/index.php?rest_route=%2Fwp%2Fv2%2Fcategories&post=134385"},{"taxonomy":"post_tag","embeddable":true,"href":"https:\/\/atanga.de\/index.php?rest_route=%2Fwp%2Fv2%2Ftags&post=134385"}],"curies":[{"name":"wp","href":"https:\/\/api.w.org\/{rel}","templated":true}]}}