{"id":134507,"date":"2018-07-04T15:57:49","date_gmt":"2018-07-04T15:57:49","guid":{"rendered":"https:\/\/atanga.de\/?p=134507"},"modified":"2018-07-04T16:03:24","modified_gmt":"2018-07-04T16:03:24","slug":"verruecktes-treffen-in-bahia","status":"publish","type":"post","link":"https:\/\/atanga.de\/?p=134507","title":{"rendered":"Verr\u00fccktes Treffen in Bah\u00eda"},"content":{"rendered":"<p><em>Di., 03.Jul. 18, Ecuador\/Bah\u00eda de Car\u00e1quez, Tag 1494, 13.337 sm von HH<\/em><\/p>\n<p>Achim hat einen Ex-Kollegen Martin. Martins Frau stammt aus Ecuador. Die beiden machen gerade Urlaub im Nachbarort Canoa zusammen mit ihren drei S\u00f6hnen. Zus\u00e4tzlich dabei sind der Vater, Bruder und Schw\u00e4gerin aus Quito. Also volles Haus. Mit einem Mini-Bus tuckert &#8218;La Familia&#8216; zu uns r\u00fcber nach Bah\u00eda, um die &#8218;Verr\u00fcckten&#8216; in ihrem kleinen Segelboot kennen zu lernen. Als wir in Ecuador angekommen sind, hat Achim Martin gefragt, ob er zuf\u00e4llig dieses Jahr wieder in das Heimatland seiner Frau fahren w\u00fcrde. Tja, und gut drei Wochen sp\u00e4ter sitzen wir an einem Tisch.<br \/>\nDie Welt ist eben doch nur ein Nest. Martin l\u00e4dt uns alle zum Mittagessen ein und wir verbringen einen unterhaltsamen Nachmittag im quirligen Dreisprachen-Mix.<br \/>\nHerzlichen Dank an die gesamte &#8218;Familia&#8216;.<\/p>\n<div id=\"attachment_134511\" style=\"width: 810px\" class=\"wp-caption alignnone\"><a class=\"boxersandswipers\" title=\"La Familia von Martin\" href=\"https:\/\/atanga.de\/wp-content\/uploads\/2018\/07\/La-Familia-von-Martin.jpg\"><img decoding=\"async\" aria-describedby=\"caption-attachment-134511\" class=\"wp-image-134511 size-full\" src=\"https:\/\/atanga.de\/wp-content\/uploads\/2018\/07\/La-Familia-von-Martin.jpg\" alt=\"La Familia von Martin (und wir)\" width=\"800\" height=\"600\" srcset=\"https:\/\/atanga.de\/wp-content\/uploads\/2018\/07\/La-Familia-von-Martin.jpg 800w, https:\/\/atanga.de\/wp-content\/uploads\/2018\/07\/La-Familia-von-Martin-300x225.jpg 300w, https:\/\/atanga.de\/wp-content\/uploads\/2018\/07\/La-Familia-von-Martin-768x576.jpg 768w, https:\/\/atanga.de\/wp-content\/uploads\/2018\/07\/La-Familia-von-Martin-624x468.jpg 624w\" sizes=\"(max-width: 800px) 100vw, 800px\" \/><\/a><p id=\"caption-attachment-134511\" class=\"wp-caption-text\">La Familia von Martin (und wir)<\/p><\/div>\n<p>Aus erster Hand erfahren wir, wo es in Quito das beste Eis gibt und welche Touristenfallen wir meiden sollen. Das kommt gerade recht. Meine Organisation unserer Landreise ist bereits weit fortgeschritten. Die Planung gestaltet sich schwieriger als gedacht. Ecuador ist relativ klein, nur so gro\u00df wie Deutschland ohne Bayern und Niedersachsen. Eine Anreise per Flugzeug wie in Mexiko und Kolumbien wird nicht n\u00f6tig sein.<\/p>\n<p>Die Haupt-Schwierigkeiten bei der Planung bereiten die Berge. Ecuador wird in Nord-S\u00fcd-Richtung von zwei Kordilleren der Anden dominiert und bilden eine der spektakul\u00e4ren Attraktionen des Landes. Diese Gebirgsketten nehmen ein Drittel des Landes ein und haben eine mittlere H\u00f6he von \u00fcber 3.000 Metern. Wer hier nicht auf dem letzten Loch pfeifen will , muss sich akklimatisieren. Ab 2.500 Metern droht die H\u00f6henkrankheit. Durch langsame Steigerung der H\u00f6he kann man dem Entgegen wirken. Aber wo beginnt man eine Tour, wenn alles so verflixt hoch gelegen ist?<br \/>\nUnd wie soll die Tour verlaufen, wenn wir nicht in die Ebene zur\u00fcck wollen?<\/p>\n<p>Wie in S\u00fcdamerika \u00fcblich wird jedes Dorf mehrmals t\u00e4glich von Bussen angefahren. Allerdings von diversen Busgesellschaften, deren System nur schwer durchschauen ist. Bah\u00eda ist nicht gerade der Nabel Ecuadors und alle Wege f\u00fchren \u00fcber Quito. Mit der h\u00f6chstgelegensten Hauptstadt der Welt auf 2.800 Metern wollen wir zur Vermeidung der H\u00f6henkrankheit nicht beginnen.<br \/>\nIch finde mit &#8218;Ba\u00f1os&#8216; einen geeigneten Ort auf 1.800 Metern. Allerdings ist noch unklar, wie wir dort hingelangen k\u00f6nnen. Widerspr\u00fcchliche Angaben erhalte ich im Internet und am Busbahnhof.<br \/>\nMontag soll es los gehen. Bleiben noch ein paar Tage Zeit zur Recherche und den Ecuadorianern ihr Geheimnis der Busverbindungen zu entlocken.<\/p>\n<div id=\"attachment_134509\" style=\"width: 482px\" class=\"wp-caption alignnone\"><a class=\"boxersandswipers\" title=\"Ecuador wird durch die Anden in zwei H\u00e4lften geteilt. Schwierig zu \u00fcberwindende nat\u00fcrliche Hindernisse.\" href=\"https:\/\/atanga.de\/wp-content\/uploads\/2018\/07\/Ecuador-wird-durch-die-Anden-in-zwei-H\u00e4lften-geteilt.-Schwierig-zu-\u00fcberwindende-nat\u00fcrliche-Hindernisse..jpg\"><img decoding=\"async\" aria-describedby=\"caption-attachment-134509\" class=\"wp-image-134509 size-full\" src=\"https:\/\/atanga.de\/wp-content\/uploads\/2018\/07\/Ecuador-wird-durch-die-Anden-in-zwei-H\u00e4lften-geteilt.-Schwierig-zu-\u00fcberwindende-nat\u00fcrliche-Hindernisse..jpg\" alt=\"Ecuador wird durch die Anden in zwei H\u00e4lften geteilt. Schwierig zu \u00fcberwindende nat\u00fcrliche Hindernisse.\" width=\"472\" height=\"442\" srcset=\"https:\/\/atanga.de\/wp-content\/uploads\/2018\/07\/Ecuador-wird-durch-die-Anden-in-zwei-H\u00e4lften-geteilt.-Schwierig-zu-\u00fcberwindende-nat\u00fcrliche-Hindernisse..jpg 472w, https:\/\/atanga.de\/wp-content\/uploads\/2018\/07\/Ecuador-wird-durch-die-Anden-in-zwei-H\u00e4lften-geteilt.-Schwierig-zu-\u00fcberwindende-nat\u00fcrliche-Hindernisse.-300x281.jpg 300w\" sizes=\"(max-width: 472px) 100vw, 472px\" \/><\/a><p id=\"caption-attachment-134509\" class=\"wp-caption-text\">Ecuador wird durch die Anden in zwei H\u00e4lften geteilt. Schwierig zu \u00fcberwindende nat\u00fcrliche Hindernisse.<\/p><\/div>\n<div class=\"pld-like-dislike-wrap pld-template-1\">\r\n    <div class=\"pld-like-wrap  pld-common-wrap\">\r\n    <a href=\"javascript:void(0)\" class=\"pld-like-trigger pld-like-dislike-trigger  \" title=\"gef\u00e4llt mir\" data-post-id=\"134507\" data-trigger-type=\"like\" data-restriction=\"cookie\" data-already-liked=\"0\">\r\n                        <i class=\"fas fa-thumbs-up\"><\/i>\r\n                <\/a>\r\n    <span class=\"pld-like-count-wrap pld-count-wrap\">1    <\/span>\r\n<\/div><div class=\"pld-dislike-wrap  pld-common-wrap\">\r\n    <a href=\"javascript:void(0)\" class=\"pld-dislike-trigger pld-like-dislike-trigger  \" title=\"doof\" data-post-id=\"134507\" data-trigger-type=\"dislike\" data-restriction=\"cookie\" data-already-liked=\"0\">\r\n                        <i class=\"fas fa-thumbs-down\"><\/i>\r\n                <\/a>\r\n    <span class=\"pld-dislike-count-wrap pld-count-wrap\"><\/span>\r\n<\/div><\/div>","protected":false},"excerpt":{"rendered":"<p>Di., 03.Jul. 18, Ecuador\/Bah\u00eda de Car\u00e1quez, Tag 1494, 13.337 sm von HH Achim hat einen Ex-Kollegen Martin. Martins Frau stammt aus Ecuador. Die beiden machen gerade Urlaub im Nachbarort Canoa zusammen mit ihren drei S\u00f6hnen. Zus\u00e4tzlich dabei sind der Vater, Bruder und Schw\u00e4gerin aus Quito. Also volles Haus. Mit einem Mini-Bus tuckert &#8218;La Familia&#8216; zu [&hellip;]<\/p>\n","protected":false},"author":4,"featured_media":0,"comment_status":"open","ping_status":"closed","sticky":false,"template":"","format":"standard","meta":{"footnotes":""},"categories":[85,45],"tags":[97,100,101],"class_list":["post-134507","post","type-post","status-publish","format-standard","hentry","category-ecuador","category-allgemein","tag-bahia","tag-landreise","tag-planung"],"_links":{"self":[{"href":"https:\/\/atanga.de\/index.php?rest_route=\/wp\/v2\/posts\/134507","targetHints":{"allow":["GET"]}}],"collection":[{"href":"https:\/\/atanga.de\/index.php?rest_route=\/wp\/v2\/posts"}],"about":[{"href":"https:\/\/atanga.de\/index.php?rest_route=\/wp\/v2\/types\/post"}],"author":[{"embeddable":true,"href":"https:\/\/atanga.de\/index.php?rest_route=\/wp\/v2\/users\/4"}],"replies":[{"embeddable":true,"href":"https:\/\/atanga.de\/index.php?rest_route=%2Fwp%2Fv2%2Fcomments&post=134507"}],"version-history":[{"count":3,"href":"https:\/\/atanga.de\/index.php?rest_route=\/wp\/v2\/posts\/134507\/revisions"}],"predecessor-version":[{"id":134516,"href":"https:\/\/atanga.de\/index.php?rest_route=\/wp\/v2\/posts\/134507\/revisions\/134516"}],"wp:attachment":[{"href":"https:\/\/atanga.de\/index.php?rest_route=%2Fwp%2Fv2%2Fmedia&parent=134507"}],"wp:term":[{"taxonomy":"category","embeddable":true,"href":"https:\/\/atanga.de\/index.php?rest_route=%2Fwp%2Fv2%2Fcategories&post=134507"},{"taxonomy":"post_tag","embeddable":true,"href":"https:\/\/atanga.de\/index.php?rest_route=%2Fwp%2Fv2%2Ftags&post=134507"}],"curies":[{"name":"wp","href":"https:\/\/api.w.org\/{rel}","templated":true}]}}