{"id":135626,"date":"2019-04-01T20:52:00","date_gmt":"2019-04-01T20:52:00","guid":{"rendered":"https:\/\/atanga.de\/?p=135626"},"modified":"2019-04-01T20:52:52","modified_gmt":"2019-04-01T20:52:52","slug":"mont-mokoto","status":"publish","type":"post","link":"https:\/\/atanga.de\/?p=135626","title":{"rendered":"Mont Mokoto"},"content":{"rendered":"<p><em>Mo., 25.Mrz.19, Franz.Polyn.\/Gambier\/Insel Mangareva\/Rikitea, Tag 1758, 17.385 sm von HH<\/p>\n<p><\/em>Der Mokoto ist der zweith\u00f6chste Berg von Mangareva und zwingt uns in die Knie. 423 t\u00fcckische H\u00f6henmeter. Steil und unbezwingbar. <img src=\"https:\/\/atanga.de\/wp-content\/plugins\/classic-smilies\/img\/icon_wink.gif\" alt=\";-)\" class=\"wp-smiley\" style=\"height: 1em; max-height: 1em;\" \/> Die letzten Monate waren wir einfach zu faul. Unsere antrainierte Fitness von Ecuadors Viertausendern ist w\u00e4hrend der 40 Tage Segelei seit Dezember komplett verloren gegangen.<br \/>\nAlso, bei mir verloren gegangen, muss ich zugeben. Achim sprintet wie immer die H\u00e4nge hoch. Ich meine, es ist noch schlimmer geworden mit ihm. Rauchfrei seit sechs Monaten, das scheint was zu bringen.<br \/>\nDie letzen Meter verzichte ich und warte hinter der Waldgrenze auf Achim. Der gibt aber ebenfalls kurz vorm Gipfel auf. Ihm ist es zu steil ohne B\u00e4ume, die eine Rutschpartie abw\u00e4rts stoppen w\u00fcrden.<\/p>\n<div id=\"attachment_135631\" style=\"width: 810px\" class=\"wp-caption alignnone\"><a class=\"boxersandswipers\" title=\"Steiler Anstieg\" href=\"https:\/\/atanga.de\/wp-content\/uploads\/2019\/04\/Steiler-Anstieg.jpg\"><img decoding=\"async\" aria-describedby=\"caption-attachment-135631\" class=\"wp-image-135631 size-full\" src=\"https:\/\/atanga.de\/wp-content\/uploads\/2019\/04\/Steiler-Anstieg.jpg\" alt=\"Steiler Anstieg\" width=\"800\" height=\"600\" srcset=\"https:\/\/atanga.de\/wp-content\/uploads\/2019\/04\/Steiler-Anstieg.jpg 800w, https:\/\/atanga.de\/wp-content\/uploads\/2019\/04\/Steiler-Anstieg-300x225.jpg 300w, https:\/\/atanga.de\/wp-content\/uploads\/2019\/04\/Steiler-Anstieg-768x576.jpg 768w, https:\/\/atanga.de\/wp-content\/uploads\/2019\/04\/Steiler-Anstieg-624x468.jpg 624w\" sizes=\"(max-width: 800px) 100vw, 800px\" \/><\/a><p id=\"caption-attachment-135631\" class=\"wp-caption-text\">Steiler Anstieg<\/p><\/div>\n<p>&nbsp;<\/p>\n\n\t\t<style type=\"text\/css\">\n\t\t\t#gallery-1 {\n\t\t\t\tmargin: auto;\n\t\t\t}\n\t\t\t#gallery-1 .gallery-item {\n\t\t\t\tfloat: left;\n\t\t\t\tmargin-top: 10px;\n\t\t\t\ttext-align: center;\n\t\t\t\twidth: 33%;\n\t\t\t}\n\t\t\t#gallery-1 img {\n\t\t\t\tborder: 2px solid #cfcfcf;\n\t\t\t}\n\t\t\t#gallery-1 .gallery-caption {\n\t\t\t\tmargin-left: 0;\n\t\t\t}\n\t\t\t\/* see gallery_shortcode() in wp-includes\/media.php *\/\n\t\t<\/style>\n\t\t<div id='gallery-1' class='gallery galleryid-135626 gallery-columns-3 gallery-size-thumbnail'><dl class='gallery-item'>\n\t\t\t<dt class='gallery-icon landscape'>\n\t\t\t\t<a class=\"boxersandswipers\" title=\"Mont Mokoto vom Ankerplatz aus\" href='https:\/\/atanga.de\/wp-content\/uploads\/2019\/04\/Mont-Mokoto-vom-Ankerplatz-aus.jpg'><img decoding=\"async\" width=\"150\" height=\"150\" src=\"https:\/\/atanga.de\/wp-content\/uploads\/2019\/04\/Mont-Mokoto-vom-Ankerplatz-aus-150x150.jpg\" class=\"attachment-thumbnail size-thumbnail\" alt=\"Mont Mokoto vom Ankerplatz aus\" aria-describedby=\"gallery-1-135630\" \/><\/a>\n\t\t\t<\/dt>\n\t\t\t\t<dd class='wp-caption-text gallery-caption' id='gallery-1-135630'>\n\t\t\t\tMont Mokoto vom Ankerplatz aus\n\t\t\t\t<\/dd><\/dl><dl class='gallery-item'>\n\t\t\t<dt class='gallery-icon landscape'>\n\t\t\t\t<a class=\"boxersandswipers\" title=\"Wanderung beginnt &#8211; alles noch harmlos\" href='https:\/\/atanga.de\/wp-content\/uploads\/2019\/04\/Wanderung-beginnt-alles-noch-harmlos.jpg'><img decoding=\"async\" width=\"150\" height=\"150\" src=\"https:\/\/atanga.de\/wp-content\/uploads\/2019\/04\/Wanderung-beginnt-alles-noch-harmlos-150x150.jpg\" class=\"attachment-thumbnail size-thumbnail\" alt=\"Wanderung beginnt - alles noch harmlos\" aria-describedby=\"gallery-1-135632\" \/><\/a>\n\t\t\t<\/dt>\n\t\t\t\t<dd class='wp-caption-text gallery-caption' id='gallery-1-135632'>\n\t\t\t\tWanderung beginnt &#8211; alles noch harmlos\n\t\t\t\t<\/dd><\/dl><dl class='gallery-item'>\n\t\t\t<dt class='gallery-icon landscape'>\n\t\t\t\t<a class=\"boxersandswipers\" title=\"Wie im botanischen Garten\" href='https:\/\/atanga.de\/wp-content\/uploads\/2019\/04\/Wie-im-botanischen-Garten.jpg'><img decoding=\"async\" width=\"150\" height=\"150\" src=\"https:\/\/atanga.de\/wp-content\/uploads\/2019\/04\/Wie-im-botanischen-Garten-150x150.jpg\" class=\"attachment-thumbnail size-thumbnail\" alt=\"Wie im botanischen Garten\" aria-describedby=\"gallery-1-135633\" \/><\/a>\n\t\t\t<\/dt>\n\t\t\t\t<dd class='wp-caption-text gallery-caption' id='gallery-1-135633'>\n\t\t\t\tWie im botanischen Garten\n\t\t\t\t<\/dd><\/dl><br style=\"clear: both\" \/>\n\t\t<\/div>\n\n<p>&nbsp;<\/p>\n<div id=\"attachment_135627\" style=\"width: 810px\" class=\"wp-caption alignnone\"><a class=\"boxersandswipers\" title=\"Bergziegen auf dem Gipfel\" href=\"https:\/\/atanga.de\/wp-content\/uploads\/2019\/04\/Bergziegen-auf-dem-Gipfel.jpg\"><img decoding=\"async\" aria-describedby=\"caption-attachment-135627\" class=\"wp-image-135627 size-full\" src=\"https:\/\/atanga.de\/wp-content\/uploads\/2019\/04\/Bergziegen-auf-dem-Gipfel.jpg\" alt=\"Ungew\u00f6hnliche Bergziegen auf dem Gipfel\" width=\"800\" height=\"600\" srcset=\"https:\/\/atanga.de\/wp-content\/uploads\/2019\/04\/Bergziegen-auf-dem-Gipfel.jpg 800w, https:\/\/atanga.de\/wp-content\/uploads\/2019\/04\/Bergziegen-auf-dem-Gipfel-300x225.jpg 300w, https:\/\/atanga.de\/wp-content\/uploads\/2019\/04\/Bergziegen-auf-dem-Gipfel-768x576.jpg 768w, https:\/\/atanga.de\/wp-content\/uploads\/2019\/04\/Bergziegen-auf-dem-Gipfel-624x468.jpg 624w\" sizes=\"(max-width: 800px) 100vw, 800px\" \/><\/a><p id=\"caption-attachment-135627\" class=\"wp-caption-text\">Ungew\u00f6hnliche Bergziegen auf dem Gipfel<\/p><\/div>\n<p>Der Abstieg ist nicht minder anstrengend. Im oberen Drittel wachsen \u00fcberraschender Weise kiefernartige Nadelb\u00e4ume mit extrem langen Nadeln. Die verwandeln den Weg in eine Eisbahn.<br \/>\nSo eine kleine Insel mit so einer garstigen Bergwanderung. Wer h\u00e4tte das erwartet.<\/p>\n<div id=\"attachment_135629\" style=\"width: 810px\" class=\"wp-caption alignnone\"><a class=\"boxersandswipers\" title=\"Mangareva - rechts das Ankerfeld - links die Perlenz\u00fcchter in der Bucht\" href=\"https:\/\/atanga.de\/wp-content\/uploads\/2019\/04\/Mangareva-rechts-das-Ankerfeld-links-die-Perlenz\u00fcchter-in-der-Bucht.jpg\"><img decoding=\"async\" aria-describedby=\"caption-attachment-135629\" class=\"wp-image-135629 size-full\" src=\"https:\/\/atanga.de\/wp-content\/uploads\/2019\/04\/Mangareva-rechts-das-Ankerfeld-links-die-Perlenz\u00fcchter-in-der-Bucht.jpg\" alt=\"Mangareva - rechts das Ankerfeld - links die Perlenz\u00fcchter in der Bucht\" width=\"800\" height=\"585\" srcset=\"https:\/\/atanga.de\/wp-content\/uploads\/2019\/04\/Mangareva-rechts-das-Ankerfeld-links-die-Perlenz\u00fcchter-in-der-Bucht.jpg 800w, https:\/\/atanga.de\/wp-content\/uploads\/2019\/04\/Mangareva-rechts-das-Ankerfeld-links-die-Perlenz\u00fcchter-in-der-Bucht-300x219.jpg 300w, https:\/\/atanga.de\/wp-content\/uploads\/2019\/04\/Mangareva-rechts-das-Ankerfeld-links-die-Perlenz\u00fcchter-in-der-Bucht-768x562.jpg 768w, https:\/\/atanga.de\/wp-content\/uploads\/2019\/04\/Mangareva-rechts-das-Ankerfeld-links-die-Perlenz\u00fcchter-in-der-Bucht-624x456.jpg 624w\" sizes=\"(max-width: 800px) 100vw, 800px\" \/><\/a><p id=\"caption-attachment-135629\" class=\"wp-caption-text\">Mangareva &#8211; rechts das Ankerfeld &#8211; links die Perlenz\u00fcchter in der Bucht<\/p><\/div>\n<div id=\"attachment_135628\" style=\"width: 810px\" class=\"wp-caption alignnone\"><a class=\"boxersandswipers\" title=\"Im Hintergrund erkennt man gut das Saumriff, was Gambier umgibt\" href=\"https:\/\/atanga.de\/wp-content\/uploads\/2019\/04\/Im-Hintergrund-erkennt-man-gut-das-Saumriff-was-Gambier-umgibt.jpg\"><img decoding=\"async\" aria-describedby=\"caption-attachment-135628\" class=\"wp-image-135628 size-full\" src=\"https:\/\/atanga.de\/wp-content\/uploads\/2019\/04\/Im-Hintergrund-erkennt-man-gut-das-Saumriff-was-Gambier-umgibt.jpg\" alt=\"Im Hintergrund erkennt man gut das Saumriff, was Gambier umgibt\" width=\"800\" height=\"581\" srcset=\"https:\/\/atanga.de\/wp-content\/uploads\/2019\/04\/Im-Hintergrund-erkennt-man-gut-das-Saumriff-was-Gambier-umgibt.jpg 800w, https:\/\/atanga.de\/wp-content\/uploads\/2019\/04\/Im-Hintergrund-erkennt-man-gut-das-Saumriff-was-Gambier-umgibt-300x218.jpg 300w, https:\/\/atanga.de\/wp-content\/uploads\/2019\/04\/Im-Hintergrund-erkennt-man-gut-das-Saumriff-was-Gambier-umgibt-768x558.jpg 768w, https:\/\/atanga.de\/wp-content\/uploads\/2019\/04\/Im-Hintergrund-erkennt-man-gut-das-Saumriff-was-Gambier-umgibt-624x453.jpg 624w\" sizes=\"(max-width: 800px) 100vw, 800px\" \/><\/a><p id=\"caption-attachment-135628\" class=\"wp-caption-text\">Im Hintergrund erkennt man gut das Saumriff, was Gambier umgibt<\/p><\/div>\n<div class=\"pld-like-dislike-wrap pld-template-1\">\r\n    <div class=\"pld-like-wrap  pld-common-wrap\">\r\n    <a href=\"javascript:void(0)\" class=\"pld-like-trigger pld-like-dislike-trigger  \" title=\"gef\u00e4llt mir\" data-post-id=\"135626\" data-trigger-type=\"like\" data-restriction=\"cookie\" data-already-liked=\"0\">\r\n                        <i class=\"fas fa-thumbs-up\"><\/i>\r\n                <\/a>\r\n    <span class=\"pld-like-count-wrap pld-count-wrap\">1    <\/span>\r\n<\/div><div class=\"pld-dislike-wrap  pld-common-wrap\">\r\n    <a href=\"javascript:void(0)\" class=\"pld-dislike-trigger pld-like-dislike-trigger  \" title=\"doof\" data-post-id=\"135626\" data-trigger-type=\"dislike\" data-restriction=\"cookie\" data-already-liked=\"0\">\r\n                        <i class=\"fas fa-thumbs-down\"><\/i>\r\n                <\/a>\r\n    <span class=\"pld-dislike-count-wrap pld-count-wrap\"><\/span>\r\n<\/div><\/div>","protected":false},"excerpt":{"rendered":"<p>Mo., 25.Mrz.19, Franz.Polyn.\/Gambier\/Insel Mangareva\/Rikitea, Tag 1758, 17.385 sm von HH Der Mokoto ist der zweith\u00f6chste Berg von Mangareva und zwingt uns in die Knie. 423 t\u00fcckische H\u00f6henmeter. Steil und unbezwingbar. Die letzten Monate waren wir einfach zu faul. Unsere antrainierte Fitness von Ecuadors Viertausendern ist w\u00e4hrend der 40 Tage Segelei seit Dezember komplett verloren gegangen. [&hellip;]<\/p>\n","protected":false},"author":4,"featured_media":0,"comment_status":"open","ping_status":"closed","sticky":false,"template":"","format":"standard","meta":{"footnotes":""},"categories":[125,36,124],"tags":[],"class_list":["post-135626","post","type-post","status-publish","format-standard","hentry","category-gambier","category-landausfluege","category-franz-polynesien"],"_links":{"self":[{"href":"https:\/\/atanga.de\/index.php?rest_route=\/wp\/v2\/posts\/135626","targetHints":{"allow":["GET"]}}],"collection":[{"href":"https:\/\/atanga.de\/index.php?rest_route=\/wp\/v2\/posts"}],"about":[{"href":"https:\/\/atanga.de\/index.php?rest_route=\/wp\/v2\/types\/post"}],"author":[{"embeddable":true,"href":"https:\/\/atanga.de\/index.php?rest_route=\/wp\/v2\/users\/4"}],"replies":[{"embeddable":true,"href":"https:\/\/atanga.de\/index.php?rest_route=%2Fwp%2Fv2%2Fcomments&post=135626"}],"version-history":[{"count":2,"href":"https:\/\/atanga.de\/index.php?rest_route=\/wp\/v2\/posts\/135626\/revisions"}],"predecessor-version":[{"id":135635,"href":"https:\/\/atanga.de\/index.php?rest_route=\/wp\/v2\/posts\/135626\/revisions\/135635"}],"wp:attachment":[{"href":"https:\/\/atanga.de\/index.php?rest_route=%2Fwp%2Fv2%2Fmedia&parent=135626"}],"wp:term":[{"taxonomy":"category","embeddable":true,"href":"https:\/\/atanga.de\/index.php?rest_route=%2Fwp%2Fv2%2Fcategories&post=135626"},{"taxonomy":"post_tag","embeddable":true,"href":"https:\/\/atanga.de\/index.php?rest_route=%2Fwp%2Fv2%2Ftags&post=135626"}],"curies":[{"name":"wp","href":"https:\/\/api.w.org\/{rel}","templated":true}]}}