{"id":136438,"date":"2019-12-19T23:38:02","date_gmt":"2019-12-19T23:38:02","guid":{"rendered":"https:\/\/atanga.de\/?p=136438"},"modified":"2019-12-19T23:39:09","modified_gmt":"2019-12-19T23:39:09","slug":"4-8-15-16-23-42","status":"publish","type":"post","link":"https:\/\/atanga.de\/?p=136438","title":{"rendered":"4 &#8211; 8 &#8211; 15 &#8211; 16 &#8211; 23 &#8211; 42"},"content":{"rendered":"<p><em>Do.,19.Dez.19, Franz.Polyn.\/Tahiti\/Papeete, Tag 2027, 19.044 sm von HH<br \/>\n<\/em><br \/>\nGefangen auf der Insel, gefangen in Papeete.<br \/>\nBereits vor sechs Wochen sind wir nach Papeete zur\u00fcckgekehrt. Es gab ein Wetterfenster als das Segel zur Reparatur war. Das haben wir verpasst und jetzt sind wir gefangen und dr\u00fccken die Taste: 4-8-15-16-23-42. <img src=\"https:\/\/atanga.de\/wp-content\/plugins\/classic-smilies\/img\/icon_mrgreen.gif\" alt=\":mrgreen:\" class=\"wp-smiley\" style=\"height: 1em; max-height: 1em;\" \/><\/p>\n<p>Es ist keine Besserung in Sicht. Die Konvergenzzone, die sich um diese Jahreszeit hunderte Meilen weiter s\u00fcdlich befinden soll, h\u00e4lt sich n\u00f6rdlich von Tahiti auf oder steht genau \u00fcber uns.<br \/>\nEin mehr oder weniger schlankes Band, das den Nordwind scharf begrenzt vom S\u00fcdwind. Das Band kann nur f\u00fcnfzig Meilen breit sein oder zweihundert. Es eiert wie ein L\u00e4mmerschwanz, bl\u00e4ht sich zeitweise ballonf\u00f6rmig auf und zieht sich wieder zusammen. In dieser Zone herrschen Flaute und Regen. Die Kanten sind gepr\u00e4gt von Squalls, Winddrehern und Unmengen Regen. Eine Vorhersage, wie sich die Konvergenzzone verschiebt, erscheint unm\u00f6glich. St\u00fcndlich \u00e4ndern sich die Wettervorhersagen. Zweimal dachten wir schon, wir k\u00f6nnen los. Nein, dann doch wieder nicht.<\/p>\n<div id=\"attachment_136441\" style=\"width: 965px\" class=\"wp-caption alignnone\"><a class=\"boxersandswipers\" title=\"Die Konvergenzzone teilt den Wind scharf abgegrenzt in Nord-Ost und S\u00fcd-Ost\" href=\"https:\/\/atanga.de\/wp-content\/uploads\/2019\/12\/Die-Konvergenzzone-teilt-den-Wind-scharf-abgegrenzt-in-Nord-Ost-und-S\u00fcd-Ost.jpg\"><img decoding=\"async\" aria-describedby=\"caption-attachment-136441\" class=\"wp-image-136441 size-full\" src=\"https:\/\/atanga.de\/wp-content\/uploads\/2019\/12\/Die-Konvergenzzone-teilt-den-Wind-scharf-abgegrenzt-in-Nord-Ost-und-S\u00fcd-Ost.jpg\" alt=\"\" width=\"955\" height=\"687\" srcset=\"https:\/\/atanga.de\/wp-content\/uploads\/2019\/12\/Die-Konvergenzzone-teilt-den-Wind-scharf-abgegrenzt-in-Nord-Ost-und-S\u00fcd-Ost.jpg 955w, https:\/\/atanga.de\/wp-content\/uploads\/2019\/12\/Die-Konvergenzzone-teilt-den-Wind-scharf-abgegrenzt-in-Nord-Ost-und-S\u00fcd-Ost-300x216.jpg 300w, https:\/\/atanga.de\/wp-content\/uploads\/2019\/12\/Die-Konvergenzzone-teilt-den-Wind-scharf-abgegrenzt-in-Nord-Ost-und-S\u00fcd-Ost-768x552.jpg 768w, https:\/\/atanga.de\/wp-content\/uploads\/2019\/12\/Die-Konvergenzzone-teilt-den-Wind-scharf-abgegrenzt-in-Nord-Ost-und-S\u00fcd-Ost-624x449.jpg 624w\" sizes=\"(max-width: 955px) 100vw, 955px\" \/><\/a><p id=\"caption-attachment-136441\" class=\"wp-caption-text\">Die Konvergenzzone teilt den Wind scharf abgegrenzt in Nord-Ost und S\u00fcd-Ost<\/p><\/div>\n<div id=\"attachment_136440\" style=\"width: 810px\" class=\"wp-caption alignnone\"><a class=\"boxersandswipers\" title=\"Die Konvergenzzone kann auch kreisf\u00f6rmig sein, dann herrscht meilenweit Flaute\" href=\"https:\/\/atanga.de\/wp-content\/uploads\/2019\/12\/Die-Konvergenzzone-kann-auch-kreisf\u00f6rmig-sein-dann-herrscht-meilenweit-Flaute.jpg\"><img decoding=\"async\" aria-describedby=\"caption-attachment-136440\" class=\"wp-image-136440 size-full\" src=\"https:\/\/atanga.de\/wp-content\/uploads\/2019\/12\/Die-Konvergenzzone-kann-auch-kreisf\u00f6rmig-sein-dann-herrscht-meilenweit-Flaute.jpg\" alt=\"\" width=\"800\" height=\"622\" srcset=\"https:\/\/atanga.de\/wp-content\/uploads\/2019\/12\/Die-Konvergenzzone-kann-auch-kreisf\u00f6rmig-sein-dann-herrscht-meilenweit-Flaute.jpg 800w, https:\/\/atanga.de\/wp-content\/uploads\/2019\/12\/Die-Konvergenzzone-kann-auch-kreisf\u00f6rmig-sein-dann-herrscht-meilenweit-Flaute-300x233.jpg 300w, https:\/\/atanga.de\/wp-content\/uploads\/2019\/12\/Die-Konvergenzzone-kann-auch-kreisf\u00f6rmig-sein-dann-herrscht-meilenweit-Flaute-768x597.jpg 768w, https:\/\/atanga.de\/wp-content\/uploads\/2019\/12\/Die-Konvergenzzone-kann-auch-kreisf\u00f6rmig-sein-dann-herrscht-meilenweit-Flaute-624x485.jpg 624w\" sizes=\"(max-width: 800px) 100vw, 800px\" \/><\/a><p id=\"caption-attachment-136440\" class=\"wp-caption-text\">Die Konvergenzzone kann auch kreisf\u00f6rmig sein, dann herrscht meilenweit Flaute<\/p><\/div>\n<div id=\"attachment_136439\" style=\"width: 810px\" class=\"wp-caption alignnone\"><a class=\"boxersandswipers\" title=\"300 Meilen Flaute\" href=\"https:\/\/atanga.de\/wp-content\/uploads\/2019\/12\/300-Meilen-Flaute.jpg\"><img decoding=\"async\" aria-describedby=\"caption-attachment-136439\" class=\"wp-image-136439 size-full\" src=\"https:\/\/atanga.de\/wp-content\/uploads\/2019\/12\/300-Meilen-Flaute.jpg\" alt=\"\" width=\"800\" height=\"529\" srcset=\"https:\/\/atanga.de\/wp-content\/uploads\/2019\/12\/300-Meilen-Flaute.jpg 800w, https:\/\/atanga.de\/wp-content\/uploads\/2019\/12\/300-Meilen-Flaute-300x198.jpg 300w, https:\/\/atanga.de\/wp-content\/uploads\/2019\/12\/300-Meilen-Flaute-768x508.jpg 768w, https:\/\/atanga.de\/wp-content\/uploads\/2019\/12\/300-Meilen-Flaute-624x413.jpg 624w\" sizes=\"(max-width: 800px) 100vw, 800px\" \/><\/a><p id=\"caption-attachment-136439\" class=\"wp-caption-text\">300 Meilen Flaute<\/p><\/div>\n<p>Wo k\u00f6nnen wir hin?<br \/>\n&#8211; Nach Westen scheidet aus. Dort nimmt mit jeder Meile die Zyklon-Gefahr zu.<br \/>\n&#8211; Nach Norden-Osten, auf die Marquesas, scheidet aus. Oberhalb der Konvergenzzone hat sich ja der n\u00f6rdliche Wind etabliert. Siebenhundert Meilen gegen den Wind wollen wir nicht.<br \/>\n&#8211; Nach Osten, in die Tuamotu, ginge leidlich, obwohl die Wahrscheinlichkeit hoch w\u00e4re, dass wir auf halber Strecke in der Flaute stecken bleiben. Von dort erreichen uns Berichte \u00fcber Winddreher, gef\u00e4hrliche Boen, unruhige Ankerpl\u00e4tze und Schei\u00dfwetter. Das brauchen wir nicht. In einer Marina mit Internet und Infrastruktur ist schlechtes Wetter besser zu ertragen.<br \/>\n&#8211; Nach S\u00fcd-Osten wollen wir ja, haben aber auch in diese Richtung den Wind genau auf die Nase.<br \/>\nDas nennt man wohl klassisch gefangen.<\/p>\n<p>Und in der nahen Umgebung? Statt Papeete Stadthafen?<br \/>\n&#8211; Der gr\u00f6\u00dfte Ankerplatz auf Tahiti &#8211; Taina &#8211; wird gerade ger\u00e4umt. Bis April sollen alle Ankerlieger dort verschwunden sein. Da sind wir weder willkommen, noch gef\u00e4llt es uns dort besonders gut. Au\u00dfer einem gro\u00dfen Supermarkt (und den besten Blick auf Moorea) gibt es dort nicht viel.<br \/>\n&#8211; Taravao. Dort sind wir im Juli mit dem Schiff an Land gewesen. Das ist auch ganz h\u00fcbsch, aber ein echtes Regenloch. Papeete ist trocken, in Taravao s\u00e4uft man ab.<br \/>\n&#8211; Wieder r\u00fcber nach Moorea? Tja, auch dort sind wir Langfahrtsegler nicht mehr sehr willkommen. An den Ankerpl\u00e4tzen mit t\u00fcrkisem Wasser darf man zwei Tage bleiben. In den Buchten mit schlammigen Untergrund maximal eine Woche. Und wir lesen verzweifelte Berichte bei facebook: &#8222;Wir sind jetzt eine Woche hier, regnet es hier immer?&#8220;<\/p>\n<p>Also bleiben wir in unserem Stadthafen. Papeete hat im Auenblick das trockenste Wetter in weiter Umgebung. Nur alle drei Tage Regen ist ein Spitzenwert. Die Empfehlung von Met-Bob, dem Wind-und Wetter-Guru, f\u00fcr den S\u00fcdpazifik, lautet: &#8222;Lehnt euch zur\u00fcck, relaxt. Es ist kein guter Zeitpunkt f\u00fcr Insel-Hopping.&#8220;<br \/>\nWir sind \u00fcberzeugt, dass die Konvergenzzone sich nach S\u00fcden verlagern wird. Wann? Kann t\u00e4glich passieren. Kann noch vierzehn Tage dauern. Wir lehnen uns zur\u00fcck und dr\u00fccken die Taste. <img src=\"https:\/\/atanga.de\/wp-content\/plugins\/classic-smilies\/img\/icon_smile.gif\" alt=\":-)\" class=\"wp-smiley\" style=\"height: 1em; max-height: 1em;\" \/><\/p>\n<div id=\"attachment_136442\" style=\"width: 810px\" class=\"wp-caption alignnone\"><a class=\"boxersandswipers\" title=\"Senkrechter Schn\u00fcrli-Regen bei Null Wind\" href=\"https:\/\/atanga.de\/wp-content\/uploads\/2019\/12\/Senkrechter-Schn\u00fcrli-Regen-bei-Null-Wind.jpg\"><img decoding=\"async\" aria-describedby=\"caption-attachment-136442\" class=\"wp-image-136442 size-full\" src=\"https:\/\/atanga.de\/wp-content\/uploads\/2019\/12\/Senkrechter-Schn\u00fcrli-Regen-bei-Null-Wind.jpg\" alt=\"\" width=\"800\" height=\"669\" srcset=\"https:\/\/atanga.de\/wp-content\/uploads\/2019\/12\/Senkrechter-Schn\u00fcrli-Regen-bei-Null-Wind.jpg 800w, https:\/\/atanga.de\/wp-content\/uploads\/2019\/12\/Senkrechter-Schn\u00fcrli-Regen-bei-Null-Wind-300x251.jpg 300w, https:\/\/atanga.de\/wp-content\/uploads\/2019\/12\/Senkrechter-Schn\u00fcrli-Regen-bei-Null-Wind-768x642.jpg 768w, https:\/\/atanga.de\/wp-content\/uploads\/2019\/12\/Senkrechter-Schn\u00fcrli-Regen-bei-Null-Wind-624x522.jpg 624w\" sizes=\"(max-width: 800px) 100vw, 800px\" \/><\/a><p id=\"caption-attachment-136442\" class=\"wp-caption-text\">Senkrechter Schn\u00fcrli-Regen bei Null Wind<\/p><\/div>\n<div class=\"pld-like-dislike-wrap pld-template-1\">\r\n    <div class=\"pld-like-wrap  pld-common-wrap\">\r\n    <a href=\"javascript:void(0)\" class=\"pld-like-trigger pld-like-dislike-trigger  \" title=\"gef\u00e4llt mir\" data-post-id=\"136438\" data-trigger-type=\"like\" data-restriction=\"cookie\" data-already-liked=\"0\">\r\n                        <i class=\"fas fa-thumbs-up\"><\/i>\r\n                <\/a>\r\n    <span class=\"pld-like-count-wrap pld-count-wrap\">2    <\/span>\r\n<\/div><div class=\"pld-dislike-wrap  pld-common-wrap\">\r\n    <a href=\"javascript:void(0)\" class=\"pld-dislike-trigger pld-like-dislike-trigger  \" title=\"doof\" data-post-id=\"136438\" data-trigger-type=\"dislike\" data-restriction=\"cookie\" data-already-liked=\"0\">\r\n                        <i class=\"fas fa-thumbs-down\"><\/i>\r\n                <\/a>\r\n    <span class=\"pld-dislike-count-wrap pld-count-wrap\"><\/span>\r\n<\/div><\/div>","protected":false},"excerpt":{"rendered":"<p>Do.,19.Dez.19, Franz.Polyn.\/Tahiti\/Papeete, Tag 2027, 19.044 sm von HH Gefangen auf der Insel, gefangen in Papeete. Bereits vor sechs Wochen sind wir nach Papeete zur\u00fcckgekehrt. Es gab ein Wetterfenster als das Segel zur Reparatur war. Das haben wir verpasst und jetzt sind wir gefangen und dr\u00fccken die Taste: 4-8-15-16-23-42. Es ist keine Besserung in Sicht. Die [&hellip;]<\/p>\n","protected":false},"author":4,"featured_media":0,"comment_status":"open","ping_status":"closed","sticky":false,"template":"","format":"standard","meta":{"footnotes":""},"categories":[127,124,45],"tags":[],"class_list":["post-136438","post","type-post","status-publish","format-standard","hentry","category-gesellschafts-inseln","category-franz-polynesien","category-allgemein"],"_links":{"self":[{"href":"https:\/\/atanga.de\/index.php?rest_route=\/wp\/v2\/posts\/136438","targetHints":{"allow":["GET"]}}],"collection":[{"href":"https:\/\/atanga.de\/index.php?rest_route=\/wp\/v2\/posts"}],"about":[{"href":"https:\/\/atanga.de\/index.php?rest_route=\/wp\/v2\/types\/post"}],"author":[{"embeddable":true,"href":"https:\/\/atanga.de\/index.php?rest_route=\/wp\/v2\/users\/4"}],"replies":[{"embeddable":true,"href":"https:\/\/atanga.de\/index.php?rest_route=%2Fwp%2Fv2%2Fcomments&post=136438"}],"version-history":[{"count":3,"href":"https:\/\/atanga.de\/index.php?rest_route=\/wp\/v2\/posts\/136438\/revisions"}],"predecessor-version":[{"id":136444,"href":"https:\/\/atanga.de\/index.php?rest_route=\/wp\/v2\/posts\/136438\/revisions\/136444"}],"wp:attachment":[{"href":"https:\/\/atanga.de\/index.php?rest_route=%2Fwp%2Fv2%2Fmedia&parent=136438"}],"wp:term":[{"taxonomy":"category","embeddable":true,"href":"https:\/\/atanga.de\/index.php?rest_route=%2Fwp%2Fv2%2Fcategories&post=136438"},{"taxonomy":"post_tag","embeddable":true,"href":"https:\/\/atanga.de\/index.php?rest_route=%2Fwp%2Fv2%2Ftags&post=136438"}],"curies":[{"name":"wp","href":"https:\/\/api.w.org\/{rel}","templated":true}]}}