{"id":136523,"date":"2020-01-19T02:10:20","date_gmt":"2020-01-19T02:10:20","guid":{"rendered":"https:\/\/atanga.de\/?p=136523"},"modified":"2020-01-19T02:10:20","modified_gmt":"2020-01-19T02:10:20","slug":"meistens-29-grad","status":"publish","type":"post","link":"https:\/\/atanga.de\/?p=136523","title":{"rendered":"Meistens 29 Grad"},"content":{"rendered":"<p><em>Sa.,18.Jan.20, Franz.Polynesien\/Tuamotu\/Hao, Tag 2057, 19.574 sm von HH<\/em><\/p>\n<p>Tag und Nacht. Zwei- bis viermal t\u00e4glich l\u00e4uft ein kurzer Regenschauer \u00fcber die Lagune, dann k\u00fchlt es runter auf 27 Grad. Der n\u00e4chste Sonnenschein bringt wieder 29 Grad. Die Einheimischen freut der Regen, f\u00fcllt dieser prima ihre Wassertanks. Neben jedem Haus steht mindestens ein riesiger Auffangbeh\u00e4lter. Grundwasser oder gar Fl\u00fcsse gibt es keine auf Hao. Alle sind vom Regen abh\u00e4ngig. Uns freut es auch, dann ist auch f\u00fcr uns genug Wasser da, um W\u00e4sche zu waschen.<\/p>\n<div id=\"attachment_136524\" style=\"width: 810px\" class=\"wp-caption alignnone\"><a class=\"boxersandswipers\" title=\"Die Wasser-Auff\u00e4nger sind so gro\u00df, wie ein halbes Haus\" href=\"https:\/\/atanga.de\/wp-content\/uploads\/2020\/01\/Die-Wasser-Auff\u00e4nger-sind-so-gro\u00df-wie-ein-halbes-Haus.jpg\"><img decoding=\"async\" aria-describedby=\"caption-attachment-136524\" class=\"wp-image-136524 size-full\" src=\"https:\/\/atanga.de\/wp-content\/uploads\/2020\/01\/Die-Wasser-Auff\u00e4nger-sind-so-gro\u00df-wie-ein-halbes-Haus.jpg\" alt=\"\" width=\"800\" height=\"629\" srcset=\"https:\/\/atanga.de\/wp-content\/uploads\/2020\/01\/Die-Wasser-Auff\u00e4nger-sind-so-gro\u00df-wie-ein-halbes-Haus.jpg 800w, https:\/\/atanga.de\/wp-content\/uploads\/2020\/01\/Die-Wasser-Auff\u00e4nger-sind-so-gro\u00df-wie-ein-halbes-Haus-300x236.jpg 300w, https:\/\/atanga.de\/wp-content\/uploads\/2020\/01\/Die-Wasser-Auff\u00e4nger-sind-so-gro\u00df-wie-ein-halbes-Haus-768x604.jpg 768w, https:\/\/atanga.de\/wp-content\/uploads\/2020\/01\/Die-Wasser-Auff\u00e4nger-sind-so-gro\u00df-wie-ein-halbes-Haus-624x491.jpg 624w\" sizes=\"(max-width: 800px) 100vw, 800px\" \/><\/a><p id=\"caption-attachment-136524\" class=\"wp-caption-text\">Die Wasser-Auff\u00e4nger sind so gro\u00df wie ein halbes Haus<\/p><\/div>\n<p>Die Tage verrinnen wie Wasser durch einen Kaffeefilter. Wenn es regnet, machen wir unseren Haushalt, dann wird auch schon mal in den Ecken geputzt. Scheint die Sonne, gehen wir auf Kokosnuss-Jagd und radeln \u00fcber die Insel.<br \/>\nEine neue Gastlandflagge muss her und der Chef-Funker an Bord l\u00f6st ein lange vor sich her geschobenes Problem:<\/p>\n<div id=\"attachment_136527\" style=\"width: 810px\" class=\"wp-caption alignnone\"><a class=\"boxersandswipers\" title=\"Franz\u00f6sisch Polynesien Flagge - Stoffmal-Farben bilden das Logo In f\u00fcnf meter H\u00f6he sieht das aus wie Original\" href=\"https:\/\/atanga.de\/wp-content\/uploads\/2020\/01\/Franz\u00f6sisch-Polynesien-Flagge-Stoffmal-Farben-bilden-das-Logo-In-f\u00fcnf-meter-H\u00f6he-sieht-das-aus-wie-Original.jpg\"><img decoding=\"async\" aria-describedby=\"caption-attachment-136527\" class=\"wp-image-136527 size-full\" src=\"https:\/\/atanga.de\/wp-content\/uploads\/2020\/01\/Franz\u00f6sisch-Polynesien-Flagge-Stoffmal-Farben-bilden-das-Logo-In-f\u00fcnf-meter-H\u00f6he-sieht-das-aus-wie-Original.jpg\" alt=\"\" width=\"800\" height=\"600\" srcset=\"https:\/\/atanga.de\/wp-content\/uploads\/2020\/01\/Franz\u00f6sisch-Polynesien-Flagge-Stoffmal-Farben-bilden-das-Logo-In-f\u00fcnf-meter-H\u00f6he-sieht-das-aus-wie-Original.jpg 800w, https:\/\/atanga.de\/wp-content\/uploads\/2020\/01\/Franz\u00f6sisch-Polynesien-Flagge-Stoffmal-Farben-bilden-das-Logo-In-f\u00fcnf-meter-H\u00f6he-sieht-das-aus-wie-Original-300x225.jpg 300w, https:\/\/atanga.de\/wp-content\/uploads\/2020\/01\/Franz\u00f6sisch-Polynesien-Flagge-Stoffmal-Farben-bilden-das-Logo-In-f\u00fcnf-meter-H\u00f6he-sieht-das-aus-wie-Original-768x576.jpg 768w, https:\/\/atanga.de\/wp-content\/uploads\/2020\/01\/Franz\u00f6sisch-Polynesien-Flagge-Stoffmal-Farben-bilden-das-Logo-In-f\u00fcnf-meter-H\u00f6he-sieht-das-aus-wie-Original-624x468.jpg 624w\" sizes=\"(max-width: 800px) 100vw, 800px\" \/><\/a><p id=\"caption-attachment-136527\" class=\"wp-caption-text\">Franz\u00f6sisch Polynesien Flagge &#8211; Stoffmal-Farben bilden das Logo. In f\u00fcnf Meter H\u00f6he sieht das aus wie Original<\/p><\/div>\n<p><em>Exkurs von Achim<\/em><br \/>\n<em>Seitdem ich die erste Kurzwellenanlage an Bord installiert habe, machte der K\u00fchlschrank Probleme beim Funkempfang. Wenn der Kompressor zu arbeiten begann, dann war der Empfangsteil meines Kurzwellen-Receivers bis mindestens S7 zugem\u00fcllt.<\/em><br \/>\n<em>Ein Vortrags-Manuskript von DG0SA zum Thema \u201eEntst\u00f6rung eines Schaltnetzteils\u201c hat mir dann den entscheidenden Tipp gegeben: Ich habe die Strom-Zuleitungen (+\/-) zum Kompressor daher gegenl\u00e4ufig um einen Ferritkern (je 7 Wicklungen) gewickelt, in der Annahme das es sich um Gleichtaktst\u00f6rungen handelt. <\/em><br \/>\n<em>Nur um ganz sicher zu gehen, dass nicht noch Gegentaktst\u00f6rungen den Funk st\u00f6ren k\u00f6nnten, habe ich beide Zuleitungen noch einmal mit 5 Wicklungen auf einen zweiten Kern gewickelt (gleiche Wickelrichtung). Diese relative kleine \u00c4nderung f\u00fchrte zu einer Reduzierung des St\u00f6rlevel von S7 auf praktisch S0. <\/em><br \/>\n<em>Eine entsprechende L\u00f6sung ben\u00f6tige ich jetzt nur noch f\u00fcr die Solarpanele und den Votronic mpp Solarregler.<\/em><\/p>\n<div id=\"attachment_136526\" style=\"width: 810px\" class=\"wp-caption alignnone\"><a class=\"boxersandswipers\" title=\"Entst\u00f6r-Ferite\" href=\"https:\/\/atanga.de\/wp-content\/uploads\/2020\/01\/Entst\u00f6r-Ferite.jpg\"><img decoding=\"async\" aria-describedby=\"caption-attachment-136526\" class=\"wp-image-136526 size-full\" src=\"https:\/\/atanga.de\/wp-content\/uploads\/2020\/01\/Entst\u00f6r-Ferite.jpg\" alt=\"\" width=\"800\" height=\"600\" srcset=\"https:\/\/atanga.de\/wp-content\/uploads\/2020\/01\/Entst\u00f6r-Ferite.jpg 800w, https:\/\/atanga.de\/wp-content\/uploads\/2020\/01\/Entst\u00f6r-Ferite-300x225.jpg 300w, https:\/\/atanga.de\/wp-content\/uploads\/2020\/01\/Entst\u00f6r-Ferite-768x576.jpg 768w, https:\/\/atanga.de\/wp-content\/uploads\/2020\/01\/Entst\u00f6r-Ferite-624x468.jpg 624w\" sizes=\"(max-width: 800px) 100vw, 800px\" \/><\/a><p id=\"caption-attachment-136526\" class=\"wp-caption-text\">Entst\u00f6r-Ferite<\/p><\/div>\n<p>Ab und an kommt ein Trupp Kinder vorbei. Bis zu f\u00fcnfzehn Kindern zwischen f\u00fcnf und zehn Jahren. Vogelfrei streifen sie durch die Nachbarschaft. &#8222;Madam&#8220;, ruft es dann vor dem Schiff (nach dem &#8218;Monsieur&#8216; rufen sie nie). Artig stehen sie in Reihe auf der Pier und plappern und lachen auf uns ein. Manchmal bitten sie an Bord kommen zu d\u00fcrfen. Wenn man es ihnen erlaubt, m\u00f6chten sie wissen wo man &#8218;Pipi&#8216; macht und schl\u00e4ft. Der Wasserhahn wird kritisch getestet, ob auch wirklich Wasser kommt und sie finden unsere Wohnung viel zu klein. Bisweilen fragen sie nach &#8218;Pampelmuse&#8216;. Hahaha, frisches Obst und Gem\u00fcse haben wir selber nicht mehr. Angebotene Bonbon werden aber auch mit leuchtenden Augen genommen. S\u00fc\u00dfigkeiten verw\u00f6hnt sind die Kinder bei den horrenden Preisen sicher nicht. Soll man ja nicht machen, aber viel verderben kann man sowieso nicht mehr. Die Milchz\u00e4hne der Kleinsten sind nur noch schwarze St\u00fcmpfe. Im Allgemeinen haben die Polynesier aber ganz gute Z\u00e4hne.<br \/>\nWird es einem zu viel mit den Kindern an Bord, braucht man nur &#8218;Sooo, das war&#8217;s&#8216;, mit erhobener Stimme zu sagen und schon ziehen sie ab. Das verstehen sie sogar auf Deutsch. <img src=\"https:\/\/atanga.de\/wp-content\/plugins\/classic-smilies\/img\/icon_smile.gif\" alt=\":-)\" class=\"wp-smiley\" style=\"height: 1em; max-height: 1em;\" \/><\/p>\n<p>Das Leben ist sch\u00f6n auf Hao. Aber wir wollen jetzt trotzdem weiter. Die letzten Tage hat ein Zyklon unsere Aufmerksamkeit gehabt. Mit gro\u00dfer Geschwindigkeit ist er tagelang schnurgrade nach Osten gezogen, zum Gl\u00fcck ist er seit gestern nach S\u00fcden abgeknickt. Wir warten jetzt, ob sein Einfluss bis zu uns reicht &#8211; die Biester ziehen ja den Wind gro\u00dffl\u00e4chig von der Wetterkarte &#8211; und dann geht weiter. Es warten noch sechs Segeltage bis Gambier auf uns.<\/p>\n<div id=\"attachment_136531\" style=\"width: 810px\" class=\"wp-caption alignnone\"><a class=\"boxersandswipers\" title=\"Waschtag\" href=\"https:\/\/atanga.de\/wp-content\/uploads\/2020\/01\/Waschtag.jpg\"><img decoding=\"async\" aria-describedby=\"caption-attachment-136531\" class=\"wp-image-136531 size-full\" src=\"https:\/\/atanga.de\/wp-content\/uploads\/2020\/01\/Waschtag.jpg\" alt=\"\" width=\"800\" height=\"532\" srcset=\"https:\/\/atanga.de\/wp-content\/uploads\/2020\/01\/Waschtag.jpg 800w, https:\/\/atanga.de\/wp-content\/uploads\/2020\/01\/Waschtag-300x200.jpg 300w, https:\/\/atanga.de\/wp-content\/uploads\/2020\/01\/Waschtag-768x511.jpg 768w, https:\/\/atanga.de\/wp-content\/uploads\/2020\/01\/Waschtag-624x415.jpg 624w\" sizes=\"(max-width: 800px) 100vw, 800px\" \/><\/a><p id=\"caption-attachment-136531\" class=\"wp-caption-text\">Waschtag<\/p><\/div>\n<div id=\"attachment_136530\" style=\"width: 810px\" class=\"wp-caption alignnone\"><a class=\"boxersandswipers\" title=\"Spa\u00df bei der Arbeit\" href=\"https:\/\/atanga.de\/wp-content\/uploads\/2020\/01\/Spa\u00df-bei-der-Arbeit.jpg\"><img decoding=\"async\" aria-describedby=\"caption-attachment-136530\" class=\"wp-image-136530 size-full\" src=\"https:\/\/atanga.de\/wp-content\/uploads\/2020\/01\/Spa\u00df-bei-der-Arbeit.jpg\" alt=\"\" width=\"800\" height=\"600\" srcset=\"https:\/\/atanga.de\/wp-content\/uploads\/2020\/01\/Spa\u00df-bei-der-Arbeit.jpg 800w, https:\/\/atanga.de\/wp-content\/uploads\/2020\/01\/Spa\u00df-bei-der-Arbeit-300x225.jpg 300w, https:\/\/atanga.de\/wp-content\/uploads\/2020\/01\/Spa\u00df-bei-der-Arbeit-768x576.jpg 768w, https:\/\/atanga.de\/wp-content\/uploads\/2020\/01\/Spa\u00df-bei-der-Arbeit-624x468.jpg 624w\" sizes=\"(max-width: 800px) 100vw, 800px\" \/><\/a><p id=\"caption-attachment-136530\" class=\"wp-caption-text\">Spa\u00df bei der Arbeit<\/p><\/div>\n<div class=\"pld-like-dislike-wrap pld-template-1\">\r\n    <div class=\"pld-like-wrap  pld-common-wrap\">\r\n    <a href=\"javascript:void(0)\" class=\"pld-like-trigger pld-like-dislike-trigger  \" title=\"gef\u00e4llt mir\" data-post-id=\"136523\" data-trigger-type=\"like\" data-restriction=\"cookie\" data-already-liked=\"0\">\r\n                        <i class=\"fas fa-thumbs-up\"><\/i>\r\n                <\/a>\r\n    <span class=\"pld-like-count-wrap pld-count-wrap\">1    <\/span>\r\n<\/div><div class=\"pld-dislike-wrap  pld-common-wrap\">\r\n    <a href=\"javascript:void(0)\" class=\"pld-dislike-trigger pld-like-dislike-trigger  \" title=\"doof\" data-post-id=\"136523\" data-trigger-type=\"dislike\" data-restriction=\"cookie\" data-already-liked=\"0\">\r\n                        <i class=\"fas fa-thumbs-down\"><\/i>\r\n                <\/a>\r\n    <span class=\"pld-dislike-count-wrap pld-count-wrap\"><\/span>\r\n<\/div><\/div>","protected":false},"excerpt":{"rendered":"<p>Sa.,18.Jan.20, Franz.Polynesien\/Tuamotu\/Hao, Tag 2057, 19.574 sm von HH Tag und Nacht. Zwei- bis viermal t\u00e4glich l\u00e4uft ein kurzer Regenschauer \u00fcber die Lagune, dann k\u00fchlt es runter auf 27 Grad. Der n\u00e4chste Sonnenschein bringt wieder 29 Grad. Die Einheimischen freut der Regen, f\u00fcllt dieser prima ihre Wassertanks. Neben jedem Haus steht mindestens ein riesiger Auffangbeh\u00e4lter. Grundwasser [&hellip;]<\/p>\n","protected":false},"author":4,"featured_media":0,"comment_status":"open","ping_status":"closed","sticky":false,"template":"","format":"standard","meta":{"footnotes":""},"categories":[126,36,124],"tags":[],"class_list":["post-136523","post","type-post","status-publish","format-standard","hentry","category-tuamotus","category-landausfluege","category-franz-polynesien"],"_links":{"self":[{"href":"https:\/\/atanga.de\/index.php?rest_route=\/wp\/v2\/posts\/136523","targetHints":{"allow":["GET"]}}],"collection":[{"href":"https:\/\/atanga.de\/index.php?rest_route=\/wp\/v2\/posts"}],"about":[{"href":"https:\/\/atanga.de\/index.php?rest_route=\/wp\/v2\/types\/post"}],"author":[{"embeddable":true,"href":"https:\/\/atanga.de\/index.php?rest_route=\/wp\/v2\/users\/4"}],"replies":[{"embeddable":true,"href":"https:\/\/atanga.de\/index.php?rest_route=%2Fwp%2Fv2%2Fcomments&post=136523"}],"version-history":[{"count":2,"href":"https:\/\/atanga.de\/index.php?rest_route=\/wp\/v2\/posts\/136523\/revisions"}],"predecessor-version":[{"id":136533,"href":"https:\/\/atanga.de\/index.php?rest_route=\/wp\/v2\/posts\/136523\/revisions\/136533"}],"wp:attachment":[{"href":"https:\/\/atanga.de\/index.php?rest_route=%2Fwp%2Fv2%2Fmedia&parent=136523"}],"wp:term":[{"taxonomy":"category","embeddable":true,"href":"https:\/\/atanga.de\/index.php?rest_route=%2Fwp%2Fv2%2Fcategories&post=136523"},{"taxonomy":"post_tag","embeddable":true,"href":"https:\/\/atanga.de\/index.php?rest_route=%2Fwp%2Fv2%2Ftags&post=136523"}],"curies":[{"name":"wp","href":"https:\/\/api.w.org\/{rel}","templated":true}]}}