{"id":139240,"date":"2022-11-27T23:10:53","date_gmt":"2022-11-27T23:10:53","guid":{"rendered":"https:\/\/atanga.de\/?p=139240"},"modified":"2022-11-28T03:40:34","modified_gmt":"2022-11-28T03:40:34","slug":"oh-du-schoenes-wellington","status":"publish","type":"post","link":"https:\/\/atanga.de\/?p=139240","title":{"rendered":"Oh, du sch\u00f6nes Wellington"},"content":{"rendered":"<p>14<em>.\/15. Nov. 22, Neuseeland\/Wellington, Tag 3089\/90, 24.696 sm von HH<\/em><\/p>\n<p>Aufgrund der schlechten Regenstatistik in Wellington haben wir vier volle Tage eingeplant, um wenigstens einen guten Tag zu erwischen. Entgegen der Prognosen haben wir (fast) nur sch\u00f6nes Wetter. Umso besser. Das gibt uns viel Zeit f\u00fcr diese gro\u00dfartige Stadt.<br \/>\nUnd Achim f\u00e4llt auf, dass f\u00fcr ihn an dieser Stelle seine Erdumrundung bereits vorzeitig vollendet ist. Damals mit dem Flugzeug aus Westen hier gelandet und nun aus Osten kommend mit dem Schiff (und ein St\u00fcck Auto <img src=\"https:\/\/atanga.de\/wp-content\/plugins\/classic-smilies\/img\/icon_wink.gif\" alt=\";-)\" class=\"wp-smiley\" style=\"height: 1em; max-height: 1em;\" \/> ) am selben Platz stehend. Okay, dann k\u00f6nnen wir ja die Aktion Weltumsegelung an dieser Stelle beenden. <img src=\"https:\/\/atanga.de\/wp-content\/plugins\/classic-smilies\/img\/icon_mrgreen.gif\" alt=\":mrgreen:\" class=\"wp-smiley\" style=\"height: 1em; max-height: 1em;\" \/> Mission erf\u00fcllt.<\/p>\n<p>Nat\u00fcrlich geh\u00f6rt zu einem Wellington-Besuch auch eine Fahrt mit der Cable Car dazu. Diese Stra\u00dfenbahn ist gerade 120 Jahre alt geworden und erleichtert das Erreichen der Oberstadt, die steil \u00fcber dem Zentrum an den H\u00e4ngen klebt.<br \/>\nDie Cable Car endet im botanischen Garten und fast vor der Haust\u00fcr unseres Air B&amp;B. Hinter unserer Herberge beginnt gleich ein Naherholungsgebiet mit weitl\u00e4ufigen Wanderwegen \u2013 direkt auf einem Berg-Grat angelegt. \u00a0Mit einem weiten Blick \u00fcber die ganze Bucht.<\/p>\n<div id=\"attachment_139241\" style=\"width: 1610px\" class=\"wp-caption alignnone\"><a class=\"boxersandswipers\" title=\"Aktuelle Waggons der Cable Car - das Design wurde mehrfach ver\u00e4ndert\" href=\"https:\/\/atanga.de\/wp-content\/uploads\/2022\/11\/Aktuelle-Wagongs-der-Cable-Car-das-Design-wurde-mehrfach-veraendert.jpg\"><img decoding=\"async\" aria-describedby=\"caption-attachment-139241\" class=\"wp-image-139241 size-full\" src=\"https:\/\/atanga.de\/wp-content\/uploads\/2022\/11\/Aktuelle-Wagongs-der-Cable-Car-das-Design-wurde-mehrfach-veraendert.jpg\" alt=\"\" width=\"1600\" height=\"899\" srcset=\"https:\/\/atanga.de\/wp-content\/uploads\/2022\/11\/Aktuelle-Wagongs-der-Cable-Car-das-Design-wurde-mehrfach-veraendert.jpg 1600w, https:\/\/atanga.de\/wp-content\/uploads\/2022\/11\/Aktuelle-Wagongs-der-Cable-Car-das-Design-wurde-mehrfach-veraendert-300x169.jpg 300w, https:\/\/atanga.de\/wp-content\/uploads\/2022\/11\/Aktuelle-Wagongs-der-Cable-Car-das-Design-wurde-mehrfach-veraendert-1038x583.jpg 1038w, https:\/\/atanga.de\/wp-content\/uploads\/2022\/11\/Aktuelle-Wagongs-der-Cable-Car-das-Design-wurde-mehrfach-veraendert-768x432.jpg 768w, https:\/\/atanga.de\/wp-content\/uploads\/2022\/11\/Aktuelle-Wagongs-der-Cable-Car-das-Design-wurde-mehrfach-veraendert-1536x863.jpg 1536w, https:\/\/atanga.de\/wp-content\/uploads\/2022\/11\/Aktuelle-Wagongs-der-Cable-Car-das-Design-wurde-mehrfach-veraendert-624x351.jpg 624w\" sizes=\"(max-width: 1600px) 100vw, 1600px\" \/><\/a><p id=\"caption-attachment-139241\" class=\"wp-caption-text\">Aktuelle Waggons der Cable Car &#8211; das Design wurde mehrfach ver\u00e4ndert<\/p><\/div>\n<div id=\"attachment_139242\" style=\"width: 1610px\" class=\"wp-caption alignnone\"><a class=\"boxersandswipers\" title=\"Endstation - mitten im botanischen Garten\" href=\"https:\/\/atanga.de\/wp-content\/uploads\/2022\/11\/Endstation-mitten-im-botanischen-Garten.jpg\"><img decoding=\"async\" aria-describedby=\"caption-attachment-139242\" class=\"wp-image-139242 size-full\" src=\"https:\/\/atanga.de\/wp-content\/uploads\/2022\/11\/Endstation-mitten-im-botanischen-Garten.jpg\" alt=\"\" width=\"1600\" height=\"899\" srcset=\"https:\/\/atanga.de\/wp-content\/uploads\/2022\/11\/Endstation-mitten-im-botanischen-Garten.jpg 1600w, https:\/\/atanga.de\/wp-content\/uploads\/2022\/11\/Endstation-mitten-im-botanischen-Garten-300x169.jpg 300w, https:\/\/atanga.de\/wp-content\/uploads\/2022\/11\/Endstation-mitten-im-botanischen-Garten-1038x583.jpg 1038w, https:\/\/atanga.de\/wp-content\/uploads\/2022\/11\/Endstation-mitten-im-botanischen-Garten-768x432.jpg 768w, https:\/\/atanga.de\/wp-content\/uploads\/2022\/11\/Endstation-mitten-im-botanischen-Garten-1536x863.jpg 1536w, https:\/\/atanga.de\/wp-content\/uploads\/2022\/11\/Endstation-mitten-im-botanischen-Garten-624x351.jpg 624w\" sizes=\"(max-width: 1600px) 100vw, 1600px\" \/><\/a><p id=\"caption-attachment-139242\" class=\"wp-caption-text\">Endstation &#8211; mitten im botanischen Garten<\/p><\/div>\n<p>Etwas Besonderes ist auch der alte Friedhof mitten in der Stadt.<\/p>\n<div id=\"attachment_139254\" style=\"width: 1610px\" class=\"wp-caption alignnone\"><a class=\"boxersandswipers\" title=\"Alt und modern - der Friedhof liegt mitten im Zentrum\" href=\"https:\/\/atanga.de\/wp-content\/uploads\/2022\/11\/Alt-und-modern-der-Friedhof-liegt-mitten-im-Zentrum.jpg\"><img decoding=\"async\" aria-describedby=\"caption-attachment-139254\" class=\"wp-image-139254 size-full\" src=\"https:\/\/atanga.de\/wp-content\/uploads\/2022\/11\/Alt-und-modern-der-Friedhof-liegt-mitten-im-Zentrum.jpg\" alt=\"\" width=\"1600\" height=\"899\" srcset=\"https:\/\/atanga.de\/wp-content\/uploads\/2022\/11\/Alt-und-modern-der-Friedhof-liegt-mitten-im-Zentrum.jpg 1600w, https:\/\/atanga.de\/wp-content\/uploads\/2022\/11\/Alt-und-modern-der-Friedhof-liegt-mitten-im-Zentrum-300x169.jpg 300w, https:\/\/atanga.de\/wp-content\/uploads\/2022\/11\/Alt-und-modern-der-Friedhof-liegt-mitten-im-Zentrum-1038x583.jpg 1038w, https:\/\/atanga.de\/wp-content\/uploads\/2022\/11\/Alt-und-modern-der-Friedhof-liegt-mitten-im-Zentrum-768x432.jpg 768w, https:\/\/atanga.de\/wp-content\/uploads\/2022\/11\/Alt-und-modern-der-Friedhof-liegt-mitten-im-Zentrum-1536x863.jpg 1536w, https:\/\/atanga.de\/wp-content\/uploads\/2022\/11\/Alt-und-modern-der-Friedhof-liegt-mitten-im-Zentrum-624x351.jpg 624w\" sizes=\"(max-width: 1600px) 100vw, 1600px\" \/><\/a><p id=\"caption-attachment-139254\" class=\"wp-caption-text\">Alt und modern &#8211; der Friedhof liegt mitten im Zentrum<\/p><\/div>\n<div id=\"attachment_139255\" style=\"width: 1610px\" class=\"wp-caption alignnone\"><a class=\"boxersandswipers\" title=\"Die Stadt wurde um die 150 Jahren alten Gr\u00e4ber einfach drum herum konstruiert\" href=\"https:\/\/atanga.de\/wp-content\/uploads\/2022\/11\/Die-Stadt-wurde-um-die-150-Jahren-alten-Graeber-einfach-drum-herum-konstruiert.jpg\"><img decoding=\"async\" aria-describedby=\"caption-attachment-139255\" class=\"wp-image-139255 size-full\" src=\"https:\/\/atanga.de\/wp-content\/uploads\/2022\/11\/Die-Stadt-wurde-um-die-150-Jahren-alten-Graeber-einfach-drum-herum-konstruiert.jpg\" alt=\"\" width=\"1600\" height=\"899\" srcset=\"https:\/\/atanga.de\/wp-content\/uploads\/2022\/11\/Die-Stadt-wurde-um-die-150-Jahren-alten-Graeber-einfach-drum-herum-konstruiert.jpg 1600w, https:\/\/atanga.de\/wp-content\/uploads\/2022\/11\/Die-Stadt-wurde-um-die-150-Jahren-alten-Graeber-einfach-drum-herum-konstruiert-300x169.jpg 300w, https:\/\/atanga.de\/wp-content\/uploads\/2022\/11\/Die-Stadt-wurde-um-die-150-Jahren-alten-Graeber-einfach-drum-herum-konstruiert-1038x583.jpg 1038w, https:\/\/atanga.de\/wp-content\/uploads\/2022\/11\/Die-Stadt-wurde-um-die-150-Jahren-alten-Graeber-einfach-drum-herum-konstruiert-768x432.jpg 768w, https:\/\/atanga.de\/wp-content\/uploads\/2022\/11\/Die-Stadt-wurde-um-die-150-Jahren-alten-Graeber-einfach-drum-herum-konstruiert-1536x863.jpg 1536w, https:\/\/atanga.de\/wp-content\/uploads\/2022\/11\/Die-Stadt-wurde-um-die-150-Jahren-alten-Graeber-einfach-drum-herum-konstruiert-624x351.jpg 624w\" sizes=\"(max-width: 1600px) 100vw, 1600px\" \/><\/a><p id=\"caption-attachment-139255\" class=\"wp-caption-text\">Die Stadt wurde um die 150 Jahren alten Gr\u00e4ber einfach drum herum konstruiert<\/p><\/div>\n<div id=\"attachment_139252\" style=\"width: 1610px\" class=\"wp-caption alignnone\"><a class=\"boxersandswipers\" title=\"Alle Kinder an Scharlach verloren\" href=\"https:\/\/atanga.de\/wp-content\/uploads\/2022\/11\/Alle-Kinder-an-Scharlach-verloren.jpg\"><img decoding=\"async\" aria-describedby=\"caption-attachment-139252\" class=\"wp-image-139252 size-full\" src=\"https:\/\/atanga.de\/wp-content\/uploads\/2022\/11\/Alle-Kinder-an-Scharlach-verloren.jpg\" alt=\"\" width=\"1600\" height=\"899\" srcset=\"https:\/\/atanga.de\/wp-content\/uploads\/2022\/11\/Alle-Kinder-an-Scharlach-verloren.jpg 1600w, https:\/\/atanga.de\/wp-content\/uploads\/2022\/11\/Alle-Kinder-an-Scharlach-verloren-300x169.jpg 300w, https:\/\/atanga.de\/wp-content\/uploads\/2022\/11\/Alle-Kinder-an-Scharlach-verloren-1038x583.jpg 1038w, https:\/\/atanga.de\/wp-content\/uploads\/2022\/11\/Alle-Kinder-an-Scharlach-verloren-768x432.jpg 768w, https:\/\/atanga.de\/wp-content\/uploads\/2022\/11\/Alle-Kinder-an-Scharlach-verloren-1536x863.jpg 1536w, https:\/\/atanga.de\/wp-content\/uploads\/2022\/11\/Alle-Kinder-an-Scharlach-verloren-624x351.jpg 624w\" sizes=\"(max-width: 1600px) 100vw, 1600px\" \/><\/a><p id=\"caption-attachment-139252\" class=\"wp-caption-text\">Alle Kinder an Scharlach verloren<\/p><\/div>\n<div id=\"attachment_139253\" style=\"width: 1610px\" class=\"wp-caption alignnone\"><a class=\"boxersandswipers\" title=\"Alle Kinder ans Feuer verloren\" href=\"https:\/\/atanga.de\/wp-content\/uploads\/2022\/11\/Alle-Kinder-ans-Feuer-verloren.jpg\"><img decoding=\"async\" aria-describedby=\"caption-attachment-139253\" class=\"wp-image-139253 size-full\" src=\"https:\/\/atanga.de\/wp-content\/uploads\/2022\/11\/Alle-Kinder-ans-Feuer-verloren.jpg\" alt=\"\" width=\"1600\" height=\"899\" srcset=\"https:\/\/atanga.de\/wp-content\/uploads\/2022\/11\/Alle-Kinder-ans-Feuer-verloren.jpg 1600w, https:\/\/atanga.de\/wp-content\/uploads\/2022\/11\/Alle-Kinder-ans-Feuer-verloren-300x169.jpg 300w, https:\/\/atanga.de\/wp-content\/uploads\/2022\/11\/Alle-Kinder-ans-Feuer-verloren-1038x583.jpg 1038w, https:\/\/atanga.de\/wp-content\/uploads\/2022\/11\/Alle-Kinder-ans-Feuer-verloren-768x432.jpg 768w, https:\/\/atanga.de\/wp-content\/uploads\/2022\/11\/Alle-Kinder-ans-Feuer-verloren-1536x863.jpg 1536w, https:\/\/atanga.de\/wp-content\/uploads\/2022\/11\/Alle-Kinder-ans-Feuer-verloren-624x351.jpg 624w\" sizes=\"(max-width: 1600px) 100vw, 1600px\" \/><\/a><p id=\"caption-attachment-139253\" class=\"wp-caption-text\">Alle Kinder ans Feuer verloren<\/p><\/div>\n<p>&nbsp;<\/p>\n<p>Zur\u00fcck laufen wir durch durchs Wohngebiet mit aberwitziger Bauweise. Die H\u00e4user stehen mit dem R\u00fccken zum Berg. An der Kante steht die Bodenplatte ein paar Meter auf der Flanke vom Berg. Der Rest des Hauses steht auf Pfeilern. Zehn, f\u00fcnfzehn Meter lang. Manchmal vielleicht noch mehr. Das Haus schwebt quasi \u00fcber dem Abgrund. Auch ohne Erdbebengefahr eine gew\u00f6hnungsbed\u00fcrftige Wohnweise.<\/p>\n<div id=\"attachment_139243\" style=\"width: 1610px\" class=\"wp-caption alignnone\"><a class=\"boxersandswipers\" title=\"Gewagte Hang-Architektur\" href=\"https:\/\/atanga.de\/wp-content\/uploads\/2022\/11\/Gewagte-Hang-Architektur.jpg\"><img decoding=\"async\" aria-describedby=\"caption-attachment-139243\" class=\"wp-image-139243 size-full\" src=\"https:\/\/atanga.de\/wp-content\/uploads\/2022\/11\/Gewagte-Hang-Architektur.jpg\" alt=\"\" width=\"1600\" height=\"899\" srcset=\"https:\/\/atanga.de\/wp-content\/uploads\/2022\/11\/Gewagte-Hang-Architektur.jpg 1600w, https:\/\/atanga.de\/wp-content\/uploads\/2022\/11\/Gewagte-Hang-Architektur-300x169.jpg 300w, https:\/\/atanga.de\/wp-content\/uploads\/2022\/11\/Gewagte-Hang-Architektur-1038x583.jpg 1038w, https:\/\/atanga.de\/wp-content\/uploads\/2022\/11\/Gewagte-Hang-Architektur-768x432.jpg 768w, https:\/\/atanga.de\/wp-content\/uploads\/2022\/11\/Gewagte-Hang-Architektur-1536x863.jpg 1536w, https:\/\/atanga.de\/wp-content\/uploads\/2022\/11\/Gewagte-Hang-Architektur-624x351.jpg 624w\" sizes=\"(max-width: 1600px) 100vw, 1600px\" \/><\/a><p id=\"caption-attachment-139243\" class=\"wp-caption-text\">Gewagte Hang-Architektur<\/p><\/div>\n<div id=\"attachment_139244\" style=\"width: 1610px\" class=\"wp-caption alignnone\"><a class=\"boxersandswipers\" title=\"Nebenstra\u00dfe mitten im Zentrum von Wellington\" href=\"https:\/\/atanga.de\/wp-content\/uploads\/2022\/11\/Nebenstrasse-mitten-im-Zentrum-von-Wellington.jpg\"><img decoding=\"async\" aria-describedby=\"caption-attachment-139244\" class=\"wp-image-139244 size-full\" src=\"https:\/\/atanga.de\/wp-content\/uploads\/2022\/11\/Nebenstrasse-mitten-im-Zentrum-von-Wellington.jpg\" alt=\"\" width=\"1600\" height=\"899\" srcset=\"https:\/\/atanga.de\/wp-content\/uploads\/2022\/11\/Nebenstrasse-mitten-im-Zentrum-von-Wellington.jpg 1600w, https:\/\/atanga.de\/wp-content\/uploads\/2022\/11\/Nebenstrasse-mitten-im-Zentrum-von-Wellington-300x169.jpg 300w, https:\/\/atanga.de\/wp-content\/uploads\/2022\/11\/Nebenstrasse-mitten-im-Zentrum-von-Wellington-1038x583.jpg 1038w, https:\/\/atanga.de\/wp-content\/uploads\/2022\/11\/Nebenstrasse-mitten-im-Zentrum-von-Wellington-768x432.jpg 768w, https:\/\/atanga.de\/wp-content\/uploads\/2022\/11\/Nebenstrasse-mitten-im-Zentrum-von-Wellington-1536x863.jpg 1536w, https:\/\/atanga.de\/wp-content\/uploads\/2022\/11\/Nebenstrasse-mitten-im-Zentrum-von-Wellington-624x351.jpg 624w\" sizes=\"(max-width: 1600px) 100vw, 1600px\" \/><\/a><p id=\"caption-attachment-139244\" class=\"wp-caption-text\">Nebenstra\u00dfe mitten im Zentrum von Wellington<\/p><\/div>\n<div id=\"attachment_139245\" style=\"width: 1610px\" class=\"wp-caption alignnone\"><a class=\"boxersandswipers\" title=\"Fast d\u00f6rfliche Stimmung drei Stra\u00dfen oberhalb vom Zentrum\" href=\"https:\/\/atanga.de\/wp-content\/uploads\/2022\/11\/Fast-doerfliche-Stimmung-drei-Strssen-oberhalb-vom-Zentrum.jpg\"><img decoding=\"async\" aria-describedby=\"caption-attachment-139245\" class=\"wp-image-139245 size-full\" src=\"https:\/\/atanga.de\/wp-content\/uploads\/2022\/11\/Fast-doerfliche-Stimmung-drei-Strssen-oberhalb-vom-Zentrum.jpg\" alt=\"\" width=\"1600\" height=\"899\" srcset=\"https:\/\/atanga.de\/wp-content\/uploads\/2022\/11\/Fast-doerfliche-Stimmung-drei-Strssen-oberhalb-vom-Zentrum.jpg 1600w, https:\/\/atanga.de\/wp-content\/uploads\/2022\/11\/Fast-doerfliche-Stimmung-drei-Strssen-oberhalb-vom-Zentrum-300x169.jpg 300w, https:\/\/atanga.de\/wp-content\/uploads\/2022\/11\/Fast-doerfliche-Stimmung-drei-Strssen-oberhalb-vom-Zentrum-1038x583.jpg 1038w, https:\/\/atanga.de\/wp-content\/uploads\/2022\/11\/Fast-doerfliche-Stimmung-drei-Strssen-oberhalb-vom-Zentrum-768x432.jpg 768w, https:\/\/atanga.de\/wp-content\/uploads\/2022\/11\/Fast-doerfliche-Stimmung-drei-Strssen-oberhalb-vom-Zentrum-1536x863.jpg 1536w, https:\/\/atanga.de\/wp-content\/uploads\/2022\/11\/Fast-doerfliche-Stimmung-drei-Strssen-oberhalb-vom-Zentrum-624x351.jpg 624w\" sizes=\"(max-width: 1600px) 100vw, 1600px\" \/><\/a><p id=\"caption-attachment-139245\" class=\"wp-caption-text\">Fast d\u00f6rfliche Stimmung &#8211; drei Stra\u00dfen oberhalb vom Zentrum<\/p><\/div>\n<p>Im Regierungsviertel f\u00e4llt besonders der sogenannte Beehive \u2013 der Bienenkorb &#8211; ins Auge. In dem extravaganten Geb\u00e4ude befinden sich die B\u00fcros der\u00a0 Premierministerin und der Kabinettsmitglieder. Eine F\u00fchrung ist kostenlos, da sagen wir nicht nein. Das eigentliche Parlamentsgeb\u00e4ude ist mit dem Beehive verbunden und hundert Jahre. Es wurde 1995 mit unterirdischen Sockelisolatoren versehen. Diese gro\u00dfen Lager aus Gummi und Stahl sind eine neuseel\u00e4ndische Erfindung und sollen Erdbeben bis 7,5 absorbieren. Weltweit findet diese Technik Einsatz.<\/p>\n<p>Neuseeland war das erste Land in dem das Frauenwahlrecht eingef\u00fchrt wurde. Einer Legende nach haben die Frauen nur darum gek\u00e4mpft, um das Verbot von Alkohol voran zu treiben. <img src=\"https:\/\/atanga.de\/wp-content\/plugins\/classic-smilies\/img\/icon_wink.gif\" alt=\";-)\" class=\"wp-smiley\" style=\"height: 1em; max-height: 1em;\" \/><\/p>\n<div id=\"attachment_139247\" style=\"width: 1610px\" class=\"wp-caption alignnone\"><a class=\"boxersandswipers\" title=\"Der Beehive von Wellington\" href=\"https:\/\/atanga.de\/wp-content\/uploads\/2022\/11\/Der-Beehive-von-Wellington.jpg\"><img decoding=\"async\" aria-describedby=\"caption-attachment-139247\" class=\"wp-image-139247 size-full\" src=\"https:\/\/atanga.de\/wp-content\/uploads\/2022\/11\/Der-Beehive-von-Wellington.jpg\" alt=\"\" width=\"1600\" height=\"1071\" srcset=\"https:\/\/atanga.de\/wp-content\/uploads\/2022\/11\/Der-Beehive-von-Wellington.jpg 1600w, https:\/\/atanga.de\/wp-content\/uploads\/2022\/11\/Der-Beehive-von-Wellington-300x201.jpg 300w, https:\/\/atanga.de\/wp-content\/uploads\/2022\/11\/Der-Beehive-von-Wellington-1038x695.jpg 1038w, https:\/\/atanga.de\/wp-content\/uploads\/2022\/11\/Der-Beehive-von-Wellington-768x514.jpg 768w, https:\/\/atanga.de\/wp-content\/uploads\/2022\/11\/Der-Beehive-von-Wellington-1536x1028.jpg 1536w, https:\/\/atanga.de\/wp-content\/uploads\/2022\/11\/Der-Beehive-von-Wellington-624x418.jpg 624w\" sizes=\"(max-width: 1600px) 100vw, 1600px\" \/><\/a><p id=\"caption-attachment-139247\" class=\"wp-caption-text\">Der Beehive von Wellington<\/p><\/div>\n<div id=\"attachment_139246\" style=\"width: 1610px\" class=\"wp-caption alignnone\"><a class=\"boxersandswipers\" title=\"Beehave mit Parlament und Bibliothek ergeben eine bunte Stil-Einheit\" href=\"https:\/\/atanga.de\/wp-content\/uploads\/2022\/11\/Beehave-mit-Parlament-und-Bibliothek-ergeben-eine-bunte-Stil-Einheit.jpg\"><img decoding=\"async\" aria-describedby=\"caption-attachment-139246\" class=\"wp-image-139246 size-full\" src=\"https:\/\/atanga.de\/wp-content\/uploads\/2022\/11\/Beehave-mit-Parlament-und-Bibliothek-ergeben-eine-bunte-Stil-Einheit.jpg\" alt=\"\" width=\"1600\" height=\"1071\" srcset=\"https:\/\/atanga.de\/wp-content\/uploads\/2022\/11\/Beehave-mit-Parlament-und-Bibliothek-ergeben-eine-bunte-Stil-Einheit.jpg 1600w, https:\/\/atanga.de\/wp-content\/uploads\/2022\/11\/Beehave-mit-Parlament-und-Bibliothek-ergeben-eine-bunte-Stil-Einheit-300x201.jpg 300w, https:\/\/atanga.de\/wp-content\/uploads\/2022\/11\/Beehave-mit-Parlament-und-Bibliothek-ergeben-eine-bunte-Stil-Einheit-1038x695.jpg 1038w, https:\/\/atanga.de\/wp-content\/uploads\/2022\/11\/Beehave-mit-Parlament-und-Bibliothek-ergeben-eine-bunte-Stil-Einheit-768x514.jpg 768w, https:\/\/atanga.de\/wp-content\/uploads\/2022\/11\/Beehave-mit-Parlament-und-Bibliothek-ergeben-eine-bunte-Stil-Einheit-1536x1028.jpg 1536w, https:\/\/atanga.de\/wp-content\/uploads\/2022\/11\/Beehave-mit-Parlament-und-Bibliothek-ergeben-eine-bunte-Stil-Einheit-624x418.jpg 624w\" sizes=\"(max-width: 1600px) 100vw, 1600px\" \/><\/a><p id=\"caption-attachment-139246\" class=\"wp-caption-text\">Beehave mit Parlament und Bibliothek ergeben eine bunte Stil-Einheit<\/p><\/div>\n<div id=\"attachment_139249\" style=\"width: 1610px\" class=\"wp-caption alignnone\"><a class=\"boxersandswipers\" title=\"Staatsbibliothek\" href=\"https:\/\/atanga.de\/wp-content\/uploads\/2022\/11\/Staatsbibliothek.jpg\"><img decoding=\"async\" aria-describedby=\"caption-attachment-139249\" class=\"wp-image-139249 size-full\" src=\"https:\/\/atanga.de\/wp-content\/uploads\/2022\/11\/Staatsbibliothek.jpg\" alt=\"\" width=\"1600\" height=\"899\" srcset=\"https:\/\/atanga.de\/wp-content\/uploads\/2022\/11\/Staatsbibliothek.jpg 1600w, https:\/\/atanga.de\/wp-content\/uploads\/2022\/11\/Staatsbibliothek-300x169.jpg 300w, https:\/\/atanga.de\/wp-content\/uploads\/2022\/11\/Staatsbibliothek-1038x583.jpg 1038w, https:\/\/atanga.de\/wp-content\/uploads\/2022\/11\/Staatsbibliothek-768x432.jpg 768w, https:\/\/atanga.de\/wp-content\/uploads\/2022\/11\/Staatsbibliothek-1536x863.jpg 1536w, https:\/\/atanga.de\/wp-content\/uploads\/2022\/11\/Staatsbibliothek-624x351.jpg 624w\" sizes=\"(max-width: 1600px) 100vw, 1600px\" \/><\/a><p id=\"caption-attachment-139249\" class=\"wp-caption-text\">Staatsbibliothek<\/p><\/div>\n<div id=\"attachment_139248\" style=\"width: 1610px\" class=\"wp-caption alignnone\"><a class=\"boxersandswipers\" title=\"So gr\u00fcn ist Wellington - die Bergkette hinter dem Beehave ist ein Naherholungsgebiet\" href=\"https:\/\/atanga.de\/wp-content\/uploads\/2022\/11\/So-gruen-ist-Wellington-die-Berkette-hinter-dem-Beehave-ist-ein-Naherholungsgebiet.jpg\"><img decoding=\"async\" aria-describedby=\"caption-attachment-139248\" class=\"wp-image-139248 size-full\" src=\"https:\/\/atanga.de\/wp-content\/uploads\/2022\/11\/So-gruen-ist-Wellington-die-Berkette-hinter-dem-Beehave-ist-ein-Naherholungsgebiet.jpg\" alt=\"\" width=\"1600\" height=\"899\" srcset=\"https:\/\/atanga.de\/wp-content\/uploads\/2022\/11\/So-gruen-ist-Wellington-die-Berkette-hinter-dem-Beehave-ist-ein-Naherholungsgebiet.jpg 1600w, https:\/\/atanga.de\/wp-content\/uploads\/2022\/11\/So-gruen-ist-Wellington-die-Berkette-hinter-dem-Beehave-ist-ein-Naherholungsgebiet-300x169.jpg 300w, https:\/\/atanga.de\/wp-content\/uploads\/2022\/11\/So-gruen-ist-Wellington-die-Berkette-hinter-dem-Beehave-ist-ein-Naherholungsgebiet-1038x583.jpg 1038w, https:\/\/atanga.de\/wp-content\/uploads\/2022\/11\/So-gruen-ist-Wellington-die-Berkette-hinter-dem-Beehave-ist-ein-Naherholungsgebiet-768x432.jpg 768w, https:\/\/atanga.de\/wp-content\/uploads\/2022\/11\/So-gruen-ist-Wellington-die-Berkette-hinter-dem-Beehave-ist-ein-Naherholungsgebiet-1536x863.jpg 1536w, https:\/\/atanga.de\/wp-content\/uploads\/2022\/11\/So-gruen-ist-Wellington-die-Berkette-hinter-dem-Beehave-ist-ein-Naherholungsgebiet-624x351.jpg 624w\" sizes=\"(max-width: 1600px) 100vw, 1600px\" \/><\/a><p id=\"caption-attachment-139248\" class=\"wp-caption-text\">So gr\u00fcn ist Wellington &#8211; die Bergkette hinter dem Beehave ist ein Naherholungsgebiet<\/p><\/div>\n<p>Abwechslungsreiche Tage bietet uns Wellington. Die letzte Nacht verbringen wir in Upper Hutt \u2013 einem Vorort von Wellington. Dort sind wir von einem Ex-Kollegen von Achim eingeladen worden. Erstaunlicherweise bereits der vierte Kollege bzw. Chefin auf unserer Reise \u00a0(Lissabon, Lanzarote, Ecuador und jetzt hier) \u2013 verr\u00fcckte, kleine Welt.<br \/>\nDanke Mike und Lynley f\u00fcr Eure Gastfreundschaft und den leckeren Grillabend. Wir kommen wieder.<\/p>\n<div id=\"attachment_139251\" style=\"width: 1610px\" class=\"wp-caption alignnone\"><a class=\"boxersandswipers\" title=\"Upper Hut - tolles Tal vor Wellington\" href=\"https:\/\/atanga.de\/wp-content\/uploads\/2022\/11\/Upper-Hut-tolles-Tal-vor-Wellington.jpg\"><img decoding=\"async\" aria-describedby=\"caption-attachment-139251\" class=\"wp-image-139251 size-full\" src=\"https:\/\/atanga.de\/wp-content\/uploads\/2022\/11\/Upper-Hut-tolles-Tal-vor-Wellington.jpg\" alt=\"\" width=\"1600\" height=\"899\" srcset=\"https:\/\/atanga.de\/wp-content\/uploads\/2022\/11\/Upper-Hut-tolles-Tal-vor-Wellington.jpg 1600w, https:\/\/atanga.de\/wp-content\/uploads\/2022\/11\/Upper-Hut-tolles-Tal-vor-Wellington-300x169.jpg 300w, https:\/\/atanga.de\/wp-content\/uploads\/2022\/11\/Upper-Hut-tolles-Tal-vor-Wellington-1038x583.jpg 1038w, https:\/\/atanga.de\/wp-content\/uploads\/2022\/11\/Upper-Hut-tolles-Tal-vor-Wellington-768x432.jpg 768w, https:\/\/atanga.de\/wp-content\/uploads\/2022\/11\/Upper-Hut-tolles-Tal-vor-Wellington-1536x863.jpg 1536w, https:\/\/atanga.de\/wp-content\/uploads\/2022\/11\/Upper-Hut-tolles-Tal-vor-Wellington-624x351.jpg 624w\" sizes=\"(max-width: 1600px) 100vw, 1600px\" \/><\/a><p id=\"caption-attachment-139251\" class=\"wp-caption-text\">Upper Hutt &#8211; tolles Tal vor Wellington<\/p><\/div>\n<div id=\"attachment_139250\" style=\"width: 1610px\" class=\"wp-caption alignnone\"><a class=\"boxersandswipers\" title=\"Der Eingang zum Rosengarten von Mike und Lylinn - so l\u00e4sst es sich wohnen\" href=\"https:\/\/atanga.de\/wp-content\/uploads\/2022\/11\/Der-Eingang-zum-Rosengarten-von-Mike-und-Lylinn-so-laesst-es-sich-wohnen.jpg\"><img decoding=\"async\" aria-describedby=\"caption-attachment-139250\" class=\"wp-image-139250 size-full\" src=\"https:\/\/atanga.de\/wp-content\/uploads\/2022\/11\/Der-Eingang-zum-Rosengarten-von-Mike-und-Lylinn-so-laesst-es-sich-wohnen.jpg\" alt=\"\" width=\"1600\" height=\"899\" srcset=\"https:\/\/atanga.de\/wp-content\/uploads\/2022\/11\/Der-Eingang-zum-Rosengarten-von-Mike-und-Lylinn-so-laesst-es-sich-wohnen.jpg 1600w, https:\/\/atanga.de\/wp-content\/uploads\/2022\/11\/Der-Eingang-zum-Rosengarten-von-Mike-und-Lylinn-so-laesst-es-sich-wohnen-300x169.jpg 300w, https:\/\/atanga.de\/wp-content\/uploads\/2022\/11\/Der-Eingang-zum-Rosengarten-von-Mike-und-Lylinn-so-laesst-es-sich-wohnen-1038x583.jpg 1038w, https:\/\/atanga.de\/wp-content\/uploads\/2022\/11\/Der-Eingang-zum-Rosengarten-von-Mike-und-Lylinn-so-laesst-es-sich-wohnen-768x432.jpg 768w, https:\/\/atanga.de\/wp-content\/uploads\/2022\/11\/Der-Eingang-zum-Rosengarten-von-Mike-und-Lylinn-so-laesst-es-sich-wohnen-1536x863.jpg 1536w, https:\/\/atanga.de\/wp-content\/uploads\/2022\/11\/Der-Eingang-zum-Rosengarten-von-Mike-und-Lylinn-so-laesst-es-sich-wohnen-624x351.jpg 624w\" sizes=\"(max-width: 1600px) 100vw, 1600px\" \/><\/a><p id=\"caption-attachment-139250\" class=\"wp-caption-text\">Der Eingang zum Rosengarten von Mike und Lylin &#8211; so l\u00e4sst es sich wohnen<\/p><\/div>\n<p><img src=\"https:\/\/atanga.de\/wp-content\/plugins\/classic-smilies\/img\/icon_wink.gif\" alt=\";-)\" class=\"wp-smiley\" style=\"height: 1em; max-height: 1em;\" \/><\/p>\n<div class=\"pld-like-dislike-wrap pld-template-1\">\r\n    <div class=\"pld-like-wrap  pld-common-wrap\">\r\n    <a href=\"javascript:void(0)\" class=\"pld-like-trigger pld-like-dislike-trigger  \" title=\"gef\u00e4llt mir\" data-post-id=\"139240\" data-trigger-type=\"like\" data-restriction=\"cookie\" data-already-liked=\"0\">\r\n                        <i class=\"fas fa-thumbs-up\"><\/i>\r\n                <\/a>\r\n    <span class=\"pld-like-count-wrap pld-count-wrap\">61    <\/span>\r\n<\/div><div class=\"pld-dislike-wrap  pld-common-wrap\">\r\n    <a href=\"javascript:void(0)\" class=\"pld-dislike-trigger pld-like-dislike-trigger  \" title=\"doof\" data-post-id=\"139240\" data-trigger-type=\"dislike\" data-restriction=\"cookie\" data-already-liked=\"0\">\r\n                        <i class=\"fas fa-thumbs-down\"><\/i>\r\n                <\/a>\r\n    <span class=\"pld-dislike-count-wrap pld-count-wrap\"><\/span>\r\n<\/div><\/div>","protected":false},"excerpt":{"rendered":"<p>14.\/15. Nov. 22, Neuseeland\/Wellington, Tag 3089\/90, 24.696 sm von HH Aufgrund der schlechten Regenstatistik in Wellington haben wir vier volle Tage eingeplant, um wenigstens einen guten Tag zu erwischen. Entgegen der Prognosen haben wir (fast) nur sch\u00f6nes Wetter. Umso besser. Das gibt uns viel Zeit f\u00fcr diese gro\u00dfartige Stadt. Und Achim f\u00e4llt auf, dass f\u00fcr [&hellip;]<\/p>\n","protected":false},"author":4,"featured_media":0,"comment_status":"open","ping_status":"closed","sticky":false,"template":"","format":"standard","meta":{"footnotes":""},"categories":[36,219,65],"tags":[334,335],"class_list":["post-139240","post","type-post","status-publish","format-standard","hentry","category-landausfluege","category-neuseeland","category-friedhof","tag-schoenstehauptstadtderwelt","tag-ilovewellington"],"_links":{"self":[{"href":"https:\/\/atanga.de\/index.php?rest_route=\/wp\/v2\/posts\/139240","targetHints":{"allow":["GET"]}}],"collection":[{"href":"https:\/\/atanga.de\/index.php?rest_route=\/wp\/v2\/posts"}],"about":[{"href":"https:\/\/atanga.de\/index.php?rest_route=\/wp\/v2\/types\/post"}],"author":[{"embeddable":true,"href":"https:\/\/atanga.de\/index.php?rest_route=\/wp\/v2\/users\/4"}],"replies":[{"embeddable":true,"href":"https:\/\/atanga.de\/index.php?rest_route=%2Fwp%2Fv2%2Fcomments&post=139240"}],"version-history":[{"count":3,"href":"https:\/\/atanga.de\/index.php?rest_route=\/wp\/v2\/posts\/139240\/revisions"}],"predecessor-version":[{"id":139258,"href":"https:\/\/atanga.de\/index.php?rest_route=\/wp\/v2\/posts\/139240\/revisions\/139258"}],"wp:attachment":[{"href":"https:\/\/atanga.de\/index.php?rest_route=%2Fwp%2Fv2%2Fmedia&parent=139240"}],"wp:term":[{"taxonomy":"category","embeddable":true,"href":"https:\/\/atanga.de\/index.php?rest_route=%2Fwp%2Fv2%2Fcategories&post=139240"},{"taxonomy":"post_tag","embeddable":true,"href":"https:\/\/atanga.de\/index.php?rest_route=%2Fwp%2Fv2%2Ftags&post=139240"}],"curies":[{"name":"wp","href":"https:\/\/api.w.org\/{rel}","templated":true}]}}