{"id":142127,"date":"2025-01-30T04:31:38","date_gmt":"2025-01-30T04:31:38","guid":{"rendered":"https:\/\/atanga.de\/?p=142127"},"modified":"2025-01-30T04:44:26","modified_gmt":"2025-01-30T04:44:26","slug":"steinige-mutprobe","status":"publish","type":"post","link":"https:\/\/atanga.de\/?p=142127","title":{"rendered":"Steinige Mutprobe"},"content":{"rendered":"<p><em>23.-27.01.25, Australien\/NSW\/QLD\/Tenterfield + Girraween, Tag 421-424 Roadtrip, 30.491 km total, Tages-km 37<\/em><\/p>\n<p>Schon beim ersten Blick von unserem Stellplatz f\u00e4llt uns der Stein auf, der dort eigentlich nicht liegen d\u00fcrfte. Ein riesiger Granitbrocken auf einem Hang mit 45 Grad Gef\u00e4lle. Wir witzeln rum, wann der Stein wohl seinen Weg nach unten finden mag. \u201eEin bisschen dr\u00fccken und er rollt. Aber das geht ja gar nicht, weil man auf der glatten, steilen Fl\u00e4che nicht klettern kann.\u201c<\/p>\n<div id=\"attachment_142139\" style=\"width: 1210px\" class=\"wp-caption alignnone\"><img decoding=\"async\" aria-describedby=\"caption-attachment-142139\" class=\"size-full wp-image-142139\" src=\"https:\/\/atanga.de\/wp-content\/uploads\/2025\/01\/Total-auffaellig-liegt-der-Fels-an-der-schraegen-Wand.jpg\" alt=\"\" width=\"1200\" height=\"800\" srcset=\"https:\/\/atanga.de\/wp-content\/uploads\/2025\/01\/Total-auffaellig-liegt-der-Fels-an-der-schraegen-Wand.jpg 1200w, https:\/\/atanga.de\/wp-content\/uploads\/2025\/01\/Total-auffaellig-liegt-der-Fels-an-der-schraegen-Wand-300x200.jpg 300w, https:\/\/atanga.de\/wp-content\/uploads\/2025\/01\/Total-auffaellig-liegt-der-Fels-an-der-schraegen-Wand-1038x692.jpg 1038w, https:\/\/atanga.de\/wp-content\/uploads\/2025\/01\/Total-auffaellig-liegt-der-Fels-an-der-schraegen-Wand-768x512.jpg 768w, https:\/\/atanga.de\/wp-content\/uploads\/2025\/01\/Total-auffaellig-liegt-der-Fels-an-der-schraegen-Wand-624x416.jpg 624w\" sizes=\"(max-width: 1200px) 100vw, 1200px\" \/><p id=\"caption-attachment-142139\" class=\"wp-caption-text\">Total auff\u00e4llig liegt der Felsen am Abhang. Ein m\u00e4chtiger Brocken.<\/p><\/div>\n<p>&nbsp;<\/p>\n<p>Der Berg nennt sich \u201aPyramid\u2018, liegt mitten im Girraween Nationalpark, im sogenannten \u201aGranit G\u00fcrtel\u2018. Wir lassen die Pyramide unbeachtet und wandern zum \u201aCastle Rock\u2018. \u00dcberall in der Landschaft verstreut liegen kugelf\u00f6rmige Felsen herum. Aufget\u00fcrmt von Riesen? Einige balancieren nur noch auf kleinsten Fl\u00e4chen. Scheinbar gegen jede Schwerkraft.<\/p>\n<div id=\"attachment_142138\" style=\"width: 1210px\" class=\"wp-caption alignnone\"><a class=\"boxersandswipers\" title=\"Nicht von Riesen gestapelt sondern\" href=\"https:\/\/atanga.de\/wp-content\/uploads\/2025\/01\/Nicht-von-Riesen-gestapelt-sondern.jpg\"><img decoding=\"async\" aria-describedby=\"caption-attachment-142138\" class=\"wp-image-142138 size-full\" src=\"https:\/\/atanga.de\/wp-content\/uploads\/2025\/01\/Nicht-von-Riesen-gestapelt-sondern.jpg\" alt=\"\" width=\"1200\" height=\"800\" srcset=\"https:\/\/atanga.de\/wp-content\/uploads\/2025\/01\/Nicht-von-Riesen-gestapelt-sondern.jpg 1200w, https:\/\/atanga.de\/wp-content\/uploads\/2025\/01\/Nicht-von-Riesen-gestapelt-sondern-300x200.jpg 300w, https:\/\/atanga.de\/wp-content\/uploads\/2025\/01\/Nicht-von-Riesen-gestapelt-sondern-1038x692.jpg 1038w, https:\/\/atanga.de\/wp-content\/uploads\/2025\/01\/Nicht-von-Riesen-gestapelt-sondern-768x512.jpg 768w, https:\/\/atanga.de\/wp-content\/uploads\/2025\/01\/Nicht-von-Riesen-gestapelt-sondern-624x416.jpg 624w\" sizes=\"(max-width: 1200px) 100vw, 1200px\" \/><\/a><p id=\"caption-attachment-142138\" class=\"wp-caption-text\">Nicht von Riesen gestapelt, sondern &#8230;<\/p><\/div>\n<div id=\"attachment_142137\" style=\"width: 1210px\" class=\"wp-caption alignnone\"><a class=\"boxersandswipers\" title=\"Magma wurde beim Erkalten zu Granit\" href=\"https:\/\/atanga.de\/wp-content\/uploads\/2025\/01\/Maga-wurde-beim-Erkalten-zu-Granit.jpg\"><img decoding=\"async\" aria-describedby=\"caption-attachment-142137\" class=\"wp-image-142137 size-full\" src=\"https:\/\/atanga.de\/wp-content\/uploads\/2025\/01\/Maga-wurde-beim-Erkalten-zu-Granit.jpg\" alt=\"\" width=\"1200\" height=\"800\" srcset=\"https:\/\/atanga.de\/wp-content\/uploads\/2025\/01\/Maga-wurde-beim-Erkalten-zu-Granit.jpg 1200w, https:\/\/atanga.de\/wp-content\/uploads\/2025\/01\/Maga-wurde-beim-Erkalten-zu-Granit-300x200.jpg 300w, https:\/\/atanga.de\/wp-content\/uploads\/2025\/01\/Maga-wurde-beim-Erkalten-zu-Granit-1038x692.jpg 1038w, https:\/\/atanga.de\/wp-content\/uploads\/2025\/01\/Maga-wurde-beim-Erkalten-zu-Granit-768x512.jpg 768w, https:\/\/atanga.de\/wp-content\/uploads\/2025\/01\/Maga-wurde-beim-Erkalten-zu-Granit-624x416.jpg 624w\" sizes=\"(max-width: 1200px) 100vw, 1200px\" \/><\/a><p id=\"caption-attachment-142137\" class=\"wp-caption-text\">&#8230; Magma wurde vor Jahrmillionen beim Erkalten zu Granit. Endlose Erosion hat einzelne Brocken freigelegt, weil kleines Sediment und Steine abgetragen wurden.<\/p><\/div>\n<div id=\"attachment_142141\" style=\"width: 1210px\" class=\"wp-caption alignnone\"><a class=\"boxersandswipers\" title=\"Wind und Wasser tragen unaufhaltsam die Auflagefl\u00e4chen ab. Irgendwann rollt auch dieser Stein abw\u00e4rts.\" href=\"https:\/\/atanga.de\/wp-content\/uploads\/2025\/01\/Wind-und-Wasser-tragen-unaufhaltsam-die-Auflageflaechen-ab.-Irgendwann-rollt-auch-dieser-Stein-abwaerts.jpg\"><img decoding=\"async\" aria-describedby=\"caption-attachment-142141\" class=\"wp-image-142141 size-full\" src=\"https:\/\/atanga.de\/wp-content\/uploads\/2025\/01\/Wind-und-Wasser-tragen-unaufhaltsam-die-Auflageflaechen-ab.-Irgendwann-rollt-auch-dieser-Stein-abwaerts.jpg\" alt=\"\" width=\"1200\" height=\"800\" srcset=\"https:\/\/atanga.de\/wp-content\/uploads\/2025\/01\/Wind-und-Wasser-tragen-unaufhaltsam-die-Auflageflaechen-ab.-Irgendwann-rollt-auch-dieser-Stein-abwaerts.jpg 1200w, https:\/\/atanga.de\/wp-content\/uploads\/2025\/01\/Wind-und-Wasser-tragen-unaufhaltsam-die-Auflageflaechen-ab.-Irgendwann-rollt-auch-dieser-Stein-abwaerts-300x200.jpg 300w, https:\/\/atanga.de\/wp-content\/uploads\/2025\/01\/Wind-und-Wasser-tragen-unaufhaltsam-die-Auflageflaechen-ab.-Irgendwann-rollt-auch-dieser-Stein-abwaerts-1038x692.jpg 1038w, https:\/\/atanga.de\/wp-content\/uploads\/2025\/01\/Wind-und-Wasser-tragen-unaufhaltsam-die-Auflageflaechen-ab.-Irgendwann-rollt-auch-dieser-Stein-abwaerts-768x512.jpg 768w, https:\/\/atanga.de\/wp-content\/uploads\/2025\/01\/Wind-und-Wasser-tragen-unaufhaltsam-die-Auflageflaechen-ab.-Irgendwann-rollt-auch-dieser-Stein-abwaerts-624x416.jpg 624w\" sizes=\"(max-width: 1200px) 100vw, 1200px\" \/><\/a><p id=\"caption-attachment-142141\" class=\"wp-caption-text\">Wind und Wasser tragen unaufhaltsam die Auflagefl\u00e4chen der Felsen ab. Irgendwann rollt auch dieser Stein abw\u00e4rts.<\/p><\/div>\n<p>Kurz vor dem Gipfel von \u201aCastle Rock\u2018 muss man durch eine Felsenspalte klettern. Dahinter bleibt uns die Spucke weg, vor uns liegt glatter Granit und es geht einfach nur abw\u00e4rts. Wir sprechen mit einem \u00e4lteren Herren: \u201eWenn es Euch hier steil vorkommt, \u201athe pyramid\u2018 ist dreimal schlimmer.\u201c Ein junger Mann findet es dort sogar f\u00fcnfmal steiler.<\/p>\n<div id=\"attachment_142134\" style=\"width: 1210px\" class=\"wp-caption alignnone\"><a class=\"boxersandswipers\" title=\"Durch diesen Schlitz muss man sich quetschen\" href=\"https:\/\/atanga.de\/wp-content\/uploads\/2025\/01\/Durch-diesen-Schlitz-muss-man-sich-quetschen.jpg\"><img decoding=\"async\" aria-describedby=\"caption-attachment-142134\" class=\"wp-image-142134 size-full\" src=\"https:\/\/atanga.de\/wp-content\/uploads\/2025\/01\/Durch-diesen-Schlitz-muss-man-sich-quetschen.jpg\" alt=\"\" width=\"1200\" height=\"800\" srcset=\"https:\/\/atanga.de\/wp-content\/uploads\/2025\/01\/Durch-diesen-Schlitz-muss-man-sich-quetschen.jpg 1200w, https:\/\/atanga.de\/wp-content\/uploads\/2025\/01\/Durch-diesen-Schlitz-muss-man-sich-quetschen-300x200.jpg 300w, https:\/\/atanga.de\/wp-content\/uploads\/2025\/01\/Durch-diesen-Schlitz-muss-man-sich-quetschen-1038x692.jpg 1038w, https:\/\/atanga.de\/wp-content\/uploads\/2025\/01\/Durch-diesen-Schlitz-muss-man-sich-quetschen-768x512.jpg 768w, https:\/\/atanga.de\/wp-content\/uploads\/2025\/01\/Durch-diesen-Schlitz-muss-man-sich-quetschen-624x416.jpg 624w\" sizes=\"(max-width: 1200px) 100vw, 1200px\" \/><\/a><p id=\"caption-attachment-142134\" class=\"wp-caption-text\">Hinter diesem Schlitz geht es bergab.<\/p><\/div>\n<p>&nbsp;<\/p>\n<p>Das wollen wir sehen. Am n\u00e4chsten Tag wandern wir zur Pyramide. \u201eWenn es zu steil wird, drehen wir einfach wieder um\u201c, Achim kann gut mit H\u00f6he (Mastkletterer auf dem schwankenden Kahn), aber wenn es nichts gibt an dem er sich festhalten kann, ist er raus.<br \/>\nNach vierhundert Stufen durch h\u00fcbsche Stein-Landschaft erreichen wir den blanken Felsen. Zwei Frauen kommen uns vom Gipfel entgegen. \u201eIch war oben wir paralysiert\u201c, berichtet die \u00c4ltere. \u201eRunter ist leichter als rauf, findet die Junge.<\/p>\n<p>Ich mache ein paar Trittversuche. Kein Problem auf den Schr\u00e4gen zu stehen. Die Sohlen kleben f\u00f6rmlich am Granit. Mich sticht der Hafer. &#8222;Halt mal mein Bier!&#8220; Ohne zu \u00fcberlegen, schnaufe ich mich die steile Wand nach oben. Dass Achim nicht hinterherkommt, ist mir klar. Einmal die sichtbar schwierigste Stelle geschafft zu haben, m\u00f6chte ich weiter. Ich winke nach unten.<\/p>\n<div id=\"attachment_142135\" style=\"width: 1210px\" class=\"wp-caption alignnone\"><a class=\"boxersandswipers\" title=\"Ich auf dem Weg nach oben - die Familie \u00fcberlegt noch\" href=\"https:\/\/atanga.de\/wp-content\/uploads\/2025\/01\/Ich-auf-dem-Weg-nach-oben-die-Familie-ueberlegt-noch.jpg\"><img decoding=\"async\" aria-describedby=\"caption-attachment-142135\" class=\"wp-image-142135 size-full\" src=\"https:\/\/atanga.de\/wp-content\/uploads\/2025\/01\/Ich-auf-dem-Weg-nach-oben-die-Familie-ueberlegt-noch.jpg\" alt=\"\" width=\"1200\" height=\"900\" srcset=\"https:\/\/atanga.de\/wp-content\/uploads\/2025\/01\/Ich-auf-dem-Weg-nach-oben-die-Familie-ueberlegt-noch.jpg 1200w, https:\/\/atanga.de\/wp-content\/uploads\/2025\/01\/Ich-auf-dem-Weg-nach-oben-die-Familie-ueberlegt-noch-300x225.jpg 300w, https:\/\/atanga.de\/wp-content\/uploads\/2025\/01\/Ich-auf-dem-Weg-nach-oben-die-Familie-ueberlegt-noch-1038x779.jpg 1038w, https:\/\/atanga.de\/wp-content\/uploads\/2025\/01\/Ich-auf-dem-Weg-nach-oben-die-Familie-ueberlegt-noch-768x576.jpg 768w, https:\/\/atanga.de\/wp-content\/uploads\/2025\/01\/Ich-auf-dem-Weg-nach-oben-die-Familie-ueberlegt-noch-624x468.jpg 624w\" sizes=\"(max-width: 1200px) 100vw, 1200px\" \/><\/a><p id=\"caption-attachment-142135\" class=\"wp-caption-text\">Ich bin auf dem Weg nach oben &#8211; die Familie weiter unten am Felsen \u00fcberlegt noch.<\/p><\/div>\n<div id=\"attachment_142130\" style=\"width: 1210px\" class=\"wp-caption alignnone\"><a class=\"boxersandswipers\" title=\"Blick auf Achim\" href=\"https:\/\/atanga.de\/wp-content\/uploads\/2025\/01\/Blick-auf-Achim.jpg\"><img decoding=\"async\" aria-describedby=\"caption-attachment-142130\" class=\"wp-image-142130 size-full\" src=\"https:\/\/atanga.de\/wp-content\/uploads\/2025\/01\/Blick-auf-Achim.jpg\" alt=\"\" width=\"1200\" height=\"800\" srcset=\"https:\/\/atanga.de\/wp-content\/uploads\/2025\/01\/Blick-auf-Achim.jpg 1200w, https:\/\/atanga.de\/wp-content\/uploads\/2025\/01\/Blick-auf-Achim-300x200.jpg 300w, https:\/\/atanga.de\/wp-content\/uploads\/2025\/01\/Blick-auf-Achim-1038x692.jpg 1038w, https:\/\/atanga.de\/wp-content\/uploads\/2025\/01\/Blick-auf-Achim-768x512.jpg 768w, https:\/\/atanga.de\/wp-content\/uploads\/2025\/01\/Blick-auf-Achim-624x416.jpg 624w\" sizes=\"(max-width: 1200px) 100vw, 1200px\" \/><\/a><p id=\"caption-attachment-142130\" class=\"wp-caption-text\">Blick auf Achim<\/p><\/div>\n<p>Nach der Schr\u00e4ge erreiche ich einen Riss im Berg. Hier liegen viele Felsbrocken. Es ist zwar nicht einfacher zu klettern, aber die sch\u00fctzenden Felsen vermitteln Sicherheit vor dem Abrutschen. Ich dr\u00fccke mich vorw\u00e4rts. Ein junger Typ \u00fcberholt mich. \u201eAlles klar?\u201c Ja, mir geht es gut, ich brauche nur eine Verschnaufpause. Es ist anstrengend und hei\u00df.<\/p>\n<div id=\"attachment_142132\" style=\"width: 1210px\" class=\"wp-caption alignnone\"><a class=\"boxersandswipers\" title=\"Der Weg nach oben\" href=\"https:\/\/atanga.de\/wp-content\/uploads\/2025\/01\/Der-Weg-nach-oben.jpg\"><img decoding=\"async\" aria-describedby=\"caption-attachment-142132\" class=\"wp-image-142132 size-full\" src=\"https:\/\/atanga.de\/wp-content\/uploads\/2025\/01\/Der-Weg-nach-oben.jpg\" alt=\"\" width=\"1200\" height=\"800\" srcset=\"https:\/\/atanga.de\/wp-content\/uploads\/2025\/01\/Der-Weg-nach-oben.jpg 1200w, https:\/\/atanga.de\/wp-content\/uploads\/2025\/01\/Der-Weg-nach-oben-300x200.jpg 300w, https:\/\/atanga.de\/wp-content\/uploads\/2025\/01\/Der-Weg-nach-oben-1038x692.jpg 1038w, https:\/\/atanga.de\/wp-content\/uploads\/2025\/01\/Der-Weg-nach-oben-768x512.jpg 768w, https:\/\/atanga.de\/wp-content\/uploads\/2025\/01\/Der-Weg-nach-oben-624x416.jpg 624w\" sizes=\"(max-width: 1200px) 100vw, 1200px\" \/><\/a><p id=\"caption-attachment-142132\" class=\"wp-caption-text\">Der Weg nach oben.<\/p><\/div>\n<p>Hinter dem Riss kommt eine Kurve. Links neben mir geht es steil bergab. Vor mir liegt der Felsen, den wir schon von unten bewundert haben. Eine junge Frau sitzt im Schatten. \u201eWeiter gehe ich nicht. Ich bin raus. Mir wackeln die Beine.\u201c<br \/>\nIch gehe zum Felsen. Noch einmal wird es richtig steil. Auf einem schmalen Grad stehend muss ich genug Schwung holen, um die vor mir liegende 45 Grad Steigung zu \u00fcberwinden. Nur aus den Beinen heraus. Zum Festhalten gibt es nichts. Hinter mir der Abgrund. Ich \u00fcberlege kurz, ob ich mich einfach zu der Frau in den Schatten setzten sollte. Aber ich kneife die Arschbacken zusammen und weiter geht\u2019s.<\/p>\n<div id=\"attachment_142131\" style=\"width: 1210px\" class=\"wp-caption alignnone\"><a class=\"boxersandswipers\" title=\"Das ist der Felsen\" href=\"https:\/\/atanga.de\/wp-content\/uploads\/2025\/01\/Das-ist-der-Felsen.jpg\"><img decoding=\"async\" aria-describedby=\"caption-attachment-142131\" class=\"wp-image-142131 size-full\" src=\"https:\/\/atanga.de\/wp-content\/uploads\/2025\/01\/Das-ist-der-Felsen.jpg\" alt=\"\" width=\"1200\" height=\"800\" srcset=\"https:\/\/atanga.de\/wp-content\/uploads\/2025\/01\/Das-ist-der-Felsen.jpg 1200w, https:\/\/atanga.de\/wp-content\/uploads\/2025\/01\/Das-ist-der-Felsen-300x200.jpg 300w, https:\/\/atanga.de\/wp-content\/uploads\/2025\/01\/Das-ist-der-Felsen-1038x692.jpg 1038w, https:\/\/atanga.de\/wp-content\/uploads\/2025\/01\/Das-ist-der-Felsen-768x512.jpg 768w, https:\/\/atanga.de\/wp-content\/uploads\/2025\/01\/Das-ist-der-Felsen-624x416.jpg 624w\" sizes=\"(max-width: 1200px) 100vw, 1200px\" \/><\/a><p id=\"caption-attachment-142131\" class=\"wp-caption-text\">Das ist der Felsen.<br \/>Um den Busch muss man links vorbei und dann dort weiter wo die helle Laufspur auf dem Gestein zu erkennen ist.<\/p><\/div>\n<div id=\"attachment_142133\" style=\"width: 1210px\" class=\"wp-caption alignnone\"><a class=\"boxersandswipers\" title=\"Die wei\u00dfen Striche markieren die optimale Strecke\" href=\"https:\/\/atanga.de\/wp-content\/uploads\/2025\/01\/Die-weissen-Striche-markieren-die-optimale-Strecke.jpg\"><img decoding=\"async\" aria-describedby=\"caption-attachment-142133\" class=\"wp-image-142133 size-full\" src=\"https:\/\/atanga.de\/wp-content\/uploads\/2025\/01\/Die-weissen-Striche-markieren-die-optimale-Strecke.jpg\" alt=\"\" width=\"1200\" height=\"800\" srcset=\"https:\/\/atanga.de\/wp-content\/uploads\/2025\/01\/Die-weissen-Striche-markieren-die-optimale-Strecke.jpg 1200w, https:\/\/atanga.de\/wp-content\/uploads\/2025\/01\/Die-weissen-Striche-markieren-die-optimale-Strecke-300x200.jpg 300w, https:\/\/atanga.de\/wp-content\/uploads\/2025\/01\/Die-weissen-Striche-markieren-die-optimale-Strecke-1038x692.jpg 1038w, https:\/\/atanga.de\/wp-content\/uploads\/2025\/01\/Die-weissen-Striche-markieren-die-optimale-Strecke-768x512.jpg 768w, https:\/\/atanga.de\/wp-content\/uploads\/2025\/01\/Die-weissen-Striche-markieren-die-optimale-Strecke-624x416.jpg 624w\" sizes=\"(max-width: 1200px) 100vw, 1200px\" \/><\/a><p id=\"caption-attachment-142133\" class=\"wp-caption-text\">Die wei\u00dfen Striche (links im Schatten) markieren die optimale Strecke.<\/p><\/div>\n<p>Die steilsten f\u00fcnf Meter vom gesamten Aufstieg sind geschafft. Der Rest auf dem Gipfel ist dann einfach. Der junge Typ kommt mir schon wieder entgegen. \u201eRunter ist schwieriger als hoch!\u201c Danke f\u00fcr die Information, Kumpel!<\/p>\n<p>Ich genie\u00dfe die Aussicht. Es ist phantastisch. Nat\u00fcrlich ist es phantastisch. Mein Gehirn ist voll Adrenalin und Endorphinen. Mir geht es mal richtig gut.<\/p>\n<div id=\"attachment_142129\" style=\"width: 1210px\" class=\"wp-caption alignnone\"><a class=\"boxersandswipers\" title=\"Beweis-Selfie - der balancierende Felsensteht fast auf dem Gipfel von Pyramid\" href=\"https:\/\/atanga.de\/wp-content\/uploads\/2025\/01\/Beweis-Selfie-der-balancierende-Felsensteht-fast-auf-dem-Gipfel-von-Pyramid.jpg\"><img decoding=\"async\" aria-describedby=\"caption-attachment-142129\" class=\"wp-image-142129 size-full\" src=\"https:\/\/atanga.de\/wp-content\/uploads\/2025\/01\/Beweis-Selfie-der-balancierende-Felsensteht-fast-auf-dem-Gipfel-von-Pyramid.jpg\" alt=\"\" width=\"1200\" height=\"800\" srcset=\"https:\/\/atanga.de\/wp-content\/uploads\/2025\/01\/Beweis-Selfie-der-balancierende-Felsensteht-fast-auf-dem-Gipfel-von-Pyramid.jpg 1200w, https:\/\/atanga.de\/wp-content\/uploads\/2025\/01\/Beweis-Selfie-der-balancierende-Felsensteht-fast-auf-dem-Gipfel-von-Pyramid-300x200.jpg 300w, https:\/\/atanga.de\/wp-content\/uploads\/2025\/01\/Beweis-Selfie-der-balancierende-Felsensteht-fast-auf-dem-Gipfel-von-Pyramid-1038x692.jpg 1038w, https:\/\/atanga.de\/wp-content\/uploads\/2025\/01\/Beweis-Selfie-der-balancierende-Felsensteht-fast-auf-dem-Gipfel-von-Pyramid-768x512.jpg 768w, https:\/\/atanga.de\/wp-content\/uploads\/2025\/01\/Beweis-Selfie-der-balancierende-Felsensteht-fast-auf-dem-Gipfel-von-Pyramid-624x416.jpg 624w\" sizes=\"(max-width: 1200px) 100vw, 1200px\" \/><\/a><p id=\"caption-attachment-142129\" class=\"wp-caption-text\">Beweis-Selfie! Das Foto bekommt man nur ganz oben. Der balancierende Felsen steht auf dem Gipfel von &#8218;Pyramid&#8216;.<\/p><\/div>\n<p>Diese sch\u00f6nen Hormone helfen beim Abstieg. Angst habe ich nicht. Aber doch, der Cocktail reicht nicht, dass ich mich traue \u00fcberall aufrecht runter zu steigen. An den schlimmsten Stellen gehe ich im Krebsgang abw\u00e4rts. So habe ich es beobachtet bei anderen. Die beiden jungen M\u00e4nner, die fast t\u00e4nzelnd am Hang auf- und ablaufen, ignoriere ich geflissentlich. Dass man nicht auf den Hintern runter muss, wei\u00df mein Kopf auch, allein der Mut geht mir aus.<\/p>\n<div id=\"attachment_142136\" style=\"width: 1210px\" class=\"wp-caption alignnone\"><a class=\"boxersandswipers\" title=\"Im Krebsgang wieder runter\" href=\"https:\/\/atanga.de\/wp-content\/uploads\/2025\/01\/Im-Krebsgang-wieder-runter.jpg\"><img decoding=\"async\" aria-describedby=\"caption-attachment-142136\" class=\"wp-image-142136 size-full\" src=\"https:\/\/atanga.de\/wp-content\/uploads\/2025\/01\/Im-Krebsgang-wieder-runter.jpg\" alt=\"\" width=\"1200\" height=\"800\" srcset=\"https:\/\/atanga.de\/wp-content\/uploads\/2025\/01\/Im-Krebsgang-wieder-runter.jpg 1200w, https:\/\/atanga.de\/wp-content\/uploads\/2025\/01\/Im-Krebsgang-wieder-runter-300x200.jpg 300w, https:\/\/atanga.de\/wp-content\/uploads\/2025\/01\/Im-Krebsgang-wieder-runter-1038x692.jpg 1038w, https:\/\/atanga.de\/wp-content\/uploads\/2025\/01\/Im-Krebsgang-wieder-runter-768x512.jpg 768w, https:\/\/atanga.de\/wp-content\/uploads\/2025\/01\/Im-Krebsgang-wieder-runter-624x416.jpg 624w\" sizes=\"(max-width: 1200px) 100vw, 1200px\" \/><\/a><p id=\"caption-attachment-142136\" class=\"wp-caption-text\">Im Krebsgang wieder runter. Andere haben mir es vorgemacht, wie man wieder runter kommt: auf dem Hosenboden. Die Frau\u00a0 ganz links ist vom markierten Weg abgewichen. Das habe ich wegen der Sicherheit der Felsen auch erst versucht. Da ist es aber noch viel steiler. Besser ist die freie Fl\u00e4che. Ganz schwach ist die aufgehellte Spur zu erkennen<\/p><\/div>\n<p>Nach drei\u00dfig Minuten bin ich wieder bei Achim. Ausgepumpt von der Anstrengung. Nur von der Anstrengung, so meine Behauptung. Am n\u00e4chsten Tag habe ich Muskelkater in den Oberschenkeln. Besonders im Leitbein, was den auf den R\u00fccken zur\u00fcckgekippten Abw\u00e4rtsgang gesichert hat.<br \/>\nDa wird dann wohl doch etwas Verkrampfung im Spiel gewesen sein. <img src=\"https:\/\/atanga.de\/wp-content\/plugins\/classic-smilies\/img\/icon_mrgreen.gif\" alt=\":mrgreen:\" class=\"wp-smiley\" style=\"height: 1em; max-height: 1em;\" \/><\/p>\n<p>&nbsp;<\/p>\n<p>Seit ewiger Zeit sind wir auf einem Campingplatz, der fast ausgebucht ist. Am Sonntag ist \u201aAustralia Day\u2018. F\u00e4llt ein Feiertag aufs Wochenende, wird er montags nachgeholt. Ein langes Wochenende bringt Besucher in die Berge. Nur aus dem Grund treffen wir \u00fcberhaupt so viele Leute auf den Granitfelsen.<br \/>\nFolgerichtig ist es am Dienstag wieder leer. Und \u201aAustralia Day\u2018 l\u00e4utet auch das Ende der gro\u00dfen Sommerferien ein. Bald sollte es auch an den K\u00fcsten wieder leerer sein.<\/p>\n<p>Am 26. Januar 1788 hisste die \u201aerste Flotte\u2018 der neuen Siedler die britische Flagge in der N\u00e4he vom heutigen Sydney. Australien wurde zur britischen Kolonie. Der 26. Januar zum Feiertag.<br \/>\nIn den letzten Jahren ist die Beteiligung an National-Feiern gesunken. Statt \u201aAustralia Day\u2018 wird der Tag von den Gegnern \u201aInvasion Day\u2018 genannt und von Protestm\u00e4rschen begleitet. In den Augen der Kritiker, besonders der Aborigines, brachte der 26. Januar die Enteignung des Landes und Vernichtung einer uralten Kultur.<\/p>\n<div id=\"attachment_142128\" style=\"width: 1210px\" class=\"wp-caption alignnone\"><a class=\"boxersandswipers\" title=\"Auf dem Land wird der Australia Day durchaus zelebriert - viele Flaggen sind geschm\u00fcckt\" href=\"https:\/\/atanga.de\/wp-content\/uploads\/2025\/01\/Auf-dem-Land-wird-der-Australia-Day-durchaus-zelebriert-viele-Flaggen-sind-geschmueckt.jpg\"><img decoding=\"async\" aria-describedby=\"caption-attachment-142128\" class=\"wp-image-142128 size-full\" src=\"https:\/\/atanga.de\/wp-content\/uploads\/2025\/01\/Auf-dem-Land-wird-der-Australia-Day-durchaus-zelebriert-viele-Flaggen-sind-geschmueckt.jpg\" alt=\"\" width=\"1200\" height=\"800\" srcset=\"https:\/\/atanga.de\/wp-content\/uploads\/2025\/01\/Auf-dem-Land-wird-der-Australia-Day-durchaus-zelebriert-viele-Flaggen-sind-geschmueckt.jpg 1200w, https:\/\/atanga.de\/wp-content\/uploads\/2025\/01\/Auf-dem-Land-wird-der-Australia-Day-durchaus-zelebriert-viele-Flaggen-sind-geschmueckt-300x200.jpg 300w, https:\/\/atanga.de\/wp-content\/uploads\/2025\/01\/Auf-dem-Land-wird-der-Australia-Day-durchaus-zelebriert-viele-Flaggen-sind-geschmueckt-1038x692.jpg 1038w, https:\/\/atanga.de\/wp-content\/uploads\/2025\/01\/Auf-dem-Land-wird-der-Australia-Day-durchaus-zelebriert-viele-Flaggen-sind-geschmueckt-768x512.jpg 768w, https:\/\/atanga.de\/wp-content\/uploads\/2025\/01\/Auf-dem-Land-wird-der-Australia-Day-durchaus-zelebriert-viele-Flaggen-sind-geschmueckt-624x416.jpg 624w\" sizes=\"(max-width: 1200px) 100vw, 1200px\" \/><\/a><p id=\"caption-attachment-142128\" class=\"wp-caption-text\">Auf dem Land wird der Australia Day durchaus zelebriert &#8211; viele Flaggen sind geschm\u00fcckt.<\/p><\/div>\n<div class=\"pld-like-dislike-wrap pld-template-1\">\r\n    <div class=\"pld-like-wrap  pld-common-wrap\">\r\n    <a href=\"javascript:void(0)\" class=\"pld-like-trigger pld-like-dislike-trigger  \" title=\"gef\u00e4llt mir\" data-post-id=\"142127\" data-trigger-type=\"like\" data-restriction=\"cookie\" data-already-liked=\"0\">\r\n                        <i class=\"fas fa-thumbs-up\"><\/i>\r\n                <\/a>\r\n    <span class=\"pld-like-count-wrap pld-count-wrap\">58    <\/span>\r\n<\/div><div class=\"pld-dislike-wrap  pld-common-wrap\">\r\n    <a href=\"javascript:void(0)\" class=\"pld-dislike-trigger pld-like-dislike-trigger  \" title=\"doof\" data-post-id=\"142127\" data-trigger-type=\"dislike\" data-restriction=\"cookie\" data-already-liked=\"0\">\r\n                        <i class=\"fas fa-thumbs-down\"><\/i>\r\n                <\/a>\r\n    <span class=\"pld-dislike-count-wrap pld-count-wrap\"><\/span>\r\n<\/div><\/div>","protected":false},"excerpt":{"rendered":"<p>23.-27.01.25, Australien\/NSW\/QLD\/Tenterfield + Girraween, Tag 421-424 Roadtrip, 30.491 km total, Tages-km 37 Schon beim ersten Blick von unserem Stellplatz f\u00e4llt uns der Stein auf, der dort eigentlich nicht liegen d\u00fcrfte. Ein riesiger Granitbrocken auf einem Hang mit 45 Grad Gef\u00e4lle. Wir witzeln rum, wann der Stein wohl seinen Weg nach unten finden mag. \u201eEin bisschen [&hellip;]<\/p>\n","protected":false},"author":4,"featured_media":0,"comment_status":"open","ping_status":"closed","sticky":false,"template":"","format":"standard","meta":{"footnotes":""},"categories":[36,418],"tags":[561,562,563],"class_list":["post-142127","post","type-post","status-publish","format-standard","hentry","category-landausfluege","category-australien","tag-haltmalmeinbier","tag-angsthabeichnichtaberschwitzenkannichtrotzdem","tag-wenndichderhafersticht"],"_links":{"self":[{"href":"https:\/\/atanga.de\/index.php?rest_route=\/wp\/v2\/posts\/142127","targetHints":{"allow":["GET"]}}],"collection":[{"href":"https:\/\/atanga.de\/index.php?rest_route=\/wp\/v2\/posts"}],"about":[{"href":"https:\/\/atanga.de\/index.php?rest_route=\/wp\/v2\/types\/post"}],"author":[{"embeddable":true,"href":"https:\/\/atanga.de\/index.php?rest_route=\/wp\/v2\/users\/4"}],"replies":[{"embeddable":true,"href":"https:\/\/atanga.de\/index.php?rest_route=%2Fwp%2Fv2%2Fcomments&post=142127"}],"version-history":[{"count":3,"href":"https:\/\/atanga.de\/index.php?rest_route=\/wp\/v2\/posts\/142127\/revisions"}],"predecessor-version":[{"id":142144,"href":"https:\/\/atanga.de\/index.php?rest_route=\/wp\/v2\/posts\/142127\/revisions\/142144"}],"wp:attachment":[{"href":"https:\/\/atanga.de\/index.php?rest_route=%2Fwp%2Fv2%2Fmedia&parent=142127"}],"wp:term":[{"taxonomy":"category","embeddable":true,"href":"https:\/\/atanga.de\/index.php?rest_route=%2Fwp%2Fv2%2Fcategories&post=142127"},{"taxonomy":"post_tag","embeddable":true,"href":"https:\/\/atanga.de\/index.php?rest_route=%2Fwp%2Fv2%2Ftags&post=142127"}],"curies":[{"name":"wp","href":"https:\/\/api.w.org\/{rel}","templated":true}]}}