{"id":142770,"date":"2025-09-17T03:54:39","date_gmt":"2025-09-17T03:54:39","guid":{"rendered":"https:\/\/atanga.de\/?p=142770"},"modified":"2025-09-17T03:57:56","modified_gmt":"2025-09-17T03:57:56","slug":"karneval-farben-und-lichter","status":"publish","type":"post","link":"https:\/\/atanga.de\/?p=142770","title":{"rendered":"Karneval \u2013 Farben und Lichter"},"content":{"rendered":"<p>Sa.,<em> 13.09.25, Neukaledonien\/Noum\u00e9a, Tag 4.123, 29.265 sm von HH<\/em><\/p>\n<p>Jawohl, in Noum\u00e9a findet Karneval im September statt!<br \/>\nDa die Veranstaltung als Stadtfest ins Leben gerufen wurde, ist er nicht an die christliche Fastenzeit gebunden. Politische Satire fehlt komplett. Der Fokus liegt auf Familienfest \u2013 bunt, t\u00e4nzerisch, mit Masken und geschm\u00fcckten Wagen. Dieses Jahr \u2013 erst zum 36. Mal \u2013 unter dem Motto \u201a<em>Farben und Lichter\u2018.<\/em><\/p>\n<p>Wir m\u00fcssen drei Kilometer auf die andere Seite von Noum\u00e9a laufen. Die Hauptstra\u00dfe direkt am Wasser ist gesperrt, erste Umzugswagen stehen bereit. Aufgebaute H\u00fcpfburgen und Rutschen sind von Kindern bereits in Beschlag genommen.<\/p>\n<div id=\"attachment_142780\" style=\"width: 1210px\" class=\"wp-caption alignnone\"><a class=\"boxersandswipers\" title=\"Wir erreichen noch im Hellen die Festmeile - gerade rechtzeitig f\u00fcr die Pressefotos\" href=\"https:\/\/atanga.de\/wp-content\/uploads\/2025\/09\/Wir-erreichen-noch-im-Hellen-die-Festmeile-gerade-rechtzeitig-fuer-die-Pressefotos.jpg\"><img decoding=\"async\" aria-describedby=\"caption-attachment-142780\" class=\"wp-image-142780 size-full\" src=\"https:\/\/atanga.de\/wp-content\/uploads\/2025\/09\/Wir-erreichen-noch-im-Hellen-die-Festmeile-gerade-rechtzeitig-fuer-die-Pressefotos.jpg\" alt=\"\" width=\"1200\" height=\"812\" srcset=\"https:\/\/atanga.de\/wp-content\/uploads\/2025\/09\/Wir-erreichen-noch-im-Hellen-die-Festmeile-gerade-rechtzeitig-fuer-die-Pressefotos.jpg 1200w, https:\/\/atanga.de\/wp-content\/uploads\/2025\/09\/Wir-erreichen-noch-im-Hellen-die-Festmeile-gerade-rechtzeitig-fuer-die-Pressefotos-300x203.jpg 300w, https:\/\/atanga.de\/wp-content\/uploads\/2025\/09\/Wir-erreichen-noch-im-Hellen-die-Festmeile-gerade-rechtzeitig-fuer-die-Pressefotos-1038x702.jpg 1038w, https:\/\/atanga.de\/wp-content\/uploads\/2025\/09\/Wir-erreichen-noch-im-Hellen-die-Festmeile-gerade-rechtzeitig-fuer-die-Pressefotos-768x520.jpg 768w, https:\/\/atanga.de\/wp-content\/uploads\/2025\/09\/Wir-erreichen-noch-im-Hellen-die-Festmeile-gerade-rechtzeitig-fuer-die-Pressefotos-624x422.jpg 624w\" sizes=\"(max-width: 1200px) 100vw, 1200px\" \/><\/a><p id=\"caption-attachment-142780\" class=\"wp-caption-text\">Wir erreichen noch im Hellen die Festmeile &#8211; gerade rechtzeitig f\u00fcr die Pressefotos.<\/p><\/div>\n<p>Ein Inserat hatte uns \u201aFressbuden\u2018 versprochen. Darauf haben wir uns verlassen und sind ohne Abendessen losgezogen. Zum Gl\u00fcck sind wir fr\u00fch da. Mama Ang\u00e9lique nebst Tochter haben ein halbes Dutzend Quiche im Angebot. Nebenan verkauft ein Mann Hamburger und Wraps. Bei erwarteten 25.000 Besuchern d\u00fcrfte die Ware schnell vergriffen sein. Wir finden noch einen asiatischen Stand. Die ersten Schalen sind schon ausverkauft. Der Andrang gro\u00df. Hier m\u00fcssen heute einige hungrig ins Bett.<\/p>\n<div id=\"attachment_142783\" style=\"width: 810px\" class=\"wp-caption alignnone\"><a class=\"boxersandswipers\" title=\"Die Buden sind eher privater KuchenverkaufDie Quiche war sehr lecker und halber Preis (1,75 Euro\" href=\"https:\/\/atanga.de\/wp-content\/uploads\/2025\/09\/Die-Buden-sind-eher-privater-KuchenverkaufDie-Quiche-war-sehr-lecker-und-halber-Preis-175-Euro.jpg\"><img decoding=\"async\" aria-describedby=\"caption-attachment-142783\" class=\"wp-image-142783 size-full\" src=\"https:\/\/atanga.de\/wp-content\/uploads\/2025\/09\/Die-Buden-sind-eher-privater-KuchenverkaufDie-Quiche-war-sehr-lecker-und-halber-Preis-175-Euro.jpg\" alt=\"\" width=\"800\" height=\"612\" srcset=\"https:\/\/atanga.de\/wp-content\/uploads\/2025\/09\/Die-Buden-sind-eher-privater-KuchenverkaufDie-Quiche-war-sehr-lecker-und-halber-Preis-175-Euro.jpg 800w, https:\/\/atanga.de\/wp-content\/uploads\/2025\/09\/Die-Buden-sind-eher-privater-KuchenverkaufDie-Quiche-war-sehr-lecker-und-halber-Preis-175-Euro-300x230.jpg 300w, https:\/\/atanga.de\/wp-content\/uploads\/2025\/09\/Die-Buden-sind-eher-privater-KuchenverkaufDie-Quiche-war-sehr-lecker-und-halber-Preis-175-Euro-768x588.jpg 768w, https:\/\/atanga.de\/wp-content\/uploads\/2025\/09\/Die-Buden-sind-eher-privater-KuchenverkaufDie-Quiche-war-sehr-lecker-und-halber-Preis-175-Euro-624x477.jpg 624w\" sizes=\"(max-width: 800px) 100vw, 800px\" \/><\/a><p id=\"caption-attachment-142783\" class=\"wp-caption-text\">Die Buden sind eher privater Kuchenverkauf. Die Quiche sehr lecker.<\/p><\/div>\n<p>P\u00fcnktlich um 18:00 Uhr beginnt der Umzug. Miss Neukaledonien und ihre Stellvertreterin f\u00fchren den Zug an. Alles ist herrlich imperfekt und einfach gehalten. Die \u00f6rtlichen Sport- und Tanzgruppen, Kulturvereine und Schulen richten die Wagen aus. Politisches ist unerw\u00fcnscht. Die Stadtverwaltung finanziert den Karneval. Das verbindende Element steht im Vordergrund: \u201eein sicherer Raum f\u00fcr Freude\u201c.<br \/>\nUnd die Freude der Gruppen an ihrem Tanz ist \u00fcbergeschwappt. Auf das Publikum und auf uns. Vielleicht grade, weil es nicht vollkommen war.<\/p>\n<div id=\"attachment_142781\" style=\"width: 1210px\" class=\"wp-caption alignnone\"><a class=\"boxersandswipers\" title=\"Zwei Drag-Queens begleiten den Wagen der Behinderten-Gruppe\" href=\"https:\/\/atanga.de\/wp-content\/uploads\/2025\/09\/Zwei-Drag-Queens-begleiten-den-Wagen-der-Behinderten-Gruppe.jpg\"><img decoding=\"async\" aria-describedby=\"caption-attachment-142781\" class=\"wp-image-142781 size-full\" src=\"https:\/\/atanga.de\/wp-content\/uploads\/2025\/09\/Zwei-Drag-Queens-begleiten-den-Wagen-der-Behinderten-Gruppe.jpg\" alt=\"\" width=\"1200\" height=\"1060\" srcset=\"https:\/\/atanga.de\/wp-content\/uploads\/2025\/09\/Zwei-Drag-Queens-begleiten-den-Wagen-der-Behinderten-Gruppe.jpg 1200w, https:\/\/atanga.de\/wp-content\/uploads\/2025\/09\/Zwei-Drag-Queens-begleiten-den-Wagen-der-Behinderten-Gruppe-300x265.jpg 300w, https:\/\/atanga.de\/wp-content\/uploads\/2025\/09\/Zwei-Drag-Queens-begleiten-den-Wagen-der-Behinderten-Gruppe-1038x917.jpg 1038w, https:\/\/atanga.de\/wp-content\/uploads\/2025\/09\/Zwei-Drag-Queens-begleiten-den-Wagen-der-Behinderten-Gruppe-768x678.jpg 768w, https:\/\/atanga.de\/wp-content\/uploads\/2025\/09\/Zwei-Drag-Queens-begleiten-den-Wagen-der-Behinderten-Gruppe-624x551.jpg 624w\" sizes=\"(max-width: 1200px) 100vw, 1200px\" \/><\/a><p id=\"caption-attachment-142781\" class=\"wp-caption-text\">Zwei Drag-Queens begleiten den Wagen der Behinderten-Gruppe.<\/p><\/div>\n<div id=\"attachment_142777\" style=\"width: 1010px\" class=\"wp-caption alignnone\"><a class=\"boxersandswipers\" title=\"Jugendliche und Kinder im Rollstul werden von Fahrr\u00e4dern geschoben oder gezogen - die Gruppe bekommt den gr\u00f6\u00dften Beifall\" href=\"https:\/\/atanga.de\/wp-content\/uploads\/2025\/09\/Jugendliche-und-Kinder-im-Rollstul-werden-von-Fahrraedern-geschoben-oder-gezogen-die-Gruppe-bekommt-den-groessten-Beifall.jpg\"><img decoding=\"async\" aria-describedby=\"caption-attachment-142777\" class=\"wp-image-142777 size-full\" src=\"https:\/\/atanga.de\/wp-content\/uploads\/2025\/09\/Jugendliche-und-Kinder-im-Rollstul-werden-von-Fahrraedern-geschoben-oder-gezogen-die-Gruppe-bekommt-den-groessten-Beifall.jpg\" alt=\"\" width=\"1000\" height=\"1201\" srcset=\"https:\/\/atanga.de\/wp-content\/uploads\/2025\/09\/Jugendliche-und-Kinder-im-Rollstul-werden-von-Fahrraedern-geschoben-oder-gezogen-die-Gruppe-bekommt-den-groessten-Beifall.jpg 1000w, https:\/\/atanga.de\/wp-content\/uploads\/2025\/09\/Jugendliche-und-Kinder-im-Rollstul-werden-von-Fahrraedern-geschoben-oder-gezogen-die-Gruppe-bekommt-den-groessten-Beifall-250x300.jpg 250w, https:\/\/atanga.de\/wp-content\/uploads\/2025\/09\/Jugendliche-und-Kinder-im-Rollstul-werden-von-Fahrraedern-geschoben-oder-gezogen-die-Gruppe-bekommt-den-groessten-Beifall-864x1038.jpg 864w, https:\/\/atanga.de\/wp-content\/uploads\/2025\/09\/Jugendliche-und-Kinder-im-Rollstul-werden-von-Fahrraedern-geschoben-oder-gezogen-die-Gruppe-bekommt-den-groessten-Beifall-768x922.jpg 768w, https:\/\/atanga.de\/wp-content\/uploads\/2025\/09\/Jugendliche-und-Kinder-im-Rollstul-werden-von-Fahrraedern-geschoben-oder-gezogen-die-Gruppe-bekommt-den-groessten-Beifall-624x749.jpg 624w\" sizes=\"(max-width: 1000px) 100vw, 1000px\" \/><\/a><p id=\"caption-attachment-142777\" class=\"wp-caption-text\">Jugendliche und Kinder im Rollstuhl werden von Fahrr\u00e4dern geschoben oder gezogen &#8211; die Gruppe bekommt den gr\u00f6\u00dften Beifall<\/p><\/div>\n<div id=\"attachment_142775\" style=\"width: 1210px\" class=\"wp-caption alignnone\"><a class=\"boxersandswipers\" title=\"Franz\u00f6sisch Guyana\" href=\"https:\/\/atanga.de\/wp-content\/uploads\/2025\/09\/Franzoesisch-Guyana.jpg\"><img decoding=\"async\" aria-describedby=\"caption-attachment-142775\" class=\"wp-image-142775 size-full\" src=\"https:\/\/atanga.de\/wp-content\/uploads\/2025\/09\/Franzoesisch-Guyana.jpg\" alt=\"\" width=\"1200\" height=\"800\" srcset=\"https:\/\/atanga.de\/wp-content\/uploads\/2025\/09\/Franzoesisch-Guyana.jpg 1200w, https:\/\/atanga.de\/wp-content\/uploads\/2025\/09\/Franzoesisch-Guyana-300x200.jpg 300w, https:\/\/atanga.de\/wp-content\/uploads\/2025\/09\/Franzoesisch-Guyana-1038x692.jpg 1038w, https:\/\/atanga.de\/wp-content\/uploads\/2025\/09\/Franzoesisch-Guyana-768x512.jpg 768w, https:\/\/atanga.de\/wp-content\/uploads\/2025\/09\/Franzoesisch-Guyana-624x416.jpg 624w\" sizes=\"(max-width: 1200px) 100vw, 1200px\" \/><\/a><p id=\"caption-attachment-142775\" class=\"wp-caption-text\">Die Farben der karibischen \u00dcberseegebiete sind ebenfalls vertreten.<\/p><\/div>\n<div id=\"attachment_142771\" style=\"width: 1010px\" class=\"wp-caption alignnone\"><a class=\"boxersandswipers\" title=\"Das Motto - Farbe und Licht\" href=\"https:\/\/atanga.de\/wp-content\/uploads\/2025\/09\/Das-Motto-Farbe-und-Licht.jpg\"><img decoding=\"async\" aria-describedby=\"caption-attachment-142771\" class=\"wp-image-142771 size-full\" src=\"https:\/\/atanga.de\/wp-content\/uploads\/2025\/09\/Das-Motto-Farbe-und-Licht.jpg\" alt=\"\" width=\"1000\" height=\"1086\" srcset=\"https:\/\/atanga.de\/wp-content\/uploads\/2025\/09\/Das-Motto-Farbe-und-Licht.jpg 1000w, https:\/\/atanga.de\/wp-content\/uploads\/2025\/09\/Das-Motto-Farbe-und-Licht-276x300.jpg 276w, https:\/\/atanga.de\/wp-content\/uploads\/2025\/09\/Das-Motto-Farbe-und-Licht-956x1038.jpg 956w, https:\/\/atanga.de\/wp-content\/uploads\/2025\/09\/Das-Motto-Farbe-und-Licht-768x834.jpg 768w, https:\/\/atanga.de\/wp-content\/uploads\/2025\/09\/Das-Motto-Farbe-und-Licht-624x678.jpg 624w\" sizes=\"(max-width: 1000px) 100vw, 1000px\" \/><\/a><p id=\"caption-attachment-142771\" class=\"wp-caption-text\">Das Motto &#8211; Farben und Lichter<\/p><\/div>\n<div id=\"attachment_142772\" style=\"width: 1210px\" class=\"wp-caption alignnone\"><a class=\"boxersandswipers\" title=\"Licht ist mit LED-Ketten leicht umzusetzten\" href=\"https:\/\/atanga.de\/wp-content\/uploads\/2025\/09\/Das-Motto-Licht-ist-mit-LED-Ketten-leicht-umzusetzten.jpg\"><img decoding=\"async\" aria-describedby=\"caption-attachment-142772\" class=\"wp-image-142772 size-full\" src=\"https:\/\/atanga.de\/wp-content\/uploads\/2025\/09\/Das-Motto-Licht-ist-mit-LED-Ketten-leicht-umzusetzten.jpg\" alt=\"\" width=\"1200\" height=\"800\" srcset=\"https:\/\/atanga.de\/wp-content\/uploads\/2025\/09\/Das-Motto-Licht-ist-mit-LED-Ketten-leicht-umzusetzten.jpg 1200w, https:\/\/atanga.de\/wp-content\/uploads\/2025\/09\/Das-Motto-Licht-ist-mit-LED-Ketten-leicht-umzusetzten-300x200.jpg 300w, https:\/\/atanga.de\/wp-content\/uploads\/2025\/09\/Das-Motto-Licht-ist-mit-LED-Ketten-leicht-umzusetzten-1038x692.jpg 1038w, https:\/\/atanga.de\/wp-content\/uploads\/2025\/09\/Das-Motto-Licht-ist-mit-LED-Ketten-leicht-umzusetzten-768x512.jpg 768w, https:\/\/atanga.de\/wp-content\/uploads\/2025\/09\/Das-Motto-Licht-ist-mit-LED-Ketten-leicht-umzusetzten-624x416.jpg 624w\" sizes=\"(max-width: 1200px) 100vw, 1200px\" \/><\/a><p id=\"caption-attachment-142772\" class=\"wp-caption-text\">Licht ist mit LED-Ketten leicht umzusetzen<\/p><\/div>\n<div id=\"attachment_142773\" style=\"width: 1210px\" class=\"wp-caption alignnone\"><a class=\"boxersandswipers\" title=\"Der aufwendigste Wagen stammt von der Gruppe\" href=\"https:\/\/atanga.de\/wp-content\/uploads\/2025\/09\/Der-aufwendigste-Wagen-stammt-von-der-Gruppe.jpg\"><img decoding=\"async\" aria-describedby=\"caption-attachment-142773\" class=\"wp-image-142773 size-full\" src=\"https:\/\/atanga.de\/wp-content\/uploads\/2025\/09\/Der-aufwendigste-Wagen-stammt-von-der-Gruppe.jpg\" alt=\"\" width=\"1200\" height=\"763\" srcset=\"https:\/\/atanga.de\/wp-content\/uploads\/2025\/09\/Der-aufwendigste-Wagen-stammt-von-der-Gruppe.jpg 1200w, https:\/\/atanga.de\/wp-content\/uploads\/2025\/09\/Der-aufwendigste-Wagen-stammt-von-der-Gruppe-300x191.jpg 300w, https:\/\/atanga.de\/wp-content\/uploads\/2025\/09\/Der-aufwendigste-Wagen-stammt-von-der-Gruppe-1038x660.jpg 1038w, https:\/\/atanga.de\/wp-content\/uploads\/2025\/09\/Der-aufwendigste-Wagen-stammt-von-der-Gruppe-768x488.jpg 768w, https:\/\/atanga.de\/wp-content\/uploads\/2025\/09\/Der-aufwendigste-Wagen-stammt-von-der-Gruppe-624x397.jpg 624w\" sizes=\"(max-width: 1200px) 100vw, 1200px\" \/><\/a><p id=\"caption-attachment-142773\" class=\"wp-caption-text\">Der aufwendigste Wagen<\/p><\/div>\n<div id=\"attachment_142782\" style=\"width: 1210px\" class=\"wp-caption alignnone\"><a class=\"boxersandswipers\" title=\"mit Taube\" href=\"https:\/\/atanga.de\/wp-content\/uploads\/2025\/09\/mit-Taube.jpg\"><img decoding=\"async\" aria-describedby=\"caption-attachment-142782\" class=\"wp-image-142782 size-full\" src=\"https:\/\/atanga.de\/wp-content\/uploads\/2025\/09\/mit-Taube.jpg\" alt=\"\" width=\"1200\" height=\"800\" srcset=\"https:\/\/atanga.de\/wp-content\/uploads\/2025\/09\/mit-Taube.jpg 1200w, https:\/\/atanga.de\/wp-content\/uploads\/2025\/09\/mit-Taube-300x200.jpg 300w, https:\/\/atanga.de\/wp-content\/uploads\/2025\/09\/mit-Taube-1038x692.jpg 1038w, https:\/\/atanga.de\/wp-content\/uploads\/2025\/09\/mit-Taube-768x512.jpg 768w, https:\/\/atanga.de\/wp-content\/uploads\/2025\/09\/mit-Taube-624x416.jpg 624w\" sizes=\"(max-width: 1200px) 100vw, 1200px\" \/><\/a><p id=\"caption-attachment-142782\" class=\"wp-caption-text\">mit Taube auf Schildkr\u00f6te<\/p><\/div>\n<div id=\"attachment_142774\" style=\"width: 1210px\" class=\"wp-caption alignnone\"><a class=\"boxersandswipers\" title=\"Die \u00f6rtliche Pole-dance-Gruppe\" href=\"https:\/\/atanga.de\/wp-content\/uploads\/2025\/09\/Die-oertliche-Pole-dance-Gruppe.jpg\"><img decoding=\"async\" aria-describedby=\"caption-attachment-142774\" class=\"wp-image-142774 size-full\" src=\"https:\/\/atanga.de\/wp-content\/uploads\/2025\/09\/Die-oertliche-Pole-dance-Gruppe.jpg\" alt=\"\" width=\"1200\" height=\"884\" srcset=\"https:\/\/atanga.de\/wp-content\/uploads\/2025\/09\/Die-oertliche-Pole-dance-Gruppe.jpg 1200w, https:\/\/atanga.de\/wp-content\/uploads\/2025\/09\/Die-oertliche-Pole-dance-Gruppe-300x221.jpg 300w, https:\/\/atanga.de\/wp-content\/uploads\/2025\/09\/Die-oertliche-Pole-dance-Gruppe-1038x765.jpg 1038w, https:\/\/atanga.de\/wp-content\/uploads\/2025\/09\/Die-oertliche-Pole-dance-Gruppe-768x566.jpg 768w, https:\/\/atanga.de\/wp-content\/uploads\/2025\/09\/Die-oertliche-Pole-dance-Gruppe-624x460.jpg 624w\" sizes=\"(max-width: 1200px) 100vw, 1200px\" \/><\/a><p id=\"caption-attachment-142774\" class=\"wp-caption-text\">Die \u00f6rtliche Pole-Dance-Gruppe: Pinky Pole MC.<\/p><\/div>\n<div id=\"attachment_142779\" style=\"width: 1210px\" class=\"wp-caption alignnone\"><a class=\"boxersandswipers\" title=\"Und nat\u00fcrlich fehlt auch eine feder\u00fcberladene Samba-Schule nicht\" href=\"https:\/\/atanga.de\/wp-content\/uploads\/2025\/09\/Und-natuerlich-fehlt-auch-eine-federueberladene-Samba-Schule-nicht.jpg\"><img decoding=\"async\" aria-describedby=\"caption-attachment-142779\" class=\"wp-image-142779 size-full\" src=\"https:\/\/atanga.de\/wp-content\/uploads\/2025\/09\/Und-natuerlich-fehlt-auch-eine-federueberladene-Samba-Schule-nicht.jpg\" alt=\"\" width=\"1200\" height=\"800\" srcset=\"https:\/\/atanga.de\/wp-content\/uploads\/2025\/09\/Und-natuerlich-fehlt-auch-eine-federueberladene-Samba-Schule-nicht.jpg 1200w, https:\/\/atanga.de\/wp-content\/uploads\/2025\/09\/Und-natuerlich-fehlt-auch-eine-federueberladene-Samba-Schule-nicht-300x200.jpg 300w, https:\/\/atanga.de\/wp-content\/uploads\/2025\/09\/Und-natuerlich-fehlt-auch-eine-federueberladene-Samba-Schule-nicht-1038x692.jpg 1038w, https:\/\/atanga.de\/wp-content\/uploads\/2025\/09\/Und-natuerlich-fehlt-auch-eine-federueberladene-Samba-Schule-nicht-768x512.jpg 768w, https:\/\/atanga.de\/wp-content\/uploads\/2025\/09\/Und-natuerlich-fehlt-auch-eine-federueberladene-Samba-Schule-nicht-624x416.jpg 624w\" sizes=\"(max-width: 1200px) 100vw, 1200px\" \/><\/a><p id=\"caption-attachment-142779\" class=\"wp-caption-text\">Und nat\u00fcrlich fehlt auch eine feder\u00fcberladene Samba-Schule nicht.<\/p><\/div>\n<div id=\"attachment_142776\" style=\"width: 1210px\" class=\"wp-caption alignnone\"><a class=\"boxersandswipers\" title=\"In Brasilen d\u00fcrfen zum Karneval andere Temperaturen herrschen - wir haben in Kaputzenpulli am Ende der Show kalte Nasen\" href=\"https:\/\/atanga.de\/wp-content\/uploads\/2025\/09\/In-Brasilen-duerfen-zum-Karneval-andere-Temperaturen-herrschen-wir-haben-in-Kaputzenpulli-am-Ende-der-Show-kalte-Nasen.jpg\"><img decoding=\"async\" aria-describedby=\"caption-attachment-142776\" class=\"wp-image-142776 size-full\" src=\"https:\/\/atanga.de\/wp-content\/uploads\/2025\/09\/In-Brasilen-duerfen-zum-Karneval-andere-Temperaturen-herrschen-wir-haben-in-Kaputzenpulli-am-Ende-der-Show-kalte-Nasen.jpg\" alt=\"\" width=\"1200\" height=\"1501\" srcset=\"https:\/\/atanga.de\/wp-content\/uploads\/2025\/09\/In-Brasilen-duerfen-zum-Karneval-andere-Temperaturen-herrschen-wir-haben-in-Kaputzenpulli-am-Ende-der-Show-kalte-Nasen.jpg 1200w, https:\/\/atanga.de\/wp-content\/uploads\/2025\/09\/In-Brasilen-duerfen-zum-Karneval-andere-Temperaturen-herrschen-wir-haben-in-Kaputzenpulli-am-Ende-der-Show-kalte-Nasen-240x300.jpg 240w, https:\/\/atanga.de\/wp-content\/uploads\/2025\/09\/In-Brasilen-duerfen-zum-Karneval-andere-Temperaturen-herrschen-wir-haben-in-Kaputzenpulli-am-Ende-der-Show-kalte-Nasen-830x1038.jpg 830w, https:\/\/atanga.de\/wp-content\/uploads\/2025\/09\/In-Brasilen-duerfen-zum-Karneval-andere-Temperaturen-herrschen-wir-haben-in-Kaputzenpulli-am-Ende-der-Show-kalte-Nasen-768x961.jpg 768w, https:\/\/atanga.de\/wp-content\/uploads\/2025\/09\/In-Brasilen-duerfen-zum-Karneval-andere-Temperaturen-herrschen-wir-haben-in-Kaputzenpulli-am-Ende-der-Show-kalte-Nasen-624x781.jpg 624w\" sizes=\"(max-width: 1200px) 100vw, 1200px\" \/><\/a><p id=\"caption-attachment-142776\" class=\"wp-caption-text\">In Brasilen d\u00fcrfen zum Karneval andere Temperaturen herrschen &#8211; wir haben trotz Kapuzenpulli und langer Hosen am Ende der Show kalte Nasen.<\/p><\/div>\n<div id=\"attachment_142778\" style=\"width: 1010px\" class=\"wp-caption alignnone\"><a class=\"boxersandswipers\" title=\"Samba\" href=\"https:\/\/atanga.de\/wp-content\/uploads\/2025\/09\/Samba.jpg\"><img decoding=\"async\" aria-describedby=\"caption-attachment-142778\" class=\"wp-image-142778 size-full\" src=\"https:\/\/atanga.de\/wp-content\/uploads\/2025\/09\/Samba.jpg\" alt=\"\" width=\"1000\" height=\"784\" srcset=\"https:\/\/atanga.de\/wp-content\/uploads\/2025\/09\/Samba.jpg 1000w, https:\/\/atanga.de\/wp-content\/uploads\/2025\/09\/Samba-300x235.jpg 300w, https:\/\/atanga.de\/wp-content\/uploads\/2025\/09\/Samba-768x602.jpg 768w, https:\/\/atanga.de\/wp-content\/uploads\/2025\/09\/Samba-624x489.jpg 624w\" sizes=\"(max-width: 1000px) 100vw, 1000px\" \/><\/a><p id=\"caption-attachment-142778\" class=\"wp-caption-text\">Samba<\/p><\/div>\n<p>&nbsp;<\/p>\n<div class=\"pld-like-dislike-wrap pld-template-1\">\r\n    <div class=\"pld-like-wrap  pld-common-wrap\">\r\n    <a href=\"javascript:void(0)\" class=\"pld-like-trigger pld-like-dislike-trigger  \" title=\"gef\u00e4llt mir\" data-post-id=\"142770\" data-trigger-type=\"like\" data-restriction=\"cookie\" data-already-liked=\"0\">\r\n                        <i class=\"fas fa-thumbs-up\"><\/i>\r\n                <\/a>\r\n    <span class=\"pld-like-count-wrap pld-count-wrap\">48    <\/span>\r\n<\/div><div class=\"pld-dislike-wrap  pld-common-wrap\">\r\n    <a href=\"javascript:void(0)\" class=\"pld-dislike-trigger pld-like-dislike-trigger  \" title=\"doof\" data-post-id=\"142770\" data-trigger-type=\"dislike\" data-restriction=\"cookie\" data-already-liked=\"0\">\r\n                        <i class=\"fas fa-thumbs-down\"><\/i>\r\n                <\/a>\r\n    <span class=\"pld-dislike-count-wrap pld-count-wrap\"><\/span>\r\n<\/div><\/div>","protected":false},"excerpt":{"rendered":"<p>Sa., 13.09.25, Neukaledonien\/Noum\u00e9a, Tag 4.123, 29.265 sm von HH Jawohl, in Noum\u00e9a findet Karneval im September statt! Da die Veranstaltung als Stadtfest ins Leben gerufen wurde, ist er nicht an die christliche Fastenzeit gebunden. Politische Satire fehlt komplett. Der Fokus liegt auf Familienfest \u2013 bunt, t\u00e4nzerisch, mit Masken und geschm\u00fcckten Wagen. Dieses Jahr \u2013 erst [&hellip;]<\/p>\n","protected":false},"author":4,"featured_media":0,"comment_status":"open","ping_status":"closed","sticky":false,"template":"","format":"standard","meta":{"footnotes":""},"categories":[36,603],"tags":[647,648],"class_list":["post-142770","post","type-post","status-publish","format-standard","hentry","category-landausfluege","category-neukaledonien","tag-karneval","tag-helauundalaaf"],"_links":{"self":[{"href":"https:\/\/atanga.de\/index.php?rest_route=\/wp\/v2\/posts\/142770","targetHints":{"allow":["GET"]}}],"collection":[{"href":"https:\/\/atanga.de\/index.php?rest_route=\/wp\/v2\/posts"}],"about":[{"href":"https:\/\/atanga.de\/index.php?rest_route=\/wp\/v2\/types\/post"}],"author":[{"embeddable":true,"href":"https:\/\/atanga.de\/index.php?rest_route=\/wp\/v2\/users\/4"}],"replies":[{"embeddable":true,"href":"https:\/\/atanga.de\/index.php?rest_route=%2Fwp%2Fv2%2Fcomments&post=142770"}],"version-history":[{"count":3,"href":"https:\/\/atanga.de\/index.php?rest_route=\/wp\/v2\/posts\/142770\/revisions"}],"predecessor-version":[{"id":142786,"href":"https:\/\/atanga.de\/index.php?rest_route=\/wp\/v2\/posts\/142770\/revisions\/142786"}],"wp:attachment":[{"href":"https:\/\/atanga.de\/index.php?rest_route=%2Fwp%2Fv2%2Fmedia&parent=142770"}],"wp:term":[{"taxonomy":"category","embeddable":true,"href":"https:\/\/atanga.de\/index.php?rest_route=%2Fwp%2Fv2%2Fcategories&post=142770"},{"taxonomy":"post_tag","embeddable":true,"href":"https:\/\/atanga.de\/index.php?rest_route=%2Fwp%2Fv2%2Ftags&post=142770"}],"curies":[{"name":"wp","href":"https:\/\/api.w.org\/{rel}","templated":true}]}}