{"id":2128,"date":"2014-10-25T18:35:43","date_gmt":"2014-10-25T18:35:43","guid":{"rendered":"http:\/\/atanga.de\/?p=2128"},"modified":"2014-10-26T20:26:55","modified_gmt":"2014-10-26T20:26:55","slug":"vor-anker","status":"publish","type":"post","link":"https:\/\/atanga.de\/?p=2128","title":{"rendered":"Vor Anker"},"content":{"rendered":"<p><em>23.\/24.Okt.14, Cabo de S\u00e1o Vicente, 1.714 von HH, Strecke 23 sm<\/em><\/p>\n<p>Die Nacht ist friedlich, der ablandige Wind schl\u00e4ft fast ein und wir verbringen eine ruhige Nacht. Erst gegen 7:30 Uhr weckt uns der Ankeralarm. Dieser Alarm ist aber nur der sehr knappen Einstellung geschuldet, dass er schon bei 100 ft. (33 m) Abweichung vom urspr\u00fcnglichen Platz, Signal geben soll und nicht etwa, weil unser Anker nicht h\u00e4lt.<\/p>\n<p>Abends liegen wir noch mit dem Heck zum Meer, da der Wind aus Richtung Land weht (ein Schiff am Anker dreht sich immer mit dem Bug in die Richtung aus der der Wind kommt). Morgens hat der Wind nun gedreht und auf einmal liegen wir mit dem Heck sehr nahe an den Felsen. Da wir ca. 45 Meter Ankerkette abgelassen haben, hat Atanga einen entsprechenden Schwoj-Kreis, den wir nun voll ausnutzen.<\/p>\n<p>Solange der Anker h\u00e4lt (und darauf vertrauen wir ganz fest) kein Problem, aber in dieser Situation entscheiden wir nicht das Schiff zu verlassen, ohne dass einer von uns Ankerwache h\u00e4lt. Von uns hat aber keiner Lust alleine an Land zu gehen und somit begn\u00fcgen wir uns damit diesen herrlichen Sommertag auf dem Schiff zu verbringen. Unser Leidensdruck h\u00e4lt sich aber in Grenzen mit dieser Entscheidung <img src=\"https:\/\/atanga.de\/wp-content\/plugins\/classic-smilies\/img\/icon_wink.gif\" alt=\";-)\" class=\"wp-smiley\" style=\"height: 1em; max-height: 1em;\" \/> .<\/p>\n<p><a class=\"boxersandswipers\" href=\"https:\/\/atanga.de\/wp-content\/uploads\/2014\/10\/Vor_Anker.jpg\"><img decoding=\"async\" class=\"alignleft size-full wp-image-2123\" src=\"https:\/\/atanga.de\/wp-content\/uploads\/2014\/10\/Vor_Anker.jpg\" alt=\"Vor_Anker\" width=\"800\" height=\"534\" srcset=\"https:\/\/atanga.de\/wp-content\/uploads\/2014\/10\/Vor_Anker.jpg 800w, https:\/\/atanga.de\/wp-content\/uploads\/2014\/10\/Vor_Anker-300x200.jpg 300w, https:\/\/atanga.de\/wp-content\/uploads\/2014\/10\/Vor_Anker-624x416.jpg 624w\" sizes=\"(max-width: 800px) 100vw, 800px\" \/><\/a><\/p>\n<p>Uns beiden ist das Wasser hier zum Baden noch immer zu kalt (vielleicht 20 bis 21 Grad), somit entf\u00e4llt der Fr\u00fchsport vor einer S\u00fc\u00dfwasser Dusche im Cockpit. Endlich ist es warm genug, dass wir drau\u00dfen duschen k\u00f6nnen. Wir haben in unserem Bad zwar eine Dusche, aber die zu benutzen ist nicht so beliebt, da hinterher viel trocken gewischt werden muss in dem kleinen Raum. Es ist viel bequemer an Deck zu duschen.<\/p>\n<p>Abends unternimmt Achim von Deck aus erneut Angelversuche, da das Schleppen auf der \u00dcberfahrt wieder nicht von Erfolg gekr\u00f6nt war. Und diesmal, wer h\u00e4tte es gedacht, Petri heil, zwei Makrelen (eine ist noch arg klein, aber sie hat den K\u00f6der so tief verschluckt, dass sie nicht zu retten\u00a0ist)\u00a0sind die Beute. Das sind nun nicht unsere Favoriten-Fische, aber wichtig ist, dass Achim sein Fischgesicht wieder hat. Ihr Thunfische, zieht euch warm an <img src=\"https:\/\/atanga.de\/wp-content\/plugins\/classic-smilies\/img\/icon_smile.gif\" alt=\":-)\" class=\"wp-smiley\" style=\"height: 1em; max-height: 1em;\" \/><\/p>\n<p><a class=\"boxersandswipers\" href=\"https:\/\/atanga.de\/wp-content\/uploads\/2014\/10\/Angler.jpg\"><img decoding=\"async\" class=\"alignleft size-full wp-image-2119\" src=\"https:\/\/atanga.de\/wp-content\/uploads\/2014\/10\/Angler.jpg\" alt=\"Angler\" width=\"600\" height=\"899\" srcset=\"https:\/\/atanga.de\/wp-content\/uploads\/2014\/10\/Angler.jpg 600w, https:\/\/atanga.de\/wp-content\/uploads\/2014\/10\/Angler-200x300.jpg 200w\" sizes=\"(max-width: 600px) 100vw, 600px\" \/><\/a><\/p>\n<p>Leider ist es auf Grund der Windrichtungs-\u00c4nderung ab Nachmittag und die ganze Nacht sehr schwellig an unserem gestern noch so sch\u00f6nen Ankerplatz. Wir harren aber aus und brechen erst am Morgen Richtung Lagos auf.<\/p>\n<p>Hier erwartet uns ein h\u00fcbscher Ort und eine sehr sch\u00f6ne Marina. Da wir noch einen 20% Rabatt-Gutschein aus Porto haben, ist der Preis in dieser gro\u00dfz\u00fcgigen Marina mit 21 EUR f\u00fcr die ersten vier Tage und 25 EUR f\u00fcr die folgenden Tage, annehmbar.<\/p>\n<p>Abends gibt es dann die beiden Makrelen (gebraten mit getrockneten Tomaten) mit geschmorrtem Porree und Kartoffelmus.<\/p>\n<p><a class=\"boxersandswipers\" href=\"https:\/\/atanga.de\/wp-content\/uploads\/2014\/10\/Makrelen.jpg\"><img decoding=\"async\" class=\"alignleft size-full wp-image-2122\" src=\"https:\/\/atanga.de\/wp-content\/uploads\/2014\/10\/Makrelen.jpg\" alt=\"Makrelen\" width=\"800\" height=\"534\" srcset=\"https:\/\/atanga.de\/wp-content\/uploads\/2014\/10\/Makrelen.jpg 800w, https:\/\/atanga.de\/wp-content\/uploads\/2014\/10\/Makrelen-300x200.jpg 300w, https:\/\/atanga.de\/wp-content\/uploads\/2014\/10\/Makrelen-624x416.jpg 624w\" sizes=\"(max-width: 800px) 100vw, 800px\" \/><\/a><\/p>\n<div class=\"pld-like-dislike-wrap pld-template-1\">\r\n    <div class=\"pld-like-wrap  pld-common-wrap\">\r\n    <a href=\"javascript:void(0)\" class=\"pld-like-trigger pld-like-dislike-trigger  \" title=\"gef\u00e4llt mir\" data-post-id=\"2128\" data-trigger-type=\"like\" data-restriction=\"cookie\" data-already-liked=\"0\">\r\n                        <i class=\"fas fa-thumbs-up\"><\/i>\r\n                <\/a>\r\n    <span class=\"pld-like-count-wrap pld-count-wrap\">1    <\/span>\r\n<\/div><div class=\"pld-dislike-wrap  pld-common-wrap\">\r\n    <a href=\"javascript:void(0)\" class=\"pld-dislike-trigger pld-like-dislike-trigger  \" title=\"doof\" data-post-id=\"2128\" data-trigger-type=\"dislike\" data-restriction=\"cookie\" data-already-liked=\"0\">\r\n                        <i class=\"fas fa-thumbs-down\"><\/i>\r\n                <\/a>\r\n    <span class=\"pld-dislike-count-wrap pld-count-wrap\"><\/span>\r\n<\/div><\/div>","protected":false},"excerpt":{"rendered":"<p>23.\/24.Okt.14, Cabo de S\u00e1o Vicente, 1.714 von HH, Strecke 23 sm Die Nacht ist friedlich, der ablandige Wind schl\u00e4ft fast ein und wir verbringen eine ruhige Nacht. Erst gegen 7:30 Uhr weckt uns der Ankeralarm. Dieser Alarm ist aber nur der sehr knappen Einstellung geschuldet, dass er schon bei 100 ft. (33 m) Abweichung vom [&hellip;]<\/p>\n","protected":false},"author":4,"featured_media":0,"comment_status":"open","ping_status":"closed","sticky":false,"template":"","format":"standard","meta":{"footnotes":""},"categories":[25],"tags":[],"class_list":["post-2128","post","type-post","status-publish","format-standard","hentry","category-portugal"],"_links":{"self":[{"href":"https:\/\/atanga.de\/index.php?rest_route=\/wp\/v2\/posts\/2128","targetHints":{"allow":["GET"]}}],"collection":[{"href":"https:\/\/atanga.de\/index.php?rest_route=\/wp\/v2\/posts"}],"about":[{"href":"https:\/\/atanga.de\/index.php?rest_route=\/wp\/v2\/types\/post"}],"author":[{"embeddable":true,"href":"https:\/\/atanga.de\/index.php?rest_route=\/wp\/v2\/users\/4"}],"replies":[{"embeddable":true,"href":"https:\/\/atanga.de\/index.php?rest_route=%2Fwp%2Fv2%2Fcomments&post=2128"}],"version-history":[{"count":2,"href":"https:\/\/atanga.de\/index.php?rest_route=\/wp\/v2\/posts\/2128\/revisions"}],"predecessor-version":[{"id":2141,"href":"https:\/\/atanga.de\/index.php?rest_route=\/wp\/v2\/posts\/2128\/revisions\/2141"}],"wp:attachment":[{"href":"https:\/\/atanga.de\/index.php?rest_route=%2Fwp%2Fv2%2Fmedia&parent=2128"}],"wp:term":[{"taxonomy":"category","embeddable":true,"href":"https:\/\/atanga.de\/index.php?rest_route=%2Fwp%2Fv2%2Fcategories&post=2128"},{"taxonomy":"post_tag","embeddable":true,"href":"https:\/\/atanga.de\/index.php?rest_route=%2Fwp%2Fv2%2Ftags&post=2128"}],"curies":[{"name":"wp","href":"https:\/\/api.w.org\/{rel}","templated":true}]}}