{"id":2163,"date":"2014-10-29T23:12:36","date_gmt":"2014-10-29T23:12:36","guid":{"rendered":"http:\/\/atanga.de\/?p=2163"},"modified":"2014-10-31T21:39:46","modified_gmt":"2014-10-31T21:39:46","slug":"ausflug-in-de-umgebung-von-lagos","status":"publish","type":"post","link":"https:\/\/atanga.de\/?p=2163","title":{"rendered":"Ausflug in die Umgebung von Lagos"},"content":{"rendered":"<p><em>28.Okt.14, Lagos, 1.714 sm von HH<\/em><\/p>\n<p>Heute sind wir mit Edith und Bernd verabredet. Die beiden haben seit 16 Jahren ein Haus in Alvoa (5 km von Lagos entfernt), sind Rentner und alte Freunde von Ulla und Gert. \u00dcber Ulla haben sie erfahren, dass wir uns ganz in ihrer N\u00e4he aufhalten und bieten an, dass wir uns bei Bedarf gerne bei ihnen melden k\u00f6nnen. Wir haben keinen &#8222;Bedarf&#8220;, sind aber trotzdem sehr interessiert daran, die zwei kennen zu lernen.<\/p>\n<p>Also verabreden wir uns f\u00fcr 10:30 Uhr\u00a0bei uns in der Marina. Die Chemie stimmt sofort, wir zeigen ihnen unsere Atanga, plauschen ein wenig und dann beginnt eine nette Rundreise mit dem Auto in die n\u00e4here Umgebung. Bernd f\u00e4hrt uns geduldig durch die Landschaft und Edith erweist sich als kundige und unterhaltsame Fremdenf\u00fchrerin.<\/p>\n<p>Zuerst geht es Richtung Cabo de S\u00e1o Vincente. Dieses Kap beherrscht schon in jeder Hinsicht stark die Gegend. Oben auf den Felsen hocken die Angler in mehr als 60 Meter H\u00f6he (5 bis 6 \u00fcberleben pro Jahr diese Art des Angelns nicht) und hoffen auf den Fang ihres Lebens. Unten, an der Ostseite des Kaps,\u00a0dominieren eher\u00a0die Strand-Sonnen- und Badeg\u00e4sten, w\u00e4hrend an der Westseite des Kaps sich in den einzelnen Buchten\u00a0zig Wellenreiter treffen. Wir bekommen eindrucksvoll vorgef\u00fchrt, was f\u00fcr Tricks wahrscheinlich auch mit unserem neuen Bord m\u00f6glich sein d\u00fcrften. <img src=\"https:\/\/atanga.de\/wp-content\/plugins\/classic-smilies\/img\/icon_eek.gif\" alt=\":shock:\" class=\"wp-smiley\" style=\"height: 1em; max-height: 1em;\" \/><\/p>\n<p>\n\t\t<style type=\"text\/css\">\n\t\t\t#gallery-1 {\n\t\t\t\tmargin: auto;\n\t\t\t}\n\t\t\t#gallery-1 .gallery-item {\n\t\t\t\tfloat: left;\n\t\t\t\tmargin-top: 10px;\n\t\t\t\ttext-align: center;\n\t\t\t\twidth: 33%;\n\t\t\t}\n\t\t\t#gallery-1 img {\n\t\t\t\tborder: 2px solid #cfcfcf;\n\t\t\t}\n\t\t\t#gallery-1 .gallery-caption {\n\t\t\t\tmargin-left: 0;\n\t\t\t}\n\t\t\t\/* see gallery_shortcode() in wp-includes\/media.php *\/\n\t\t<\/style>\n\t\t<div id='gallery-1' class='gallery galleryid-2163 gallery-columns-3 gallery-size-thumbnail'><dl class='gallery-item'>\n\t\t\t<dt class='gallery-icon landscape'>\n\t\t\t\t<a class=\"boxersandswipers\" title=\"Surfer\" href='https:\/\/atanga.de\/wp-content\/uploads\/2014\/10\/Surfer.jpg'><img decoding=\"async\" width=\"150\" height=\"150\" src=\"https:\/\/atanga.de\/wp-content\/uploads\/2014\/10\/Surfer-150x150.jpg\" class=\"attachment-thumbnail size-thumbnail\" alt=\"\" aria-describedby=\"gallery-1-2167\" \/><\/a>\n\t\t\t<\/dt>\n\t\t\t\t<dd class='wp-caption-text gallery-caption' id='gallery-1-2167'>\n\t\t\t\tWarten auf die perfekte Welle.\n\t\t\t\t<\/dd><\/dl><dl class='gallery-item'>\n\t\t\t<dt class='gallery-icon landscape'>\n\t\t\t\t<a class=\"boxersandswipers\" title=\"STD_4694\" href='https:\/\/atanga.de\/wp-content\/uploads\/2014\/10\/STD_4694.jpg'><img decoding=\"async\" width=\"150\" height=\"150\" src=\"https:\/\/atanga.de\/wp-content\/uploads\/2014\/10\/STD_4694-150x150.jpg\" class=\"attachment-thumbnail size-thumbnail\" alt=\"\" aria-describedby=\"gallery-1-2166\" \/><\/a>\n\t\t\t<\/dt>\n\t\t\t\t<dd class='wp-caption-text gallery-caption' id='gallery-1-2166'>\n\t\t\t\tDieser Schwell macht verr\u00fcckt vor Anker.\n\t\t\t\t<\/dd><\/dl><dl class='gallery-item'>\n\t\t\t<dt class='gallery-icon landscape'>\n\t\t\t\t<a class=\"boxersandswipers\" title=\"Kueste\" href='https:\/\/atanga.de\/wp-content\/uploads\/2014\/10\/Kueste.jpg'><img decoding=\"async\" width=\"150\" height=\"150\" src=\"https:\/\/atanga.de\/wp-content\/uploads\/2014\/10\/Kueste-150x150.jpg\" class=\"attachment-thumbnail size-thumbnail\" alt=\"\" aria-describedby=\"gallery-1-2164\" \/><\/a>\n\t\t\t<\/dt>\n\t\t\t\t<dd class='wp-caption-text gallery-caption' id='gallery-1-2164'>\n\t\t\t\tHinter der n\u00e4chsten Bucht ist wieder Sandstrand&#8230;\n\t\t\t\t<\/dd><\/dl><br style=\"clear: both\" \/><dl class='gallery-item'>\n\t\t\t<dt class='gallery-icon landscape'>\n\t\t\t\t<a class=\"boxersandswipers\" title=\"Schiffbruch\" href='https:\/\/atanga.de\/wp-content\/uploads\/2014\/10\/Schiffbruch.jpg'><img decoding=\"async\" width=\"150\" height=\"150\" src=\"https:\/\/atanga.de\/wp-content\/uploads\/2014\/10\/Schiffbruch-150x150.jpg\" class=\"attachment-thumbnail size-thumbnail\" alt=\"\" aria-describedby=\"gallery-1-2165\" \/><\/a>\n\t\t\t<\/dt>\n\t\t\t\t<dd class='wp-caption-text gallery-caption' id='gallery-1-2165'>\n\t\t\t\tAnkerwache? Das will ein Segler nicht sehen.\n\t\t\t\t<\/dd><\/dl><dl class='gallery-item'>\n\t\t\t<dt class='gallery-icon landscape'>\n\t\t\t\t<a class=\"boxersandswipers\" title=\"Surferkueste\" href='https:\/\/atanga.de\/wp-content\/uploads\/2014\/10\/Surferkueste.jpg'><img decoding=\"async\" width=\"150\" height=\"150\" src=\"https:\/\/atanga.de\/wp-content\/uploads\/2014\/10\/Surferkueste-150x150.jpg\" class=\"attachment-thumbnail size-thumbnail\" alt=\"\" aria-describedby=\"gallery-1-2168\" \/><\/a>\n\t\t\t<\/dt>\n\t\t\t\t<dd class='wp-caption-text gallery-caption' id='gallery-1-2168'>\n\t\t\t\t&#8230;so sch\u00f6n.\n\t\t\t\t<\/dd><\/dl>\n\t\t\t<br style='clear: both' \/>\n\t\t<\/div>\n<br \/>\n\u00dcber Mittag ist das Wetter nicht so gut, diesig und tr\u00fcb, aber nach einer kleinen Rast, noch an der Steilk\u00fcste, verzieht sich der Dunst mehr und mehr, so dass wir prima Sicht haben, als wir durch das Monchique-Gebirge fahren. Auf halber Strecke sehen wir pl\u00f6tzlich einen G\u00e4nse-Geier auf einem Hausdach sitzen. Als wir mit dem Auto anhalten, landet er direkt neben uns auf dem Parkplatz. G\u00e4nse-Geier sind \u00fcberwiegend heimisch in Spanien, selten so weit im Westen von Portugal zu sehen und Edith und Bernd berichten\u00a0von nur einer einzigen Sichtung, seit sie in Portugal leben. Umso mehr freuen wir alle\u00a0uns an diesem \u00fcberraschenden Anblick.<\/p>\n<div id=\"attachment_2171\" style=\"width: 810px\" class=\"wp-caption alignleft\"><a class=\"boxersandswipers\" title=\"Geier\" href=\"https:\/\/atanga.de\/wp-content\/uploads\/2014\/10\/Geier.jpg\"><img decoding=\"async\" aria-describedby=\"caption-attachment-2171\" class=\"size-full wp-image-2171\" src=\"https:\/\/atanga.de\/wp-content\/uploads\/2014\/10\/Geier.jpg\" alt=\"G\u00e4nse-Geier\" width=\"800\" height=\"633\" srcset=\"https:\/\/atanga.de\/wp-content\/uploads\/2014\/10\/Geier.jpg 800w, https:\/\/atanga.de\/wp-content\/uploads\/2014\/10\/Geier-300x237.jpg 300w, https:\/\/atanga.de\/wp-content\/uploads\/2014\/10\/Geier-624x493.jpg 624w\" sizes=\"(max-width: 800px) 100vw, 800px\" \/><\/a><p id=\"caption-attachment-2171\" class=\"wp-caption-text\">G\u00e4nse-Geier<\/p><\/div>\n<p>Im Mocheque-Gebirge findet kein Delphin-Sightseeing-Speed-Boat-PS-Tourismus mehr statt, sondern wir kommen viel an Zitronen-Landwirtschaft in Terrassen-Anbau und an Korkeichen-Farmen vorbei.<\/p>\n<p>Korkeichen d\u00fcrfen nur\u00a0ale 9\u00a0Jahre geerntet werden und das sollte erfolgen ohne dass die Eichen Schaden nehmen &#8211; dies bedarf wohl einer hohen F\u00e4higkeit und Kenntnis des Sch\u00e4lvorganges. Die frisch gesch\u00e4lten Eichen bekommen mit wei\u00dfer Farbe eine Jahreszahl auf den Stamm notiert, so dass die Einhaltung der Jahresfristen immer gew\u00e4hrleistet werden kann.<\/p>\n<p>\n\t\t<style type=\"text\/css\">\n\t\t\t#gallery-2 {\n\t\t\t\tmargin: auto;\n\t\t\t}\n\t\t\t#gallery-2 .gallery-item {\n\t\t\t\tfloat: left;\n\t\t\t\tmargin-top: 10px;\n\t\t\t\ttext-align: center;\n\t\t\t\twidth: 33%;\n\t\t\t}\n\t\t\t#gallery-2 img {\n\t\t\t\tborder: 2px solid #cfcfcf;\n\t\t\t}\n\t\t\t#gallery-2 .gallery-caption {\n\t\t\t\tmargin-left: 0;\n\t\t\t}\n\t\t\t\/* see gallery_shortcode() in wp-includes\/media.php *\/\n\t\t<\/style>\n\t\t<div id='gallery-2' class='gallery galleryid-2163 gallery-columns-3 gallery-size-thumbnail'><dl class='gallery-item'>\n\t\t\t<dt class='gallery-icon portrait'>\n\t\t\t\t<a class=\"boxersandswipers\" title=\"Korkeiche\" href='https:\/\/atanga.de\/wp-content\/uploads\/2014\/10\/Korkeiche.jpg'><img decoding=\"async\" width=\"150\" height=\"150\" src=\"https:\/\/atanga.de\/wp-content\/uploads\/2014\/10\/Korkeiche-150x150.jpg\" class=\"attachment-thumbnail size-thumbnail\" alt=\"\" aria-describedby=\"gallery-2-2172\" \/><\/a>\n\t\t\t<\/dt>\n\t\t\t\t<dd class='wp-caption-text gallery-caption' id='gallery-2-2172'>\n\t\t\t\tKorkeiche\n\t\t\t\t<\/dd><\/dl><dl class='gallery-item'>\n\t\t\t<dt class='gallery-icon landscape'>\n\t\t\t\t<a class=\"boxersandswipers\" title=\"eiche\" href='https:\/\/atanga.de\/wp-content\/uploads\/2014\/10\/eiche.jpg'><img decoding=\"async\" width=\"150\" height=\"150\" src=\"https:\/\/atanga.de\/wp-content\/uploads\/2014\/10\/eiche-150x150.jpg\" class=\"attachment-thumbnail size-thumbnail\" alt=\"\" aria-describedby=\"gallery-2-2170\" \/><\/a>\n\t\t\t<\/dt>\n\t\t\t\t<dd class='wp-caption-text gallery-caption' id='gallery-2-2170'>\n\t\t\t\tKorkeichen-Farm\n\t\t\t\t<\/dd><\/dl>\n\t\t\t<br style='clear: both' \/>\n\t\t<\/div>\n<br \/>\nEin weiterer H\u00f6hepunkt unserer Rundtour ist ein Stopp im Tal \u00a0Monchique. Im Gebirge Sierra de Monchique entspringen Quellen, die umliegende Stauseen f\u00fcllen und die, insbesondere f\u00fcr ihre Thermalquellen &#8211; durchaus auch international, bekannt sind. Ein wundersch\u00f6ner Ort, tief eingebettet, schattig, verzaubert in einem tiefen, schmalen Tal mit h\u00fcbschen Geb\u00e4uden der Jahrhundertwende.<\/p>\n<p>Ein\u00a0toller Abend in einem urspr\u00fcnglichen Restaurant mit leckerem H\u00e4hnchen, unterhaltsamen Gespr\u00e4chen, k\u00fchlen Wei\u00dfwein und guter Laube, schlie\u00dft diesen netten Tag mit Edith und Bernd total stimmig ab. Die beiden bringen uns noch nach Lagos und wir verabreden ein weiteres Treffen f\u00fcr die n\u00e4chsten Tage.<\/p>\n\n\t\t<style type=\"text\/css\">\n\t\t\t#gallery-3 {\n\t\t\t\tmargin: auto;\n\t\t\t}\n\t\t\t#gallery-3 .gallery-item {\n\t\t\t\tfloat: left;\n\t\t\t\tmargin-top: 10px;\n\t\t\t\ttext-align: center;\n\t\t\t\twidth: 33%;\n\t\t\t}\n\t\t\t#gallery-3 img {\n\t\t\t\tborder: 2px solid #cfcfcf;\n\t\t\t}\n\t\t\t#gallery-3 .gallery-caption {\n\t\t\t\tmargin-left: 0;\n\t\t\t}\n\t\t\t\/* see gallery_shortcode() in wp-includes\/media.php *\/\n\t\t<\/style>\n\t\t<div id='gallery-3' class='gallery galleryid-2163 gallery-columns-3 gallery-size-thumbnail'><dl class='gallery-item'>\n\t\t\t<dt class='gallery-icon landscape'>\n\t\t\t\t<a class=\"boxersandswipers\" title=\"Thermal\" href='https:\/\/atanga.de\/wp-content\/uploads\/2014\/10\/Thermal.jpg'><img decoding=\"async\" width=\"150\" height=\"150\" src=\"https:\/\/atanga.de\/wp-content\/uploads\/2014\/10\/Thermal-150x150.jpg\" class=\"attachment-thumbnail size-thumbnail\" alt=\"\" aria-describedby=\"gallery-3-2173\" \/><\/a>\n\t\t\t<\/dt>\n\t\t\t\t<dd class='wp-caption-text gallery-caption' id='gallery-3-2173'>\n\t\t\t\tThermalbad-Haus\n\t\t\t\t<\/dd><\/dl><dl class='gallery-item'>\n\t\t\t<dt class='gallery-icon landscape'>\n\t\t\t\t<a class=\"boxersandswipers\" title=\"Edtih_Bernd\" href='https:\/\/atanga.de\/wp-content\/uploads\/2014\/10\/Edtih_Bernd.jpg'><img decoding=\"async\" width=\"150\" height=\"150\" src=\"https:\/\/atanga.de\/wp-content\/uploads\/2014\/10\/Edtih_Bernd-150x150.jpg\" class=\"attachment-thumbnail size-thumbnail\" alt=\"\" \/><\/a>\n\t\t\t<\/dt><\/dl>\n\t\t\t<br style='clear: both' \/>\n\t\t<\/div>\n\n<p>&nbsp;<\/p>\n<div class=\"pld-like-dislike-wrap pld-template-1\">\r\n    <div class=\"pld-like-wrap  pld-common-wrap\">\r\n    <a href=\"javascript:void(0)\" class=\"pld-like-trigger pld-like-dislike-trigger  \" title=\"gef\u00e4llt mir\" data-post-id=\"2163\" data-trigger-type=\"like\" data-restriction=\"cookie\" data-already-liked=\"0\">\r\n                        <i class=\"fas fa-thumbs-up\"><\/i>\r\n                <\/a>\r\n    <span class=\"pld-like-count-wrap pld-count-wrap\">    <\/span>\r\n<\/div><div class=\"pld-dislike-wrap  pld-common-wrap\">\r\n    <a href=\"javascript:void(0)\" class=\"pld-dislike-trigger pld-like-dislike-trigger  \" title=\"doof\" data-post-id=\"2163\" data-trigger-type=\"dislike\" data-restriction=\"cookie\" data-already-liked=\"0\">\r\n                        <i class=\"fas fa-thumbs-down\"><\/i>\r\n                <\/a>\r\n    <span class=\"pld-dislike-count-wrap pld-count-wrap\"><\/span>\r\n<\/div><\/div>","protected":false},"excerpt":{"rendered":"<p>28.Okt.14, Lagos, 1.714 sm von HH Heute sind wir mit Edith und Bernd verabredet. Die beiden haben seit 16 Jahren ein Haus in Alvoa (5 km von Lagos entfernt), sind Rentner und alte Freunde von Ulla und Gert. \u00dcber Ulla haben sie erfahren, dass wir uns ganz in ihrer N\u00e4he aufhalten und bieten an, dass [&hellip;]<\/p>\n","protected":false},"author":4,"featured_media":0,"comment_status":"open","ping_status":"closed","sticky":false,"template":"","format":"standard","meta":{"footnotes":""},"categories":[25],"tags":[],"class_list":["post-2163","post","type-post","status-publish","format-standard","hentry","category-portugal"],"_links":{"self":[{"href":"https:\/\/atanga.de\/index.php?rest_route=\/wp\/v2\/posts\/2163","targetHints":{"allow":["GET"]}}],"collection":[{"href":"https:\/\/atanga.de\/index.php?rest_route=\/wp\/v2\/posts"}],"about":[{"href":"https:\/\/atanga.de\/index.php?rest_route=\/wp\/v2\/types\/post"}],"author":[{"embeddable":true,"href":"https:\/\/atanga.de\/index.php?rest_route=\/wp\/v2\/users\/4"}],"replies":[{"embeddable":true,"href":"https:\/\/atanga.de\/index.php?rest_route=%2Fwp%2Fv2%2Fcomments&post=2163"}],"version-history":[{"count":8,"href":"https:\/\/atanga.de\/index.php?rest_route=\/wp\/v2\/posts\/2163\/revisions"}],"predecessor-version":[{"id":2196,"href":"https:\/\/atanga.de\/index.php?rest_route=\/wp\/v2\/posts\/2163\/revisions\/2196"}],"wp:attachment":[{"href":"https:\/\/atanga.de\/index.php?rest_route=%2Fwp%2Fv2%2Fmedia&parent=2163"}],"wp:term":[{"taxonomy":"category","embeddable":true,"href":"https:\/\/atanga.de\/index.php?rest_route=%2Fwp%2Fv2%2Fcategories&post=2163"},{"taxonomy":"post_tag","embeddable":true,"href":"https:\/\/atanga.de\/index.php?rest_route=%2Fwp%2Fv2%2Ftags&post=2163"}],"curies":[{"name":"wp","href":"https:\/\/api.w.org\/{rel}","templated":true}]}}