{"id":2235,"date":"2014-11-08T19:47:35","date_gmt":"2014-11-08T19:47:35","guid":{"rendered":"http:\/\/atanga.de\/?p=2235"},"modified":"2014-11-15T16:15:28","modified_gmt":"2014-11-15T16:15:28","slug":"besuch-in-alvor","status":"publish","type":"post","link":"https:\/\/atanga.de\/?p=2235","title":{"rendered":"Besuch in Alvor"},"content":{"rendered":"<p><em>Fr., 07.Nov.14, Lagos\/Portugal, Tag 160, 1.714 sm von HH<\/em><\/p>\n<p>F\u00fcr unser heutiges Treffen mit Edith und Bernd setzten wir uns in den Bus und fahren 20 Minuten bis Alvor. Die eigentlich recht kurze Fahrt ist mit 8,20 f\u00fcr Hin- und R\u00fcckfahrt pro Person \u00fcberraschend teuer. Achim ist die beinahe doppelte Strecke mit dem Zug f\u00fcr die H\u00e4lfte gefahren und eine Fahrt nach Sevilla (250 km) kostet nur 35,00 EUR hin- und zur\u00fcck. In Lissabon war uns schon eine nicht nachvollziehbare Preispolitik aufgefallen. Bus 1,80, Stra\u00dfenbahn 2,80 f\u00fcr den gleichen Weg. <img src=\"https:\/\/atanga.de\/wp-content\/plugins\/classic-smilies\/img\/icon_rolleyes.gif\" alt=\":roll:\" class=\"wp-smiley\" style=\"height: 1em; max-height: 1em;\" \/><\/p>\n<p>Auf der Fahrt sehen wir auf den sumpfigen Wiesen des Ria de Alvor bestimmt 20 bis 25 St\u00f6rche, mal auf dem Feld nach Fr\u00f6schen sp\u00e4hend, mal in ihren Nestern, die auf alles gebaut werden, was h\u00f6her als 5 Meter ist.<\/p>\n<p>In Alvor (genau bei unserer Ankunft h\u00f6rt es auf zu regnen) werden herzlich von Edith und Bernd in Empfang genommen und erhalten eine F\u00fchrung durch ihren Zweitwohnsitz. Alvor ist ein h\u00fcbscher Ort, der eine prima Ankerbucht f\u00fcr Yachten und noch einen richtigen Fischereibetrieb vorweist. Leider neigt die Einfahrt vom Ria de Alvor zum Versanden, so dass wir es vorziehen, hier nicht vor Anker zu gehen.<\/p>\n\n\t\t<style type=\"text\/css\">\n\t\t\t#gallery-1 {\n\t\t\t\tmargin: auto;\n\t\t\t}\n\t\t\t#gallery-1 .gallery-item {\n\t\t\t\tfloat: left;\n\t\t\t\tmargin-top: 10px;\n\t\t\t\ttext-align: center;\n\t\t\t\twidth: 25%;\n\t\t\t}\n\t\t\t#gallery-1 img {\n\t\t\t\tborder: 2px solid #cfcfcf;\n\t\t\t}\n\t\t\t#gallery-1 .gallery-caption {\n\t\t\t\tmargin-left: 0;\n\t\t\t}\n\t\t\t\/* see gallery_shortcode() in wp-includes\/media.php *\/\n\t\t<\/style>\n\t\t<div id='gallery-1' class='gallery galleryid-2235 gallery-columns-4 gallery-size-thumbnail'><dl class='gallery-item'>\n\t\t\t<dt class='gallery-icon landscape'>\n\t\t\t\t<a class=\"boxersandswipers\" title=\"Fischer\" href='https:\/\/atanga.de\/wp-content\/uploads\/2014\/11\/Fischer.jpg'><img decoding=\"async\" width=\"150\" height=\"150\" src=\"https:\/\/atanga.de\/wp-content\/uploads\/2014\/11\/Fischer-150x150.jpg\" class=\"attachment-thumbnail size-thumbnail\" alt=\"\" \/><\/a>\n\t\t\t<\/dt><\/dl><dl class='gallery-item'>\n\t\t\t<dt class='gallery-icon landscape'>\n\t\t\t\t<a class=\"boxersandswipers\" title=\"Reusen\" href='https:\/\/atanga.de\/wp-content\/uploads\/2014\/11\/Reusen.jpg'><img decoding=\"async\" width=\"150\" height=\"150\" src=\"https:\/\/atanga.de\/wp-content\/uploads\/2014\/11\/Reusen-150x150.jpg\" class=\"attachment-thumbnail size-thumbnail\" alt=\"\" \/><\/a>\n\t\t\t<\/dt><\/dl><dl class='gallery-item'>\n\t\t\t<dt class='gallery-icon landscape'>\n\t\t\t\t<a class=\"boxersandswipers\" title=\"Netze_2\" href='https:\/\/atanga.de\/wp-content\/uploads\/2014\/11\/Netze_2.jpg'><img decoding=\"async\" width=\"150\" height=\"150\" src=\"https:\/\/atanga.de\/wp-content\/uploads\/2014\/11\/Netze_2-150x150.jpg\" class=\"attachment-thumbnail size-thumbnail\" alt=\"\" \/><\/a>\n\t\t\t<\/dt><\/dl><dl class='gallery-item'>\n\t\t\t<dt class='gallery-icon landscape'>\n\t\t\t\t<a class=\"boxersandswipers\" title=\"Netze\" href='https:\/\/atanga.de\/wp-content\/uploads\/2014\/11\/Netze.jpg'><img decoding=\"async\" width=\"150\" height=\"150\" src=\"https:\/\/atanga.de\/wp-content\/uploads\/2014\/11\/Netze-150x150.jpg\" class=\"attachment-thumbnail size-thumbnail\" alt=\"\" \/><\/a>\n\t\t\t<\/dt><\/dl><br style=\"clear: both\" \/>\n\t\t<\/div>\n\n<p>Nach einer F\u00fchrung durch ihr Haus (so sch\u00f6n mit Meerblick) und Garten, fahren wir in ein typisches portugiesisches Lokal zum Mittag essen. Alleine h\u00e4tten wir dieses urige Lokal nie gefunden, es geht doch nichts \u00fcber ortskundige F\u00fchrer.<\/p>\n<p>Der Nachmittag geh\u00f6rt dann der Besichtigung des Praia da Rocha, dem \u00e4ltesten Bade-Urlaub-Ort Portugals. Bereits in den 30er Jahren haben Engl\u00e4nder diese sch\u00f6ne K\u00fcste entdeckt und die ersten Hotels wurden gebaut. Leider zeigt sich die heutige Wasserfront vom Vorort\u00a0Portim\u00e1os alles andere als sch\u00f6n. Die Baus\u00fcnden der letzten Jahrzehnte prangen von weit her sichtbar. An der relativ neuen Marina ist es allerdings wieder sehr h\u00fcbsch.<\/p>\n\n\t\t<style type=\"text\/css\">\n\t\t\t#gallery-2 {\n\t\t\t\tmargin: auto;\n\t\t\t}\n\t\t\t#gallery-2 .gallery-item {\n\t\t\t\tfloat: left;\n\t\t\t\tmargin-top: 10px;\n\t\t\t\ttext-align: center;\n\t\t\t\twidth: 25%;\n\t\t\t}\n\t\t\t#gallery-2 img {\n\t\t\t\tborder: 2px solid #cfcfcf;\n\t\t\t}\n\t\t\t#gallery-2 .gallery-caption {\n\t\t\t\tmargin-left: 0;\n\t\t\t}\n\t\t\t\/* see gallery_shortcode() in wp-includes\/media.php *\/\n\t\t<\/style>\n\t\t<div id='gallery-2' class='gallery galleryid-2235 gallery-columns-4 gallery-size-thumbnail'><dl class='gallery-item'>\n\t\t\t<dt class='gallery-icon landscape'>\n\t\t\t\t<a class=\"boxersandswipers\" title=\"Portimao\" href='https:\/\/atanga.de\/wp-content\/uploads\/2014\/11\/Portimao.jpg'><img decoding=\"async\" width=\"150\" height=\"150\" src=\"https:\/\/atanga.de\/wp-content\/uploads\/2014\/11\/Portimao-150x150.jpg\" class=\"attachment-thumbnail size-thumbnail\" alt=\"\" \/><\/a>\n\t\t\t<\/dt><\/dl><dl class='gallery-item'>\n\t\t\t<dt class='gallery-icon landscape'>\n\t\t\t\t<a class=\"boxersandswipers\" title=\"Marina Portimao\" href='https:\/\/atanga.de\/wp-content\/uploads\/2014\/11\/Marina-Portimao.jpg'><img decoding=\"async\" width=\"150\" height=\"150\" src=\"https:\/\/atanga.de\/wp-content\/uploads\/2014\/11\/Marina-Portimao-150x150.jpg\" class=\"attachment-thumbnail size-thumbnail\" alt=\"\" \/><\/a>\n\t\t\t<\/dt><\/dl><dl class='gallery-item'>\n\t\t\t<dt class='gallery-icon landscape'>\n\t\t\t\t<a class=\"boxersandswipers\" title=\"Gruppe\" href='https:\/\/atanga.de\/wp-content\/uploads\/2014\/11\/Gruppe.jpg'><img decoding=\"async\" width=\"150\" height=\"150\" src=\"https:\/\/atanga.de\/wp-content\/uploads\/2014\/11\/Gruppe-150x150.jpg\" class=\"attachment-thumbnail size-thumbnail\" alt=\"\" \/><\/a>\n\t\t\t<\/dt><\/dl><dl class='gallery-item'>\n\t\t\t<dt class='gallery-icon landscape'>\n\t\t\t\t<a class=\"boxersandswipers\" title=\"Felsen_Alvor\" href='https:\/\/atanga.de\/wp-content\/uploads\/2014\/11\/Felsen_Alvor.jpg'><img decoding=\"async\" width=\"150\" height=\"150\" src=\"https:\/\/atanga.de\/wp-content\/uploads\/2014\/11\/Felsen_Alvor-150x150.jpg\" class=\"attachment-thumbnail size-thumbnail\" alt=\"\" \/><\/a>\n\t\t\t<\/dt><\/dl><br style=\"clear: both\" \/>\n\t\t<\/div>\n\n<p>Ein super netter Tag geht mit dem letzten Bus um 19:00 Uhr zur\u00fcck nach Lagos zu Ende. Liebe Edith, lieber Bernd, vielen Dank f\u00fcr die vielen kleinen Geschichten und Anekdoten \u00fcber Land und Leute und euer Leben hier in Portugal. Es hat viel Spa\u00df mit Euch gemacht und wir kommen gerne wieder zur Zitronengras- und rosa Pfeffer-Ernte in Eurem Garten. <img src=\"https:\/\/atanga.de\/wp-content\/plugins\/classic-smilies\/img\/icon_smile.gif\" alt=\":-)\" class=\"wp-smiley\" style=\"height: 1em; max-height: 1em;\" \/><\/p>\n<div class=\"pld-like-dislike-wrap pld-template-1\">\r\n    <div class=\"pld-like-wrap  pld-common-wrap\">\r\n    <a href=\"javascript:void(0)\" class=\"pld-like-trigger pld-like-dislike-trigger  \" title=\"gef\u00e4llt mir\" data-post-id=\"2235\" data-trigger-type=\"like\" data-restriction=\"cookie\" data-already-liked=\"0\">\r\n                        <i class=\"fas fa-thumbs-up\"><\/i>\r\n                <\/a>\r\n    <span class=\"pld-like-count-wrap pld-count-wrap\">    <\/span>\r\n<\/div><div class=\"pld-dislike-wrap  pld-common-wrap\">\r\n    <a href=\"javascript:void(0)\" class=\"pld-dislike-trigger pld-like-dislike-trigger  \" title=\"doof\" data-post-id=\"2235\" data-trigger-type=\"dislike\" data-restriction=\"cookie\" data-already-liked=\"0\">\r\n                        <i class=\"fas fa-thumbs-down\"><\/i>\r\n                <\/a>\r\n    <span class=\"pld-dislike-count-wrap pld-count-wrap\"><\/span>\r\n<\/div><\/div>","protected":false},"excerpt":{"rendered":"<p>Fr., 07.Nov.14, Lagos\/Portugal, Tag 160, 1.714 sm von HH F\u00fcr unser heutiges Treffen mit Edith und Bernd setzten wir uns in den Bus und fahren 20 Minuten bis Alvor. Die eigentlich recht kurze Fahrt ist mit 8,20 f\u00fcr Hin- und R\u00fcckfahrt pro Person \u00fcberraschend teuer. Achim ist die beinahe doppelte Strecke mit dem Zug f\u00fcr [&hellip;]<\/p>\n","protected":false},"author":4,"featured_media":0,"comment_status":"open","ping_status":"closed","sticky":false,"template":"","format":"standard","meta":{"footnotes":""},"categories":[25],"tags":[],"class_list":["post-2235","post","type-post","status-publish","format-standard","hentry","category-portugal"],"_links":{"self":[{"href":"https:\/\/atanga.de\/index.php?rest_route=\/wp\/v2\/posts\/2235","targetHints":{"allow":["GET"]}}],"collection":[{"href":"https:\/\/atanga.de\/index.php?rest_route=\/wp\/v2\/posts"}],"about":[{"href":"https:\/\/atanga.de\/index.php?rest_route=\/wp\/v2\/types\/post"}],"author":[{"embeddable":true,"href":"https:\/\/atanga.de\/index.php?rest_route=\/wp\/v2\/users\/4"}],"replies":[{"embeddable":true,"href":"https:\/\/atanga.de\/index.php?rest_route=%2Fwp%2Fv2%2Fcomments&post=2235"}],"version-history":[{"count":5,"href":"https:\/\/atanga.de\/index.php?rest_route=\/wp\/v2\/posts\/2235\/revisions"}],"predecessor-version":[{"id":2308,"href":"https:\/\/atanga.de\/index.php?rest_route=\/wp\/v2\/posts\/2235\/revisions\/2308"}],"wp:attachment":[{"href":"https:\/\/atanga.de\/index.php?rest_route=%2Fwp%2Fv2%2Fmedia&parent=2235"}],"wp:term":[{"taxonomy":"category","embeddable":true,"href":"https:\/\/atanga.de\/index.php?rest_route=%2Fwp%2Fv2%2Fcategories&post=2235"},{"taxonomy":"post_tag","embeddable":true,"href":"https:\/\/atanga.de\/index.php?rest_route=%2Fwp%2Fv2%2Ftags&post=2235"}],"curies":[{"name":"wp","href":"https:\/\/api.w.org\/{rel}","templated":true}]}}