{"id":2258,"date":"2014-11-13T08:52:59","date_gmt":"2014-11-13T08:52:59","guid":{"rendered":"http:\/\/atanga.de\/?p=2258"},"modified":"2015-03-03T21:04:38","modified_gmt":"2015-03-03T21:04:38","slug":"fahrt-nach-sevilla","status":"publish","type":"post","link":"https:\/\/atanga.de\/?p=2258","title":{"rendered":"Fahrt nach Sevilla"},"content":{"rendered":"<p><em>Mi., 12.Nov.14, Sevilla\/Spanien Tag 165, 1.714 sm von HH<\/em><\/p>\n<p>Unsere Fahrt beginnt leicht regnerisch bei milden 18 Grad morgens um 6:30 Uhr. Der Bus ist recht komfortabel, hat WIFI und au\u00dfer uns fahren nur noch knapp 15 weitere Passagiere mit. In Portugal f\u00fchrt die Strecke an der K\u00fcste entlang (allerdings ohne Meerblick) und wir fahren die wichtigsten Orte an der Algarve ab.<\/p>\n<p>Die Landschaft ist gepr\u00e4gt von sanften H\u00fcgelketten, mal landwirtschaftlich ungenutzt mit niedrigem Buschwerk bewachsen, mal Olivenhaine oder, seltener, kleine Orangen-Plantagen. Dazwischen, malerisch hingetupft, kleine D\u00f6rfer oder einzelne Fincas. Diese sind in wei\u00df oder pastell gestrichen und haben diese unnachahmlichen, wundersch\u00f6nen, roten Ziegeld\u00e4cher, die es nur in S\u00fcdeuropa gibt.<\/p>\n<p>Die Stra\u00dfen sind, EU-Gelder sei dank, super in Schuss und sehr auff\u00e4llig ist, dass auch auf den \u00dcberlandstra\u00dfen kein M\u00fcll im Stra\u00dfengraben liegt (und das ohne Dosen- und Flaschenpfand) liegt! Spontan nach \u00dcberschreiten der Spanischen Grenze wird es dann flacher und es nehmen weitl\u00e4ufige Schirm-Pinien-W\u00e4lder und der Sonnenschein zu <img src=\"https:\/\/atanga.de\/wp-content\/plugins\/classic-smilies\/img\/icon_smile.gif\" alt=\":-)\" class=\"wp-smiley\" style=\"height: 1em; max-height: 1em;\" \/><\/p>\n<p>Auch die Landwirtschaft zeigt ein komplett anderes Bild. Was in Portugal als vertr\u00e4umte \u00d6ko-Bauernh\u00f6fe r\u00fcber kommt, ist hier die uns\u00e4gliche Folien-ich-kann-zwei-Ernten-im-Jahr Gro\u00df-Agrar-Industrie. Daf\u00fcr stehen, als schn\u00f6des Stra\u00dfen-Begleitgr\u00fcn, auf dem Mittelstreifen der Autobahn drei Meter hohe Oleander-B\u00fcsche in voller zweiter Bl\u00fcte&#8230;<\/p>\n<p>Um 13:00 Uhr sind wir p\u00fcnktlich da und k\u00f6nnen in unser, \u00fcberraschend sch\u00f6nes, Hotel einchecken. Bei 24 Grad und strahlendem Sonnenschein beginnen wir mit der Erforschung von Sevilla.<\/p>\n<div class=\"pld-like-dislike-wrap pld-template-1\">\r\n    <div class=\"pld-like-wrap  pld-common-wrap\">\r\n    <a href=\"javascript:void(0)\" class=\"pld-like-trigger pld-like-dislike-trigger  \" title=\"gef\u00e4llt mir\" data-post-id=\"2258\" data-trigger-type=\"like\" data-restriction=\"cookie\" data-already-liked=\"0\">\r\n                        <i class=\"fas fa-thumbs-up\"><\/i>\r\n                <\/a>\r\n    <span class=\"pld-like-count-wrap pld-count-wrap\">    <\/span>\r\n<\/div><div class=\"pld-dislike-wrap  pld-common-wrap\">\r\n    <a href=\"javascript:void(0)\" class=\"pld-dislike-trigger pld-like-dislike-trigger  \" title=\"doof\" data-post-id=\"2258\" data-trigger-type=\"dislike\" data-restriction=\"cookie\" data-already-liked=\"0\">\r\n                        <i class=\"fas fa-thumbs-down\"><\/i>\r\n                <\/a>\r\n    <span class=\"pld-dislike-count-wrap pld-count-wrap\"><\/span>\r\n<\/div><\/div>","protected":false},"excerpt":{"rendered":"<p>Mi., 12.Nov.14, Sevilla\/Spanien Tag 165, 1.714 sm von HH Unsere Fahrt beginnt leicht regnerisch bei milden 18 Grad morgens um 6:30 Uhr. Der Bus ist recht komfortabel, hat WIFI und au\u00dfer uns fahren nur noch knapp 15 weitere Passagiere mit. In Portugal f\u00fchrt die Strecke an der K\u00fcste entlang (allerdings ohne Meerblick) und wir fahren [&hellip;]<\/p>\n","protected":false},"author":4,"featured_media":0,"comment_status":"open","ping_status":"closed","sticky":false,"template":"","format":"standard","meta":{"footnotes":""},"categories":[36,25,26],"tags":[],"class_list":["post-2258","post","type-post","status-publish","format-standard","hentry","category-landausfluege","category-portugal","category-spanien"],"_links":{"self":[{"href":"https:\/\/atanga.de\/index.php?rest_route=\/wp\/v2\/posts\/2258","targetHints":{"allow":["GET"]}}],"collection":[{"href":"https:\/\/atanga.de\/index.php?rest_route=\/wp\/v2\/posts"}],"about":[{"href":"https:\/\/atanga.de\/index.php?rest_route=\/wp\/v2\/types\/post"}],"author":[{"embeddable":true,"href":"https:\/\/atanga.de\/index.php?rest_route=\/wp\/v2\/users\/4"}],"replies":[{"embeddable":true,"href":"https:\/\/atanga.de\/index.php?rest_route=%2Fwp%2Fv2%2Fcomments&post=2258"}],"version-history":[{"count":3,"href":"https:\/\/atanga.de\/index.php?rest_route=\/wp\/v2\/posts\/2258\/revisions"}],"predecessor-version":[{"id":2306,"href":"https:\/\/atanga.de\/index.php?rest_route=\/wp\/v2\/posts\/2258\/revisions\/2306"}],"wp:attachment":[{"href":"https:\/\/atanga.de\/index.php?rest_route=%2Fwp%2Fv2%2Fmedia&parent=2258"}],"wp:term":[{"taxonomy":"category","embeddable":true,"href":"https:\/\/atanga.de\/index.php?rest_route=%2Fwp%2Fv2%2Fcategories&post=2258"},{"taxonomy":"post_tag","embeddable":true,"href":"https:\/\/atanga.de\/index.php?rest_route=%2Fwp%2Fv2%2Ftags&post=2258"}],"curies":[{"name":"wp","href":"https:\/\/api.w.org\/{rel}","templated":true}]}}