{"id":2657,"date":"2015-01-08T14:17:23","date_gmt":"2015-01-08T14:17:23","guid":{"rendered":"http:\/\/atanga.de\/?p=2657"},"modified":"2015-03-13T22:10:44","modified_gmt":"2015-03-13T22:10:44","slug":"von-lanzarote-nach-fuerteventura","status":"publish","type":"post","link":"https:\/\/atanga.de\/?p=2657","title":{"rendered":"Von Lanzarote nach Fuerteventura"},"content":{"rendered":"<p><em>Mi., 07.Jan.15, Fuerteventura, Tag 221, 2.341 sm von HH<\/em><\/p>\n<div>Damit wir Gran Tarajal noch bei Tageslicht erreichen, gehen wir schon um kurz nach\u00a08:00 Uhr\u00a0Anker auf.<\/div>\n<div>Die Meerenge nach Fuerteventura ist schnell \u00fcberbr\u00fcckt und dann segeln wir den ganzen Tag parallel die Ostseite Fuerteventuras ab.<\/div>\n<div>Die Segelbedingungen sind fast perfekt, Sonne, Windst\u00e4rke 4 von schr\u00e4g achtern und, da der Wind gestern schon so klein war, wenig alte D\u00fcnung. Wir rollen somit kaum, es k\u00f6nnte nur noch ein Quentchen w\u00e4rmer sein.<\/div>\n<div><\/div>\n<div>Wenn Lanzarote schon karg ist, so perfektioniert Fuerteventura dieses noch. Lanzarote ist durch das konsequente schwarz\/wei\u00df Thema vielleicht eine Sch\u00f6nheit, aber sicher eine Besonderheit. Von See aus erscheint Fuerteventura als die ockerfarbene Langeweile.<\/div>\n<div>An der Nordspitze gibt es einen langen Sandstrand, der mit Hotelbetten-Burgen zugeflastert ist.<\/div>\n<div>An der Ostflanke sehen wir kleine Ortschaften mit w\u00fcrfelf\u00f6rmigen H\u00e4usern &#8211; in ocker.<\/div>\n<div>Etwa auf der H\u00e4lfte der Strecke wird die sanfte K\u00fcste schroff und steil. Ocker-braune (was sonst) Steilk\u00fcste, kaum besiedelt taucht auf.<\/div>\n<div>Fast planm\u00e4\u00dfig machen wir\u00a0um 18:00 Uhr\u00a0in Gran Tarajal fest.<\/div>\n<div>In der Marina ( 12,00 EUR Liegegeb\u00fchr pro Tag inkl. Wasser und Strom <img src=\"https:\/\/atanga.de\/wp-content\/plugins\/classic-smilies\/img\/icon_smile.gif\" alt=\":-)\" class=\"wp-smiley\" style=\"height: 1em; max-height: 1em;\" \/> ) gibt es kein WiFi, so dass wir f\u00fcr unsere Blogeintr\u00e4ge in den Ort laufen m\u00fcssen.<\/div>\n<div><\/div>\n<div>\n\n\t\t<style type=\"text\/css\">\n\t\t\t#gallery-1 {\n\t\t\t\tmargin: auto;\n\t\t\t}\n\t\t\t#gallery-1 .gallery-item {\n\t\t\t\tfloat: left;\n\t\t\t\tmargin-top: 10px;\n\t\t\t\ttext-align: center;\n\t\t\t\twidth: 33%;\n\t\t\t}\n\t\t\t#gallery-1 img {\n\t\t\t\tborder: 2px solid #cfcfcf;\n\t\t\t}\n\t\t\t#gallery-1 .gallery-caption {\n\t\t\t\tmargin-left: 0;\n\t\t\t}\n\t\t\t\/* see gallery_shortcode() in wp-includes\/media.php *\/\n\t\t<\/style>\n\t\t<div id='gallery-1' class='gallery galleryid-2657 gallery-columns-3 gallery-size-thumbnail'><dl class='gallery-item'>\n\t\t\t<dt class='gallery-icon landscape'>\n\t\t\t\t<a class=\"boxersandswipers\" title=\"Fuerteventura Ostseite 2\" href='https:\/\/atanga.de\/wp-content\/uploads\/2015\/01\/Fuerteventura-Ostseite-2.jpg'><img decoding=\"async\" width=\"150\" height=\"150\" src=\"https:\/\/atanga.de\/wp-content\/uploads\/2015\/01\/Fuerteventura-Ostseite-2-150x150.jpg\" class=\"attachment-thumbnail size-thumbnail\" alt=\"\" \/><\/a>\n\t\t\t<\/dt><\/dl><dl class='gallery-item'>\n\t\t\t<dt class='gallery-icon landscape'>\n\t\t\t\t<a class=\"boxersandswipers\" title=\"Fuerteventura Ostseite\" href='https:\/\/atanga.de\/wp-content\/uploads\/2015\/01\/Fuerteventura-Ostseite.jpg'><img decoding=\"async\" width=\"150\" height=\"150\" src=\"https:\/\/atanga.de\/wp-content\/uploads\/2015\/01\/Fuerteventura-Ostseite-150x150.jpg\" class=\"attachment-thumbnail size-thumbnail\" alt=\"\" \/><\/a>\n\t\t\t<\/dt><\/dl>\n\t\t\t<br style='clear: both' \/>\n\t\t<\/div>\n\n<p>&#8230;.von Sabine geschrieben&#8230;.<\/p>\n<\/div>\n<div class=\"pld-like-dislike-wrap pld-template-1\">\r\n    <div class=\"pld-like-wrap  pld-common-wrap\">\r\n    <a href=\"javascript:void(0)\" class=\"pld-like-trigger pld-like-dislike-trigger  \" title=\"gef\u00e4llt mir\" data-post-id=\"2657\" data-trigger-type=\"like\" data-restriction=\"cookie\" data-already-liked=\"0\">\r\n                        <i class=\"fas fa-thumbs-up\"><\/i>\r\n                <\/a>\r\n    <span class=\"pld-like-count-wrap pld-count-wrap\">    <\/span>\r\n<\/div><div class=\"pld-dislike-wrap  pld-common-wrap\">\r\n    <a href=\"javascript:void(0)\" class=\"pld-dislike-trigger pld-like-dislike-trigger  \" title=\"doof\" data-post-id=\"2657\" data-trigger-type=\"dislike\" data-restriction=\"cookie\" data-already-liked=\"0\">\r\n                        <i class=\"fas fa-thumbs-down\"><\/i>\r\n                <\/a>\r\n    <span class=\"pld-dislike-count-wrap pld-count-wrap\"><\/span>\r\n<\/div><\/div>","protected":false},"excerpt":{"rendered":"<p>Mi., 07.Jan.15, Fuerteventura, Tag 221, 2.341 sm von HH Damit wir Gran Tarajal noch bei Tageslicht erreichen, gehen wir schon um kurz nach\u00a08:00 Uhr\u00a0Anker auf. Die Meerenge nach Fuerteventura ist schnell \u00fcberbr\u00fcckt und dann segeln wir den ganzen Tag parallel die Ostseite Fuerteventuras ab. Die Segelbedingungen sind fast perfekt, Sonne, Windst\u00e4rke 4 von schr\u00e4g achtern [&hellip;]<\/p>\n","protected":false},"author":4,"featured_media":0,"comment_status":"open","ping_status":"closed","sticky":false,"template":"","format":"standard","meta":{"footnotes":""},"categories":[35,42,26],"tags":[],"class_list":["post-2657","post","type-post","status-publish","format-standard","hentry","category-auf-see","category-fuerteventura","category-spanien"],"_links":{"self":[{"href":"https:\/\/atanga.de\/index.php?rest_route=\/wp\/v2\/posts\/2657","targetHints":{"allow":["GET"]}}],"collection":[{"href":"https:\/\/atanga.de\/index.php?rest_route=\/wp\/v2\/posts"}],"about":[{"href":"https:\/\/atanga.de\/index.php?rest_route=\/wp\/v2\/types\/post"}],"author":[{"embeddable":true,"href":"https:\/\/atanga.de\/index.php?rest_route=\/wp\/v2\/users\/4"}],"replies":[{"embeddable":true,"href":"https:\/\/atanga.de\/index.php?rest_route=%2Fwp%2Fv2%2Fcomments&post=2657"}],"version-history":[{"count":1,"href":"https:\/\/atanga.de\/index.php?rest_route=\/wp\/v2\/posts\/2657\/revisions"}],"predecessor-version":[{"id":2660,"href":"https:\/\/atanga.de\/index.php?rest_route=\/wp\/v2\/posts\/2657\/revisions\/2660"}],"wp:attachment":[{"href":"https:\/\/atanga.de\/index.php?rest_route=%2Fwp%2Fv2%2Fmedia&parent=2657"}],"wp:term":[{"taxonomy":"category","embeddable":true,"href":"https:\/\/atanga.de\/index.php?rest_route=%2Fwp%2Fv2%2Fcategories&post=2657"},{"taxonomy":"post_tag","embeddable":true,"href":"https:\/\/atanga.de\/index.php?rest_route=%2Fwp%2Fv2%2Ftags&post=2657"}],"curies":[{"name":"wp","href":"https:\/\/api.w.org\/{rel}","templated":true}]}}