{"id":2665,"date":"2015-01-10T15:50:35","date_gmt":"2015-01-10T15:50:35","guid":{"rendered":"http:\/\/atanga.de\/?p=2665"},"modified":"2015-03-13T22:10:28","modified_gmt":"2015-03-13T22:10:28","slug":"gran-tarajal","status":"publish","type":"post","link":"https:\/\/atanga.de\/?p=2665","title":{"rendered":"Gran Tarajal"},"content":{"rendered":"<p><em>Fr. 09. Jan. 15.,Fuerteventura, Tag 223, 2.341sm von HH<\/em><\/p>\n<p>Bei Grand Tarajal handelt es sich um einen kleinen Ort mit ca. 5.000 Einwohnern Im unteren Drittel an der Ostseite von Fuerteventura. Dieser Ort kommt etwas trist und total unaufgeregt r\u00fcber. Mit dem grauen Strand und der schmucklosen Promenade stellt sich Grand Tarajal nicht gerade als Sch\u00f6nheit vor. Aber nach Playa Blanca ist es gerade dieses Unaufdringliche, was sehr angenehm ist. Kaum Touristen &#8211; es gibt hier in der Tat nur ein 2** Hotel, mehr nicht- gute Superm\u00e4rkte, kurze Wege, ein gewachsener Ort, alles irgendwie entspannt. Fr\u00fcher wurde von hier aus die fuerteventurische Tomatenernte ans Festland verschifft. Heute werden hier nur noch die Tomaten zum Verpacken angeliefert und der Transport wurde nach Puerto del Rosario, in die Inselhaupstadt, etwas n\u00f6rdlich von hier, verlegt. Uns ist zwar mit dem bisherigen Blick auf das Eiland noch nicht ganz klar, wo diese Tomaten in so gro\u00dfer Menge wachsen sollen, dass man daf\u00fcr extra eine Fabrik zum Verpacken ben\u00f6tigt, aber wir werden sehen. Die ersten zwei Tage haben wir zum Beschnuppern des Ortes genutzt und haben jetzt unsere Pl\u00e4ne geschmiedet. Am Montag werden wir uns wieder f\u00fcr zwei Tage ein Auto leihen, um dann zu sehen, ob Fuerteventura noch mehr au\u00dfer Ocker zu bieten hat.<\/p>\n\n\t\t<style type=\"text\/css\">\n\t\t\t#gallery-1 {\n\t\t\t\tmargin: auto;\n\t\t\t}\n\t\t\t#gallery-1 .gallery-item {\n\t\t\t\tfloat: left;\n\t\t\t\tmargin-top: 10px;\n\t\t\t\ttext-align: center;\n\t\t\t\twidth: 33%;\n\t\t\t}\n\t\t\t#gallery-1 img {\n\t\t\t\tborder: 2px solid #cfcfcf;\n\t\t\t}\n\t\t\t#gallery-1 .gallery-caption {\n\t\t\t\tmargin-left: 0;\n\t\t\t}\n\t\t\t\/* see gallery_shortcode() in wp-includes\/media.php *\/\n\t\t<\/style>\n\t\t<div id='gallery-1' class='gallery galleryid-2665 gallery-columns-3 gallery-size-thumbnail'><dl class='gallery-item'>\n\t\t\t<dt class='gallery-icon landscape'>\n\t\t\t\t<a class=\"boxersandswipers\" title=\"Kleinod in Grand Tarajal\" href='https:\/\/atanga.de\/wp-content\/uploads\/2015\/01\/Kleinod-in-Grand-Tarajal.jpg'><img decoding=\"async\" width=\"150\" height=\"150\" src=\"https:\/\/atanga.de\/wp-content\/uploads\/2015\/01\/Kleinod-in-Grand-Tarajal-150x150.jpg\" class=\"attachment-thumbnail size-thumbnail\" alt=\"\" \/><\/a>\n\t\t\t<\/dt><\/dl><dl class='gallery-item'>\n\t\t\t<dt class='gallery-icon landscape'>\n\t\t\t\t<a class=\"boxersandswipers\" title=\"Strand von Gran Tarajal\" href='https:\/\/atanga.de\/wp-content\/uploads\/2015\/01\/Strand-von-Grand-Tarajal.jpg'><img decoding=\"async\" width=\"150\" height=\"150\" src=\"https:\/\/atanga.de\/wp-content\/uploads\/2015\/01\/Strand-von-Grand-Tarajal-150x150.jpg\" class=\"attachment-thumbnail size-thumbnail\" alt=\"\" \/><\/a>\n\t\t\t<\/dt><\/dl>\n\t\t\t<br style='clear: both' \/>\n\t\t<\/div>\n\n<p>von Sabine geschrieben&#8230;.<\/p>\n<div class=\"pld-like-dislike-wrap pld-template-1\">\r\n    <div class=\"pld-like-wrap  pld-common-wrap\">\r\n    <a href=\"javascript:void(0)\" class=\"pld-like-trigger pld-like-dislike-trigger  \" title=\"gef\u00e4llt mir\" data-post-id=\"2665\" data-trigger-type=\"like\" data-restriction=\"cookie\" data-already-liked=\"0\">\r\n                        <i class=\"fas fa-thumbs-up\"><\/i>\r\n                <\/a>\r\n    <span class=\"pld-like-count-wrap pld-count-wrap\">    <\/span>\r\n<\/div><div class=\"pld-dislike-wrap  pld-common-wrap\">\r\n    <a href=\"javascript:void(0)\" class=\"pld-dislike-trigger pld-like-dislike-trigger  \" title=\"doof\" data-post-id=\"2665\" data-trigger-type=\"dislike\" data-restriction=\"cookie\" data-already-liked=\"0\">\r\n                        <i class=\"fas fa-thumbs-down\"><\/i>\r\n                <\/a>\r\n    <span class=\"pld-dislike-count-wrap pld-count-wrap\"><\/span>\r\n<\/div><\/div>","protected":false},"excerpt":{"rendered":"<p>Fr. 09. Jan. 15.,Fuerteventura, Tag 223, 2.341sm von HH Bei Grand Tarajal handelt es sich um einen kleinen Ort mit ca. 5.000 Einwohnern Im unteren Drittel an der Ostseite von Fuerteventura. Dieser Ort kommt etwas trist und total unaufgeregt r\u00fcber. Mit dem grauen Strand und der schmucklosen Promenade stellt sich Grand Tarajal nicht gerade als [&hellip;]<\/p>\n","protected":false},"author":4,"featured_media":0,"comment_status":"open","ping_status":"closed","sticky":false,"template":"","format":"standard","meta":{"footnotes":""},"categories":[36,42,26],"tags":[],"class_list":["post-2665","post","type-post","status-publish","format-standard","hentry","category-landausfluege","category-fuerteventura","category-spanien"],"_links":{"self":[{"href":"https:\/\/atanga.de\/index.php?rest_route=\/wp\/v2\/posts\/2665","targetHints":{"allow":["GET"]}}],"collection":[{"href":"https:\/\/atanga.de\/index.php?rest_route=\/wp\/v2\/posts"}],"about":[{"href":"https:\/\/atanga.de\/index.php?rest_route=\/wp\/v2\/types\/post"}],"author":[{"embeddable":true,"href":"https:\/\/atanga.de\/index.php?rest_route=\/wp\/v2\/users\/4"}],"replies":[{"embeddable":true,"href":"https:\/\/atanga.de\/index.php?rest_route=%2Fwp%2Fv2%2Fcomments&post=2665"}],"version-history":[{"count":3,"href":"https:\/\/atanga.de\/index.php?rest_route=\/wp\/v2\/posts\/2665\/revisions"}],"predecessor-version":[{"id":2670,"href":"https:\/\/atanga.de\/index.php?rest_route=\/wp\/v2\/posts\/2665\/revisions\/2670"}],"wp:attachment":[{"href":"https:\/\/atanga.de\/index.php?rest_route=%2Fwp%2Fv2%2Fmedia&parent=2665"}],"wp:term":[{"taxonomy":"category","embeddable":true,"href":"https:\/\/atanga.de\/index.php?rest_route=%2Fwp%2Fv2%2Fcategories&post=2665"},{"taxonomy":"post_tag","embeddable":true,"href":"https:\/\/atanga.de\/index.php?rest_route=%2Fwp%2Fv2%2Ftags&post=2665"}],"curies":[{"name":"wp","href":"https:\/\/api.w.org\/{rel}","templated":true}]}}