{"id":2682,"date":"2015-01-13T09:42:59","date_gmt":"2015-01-13T09:42:59","guid":{"rendered":"http:\/\/atanga.de\/?p=2682"},"modified":"2015-03-03T20:54:29","modified_gmt":"2015-03-03T20:54:29","slug":"bloggen-ohne-wifi-an-bord","status":"publish","type":"post","link":"https:\/\/atanga.de\/?p=2682","title":{"rendered":"Bloggen ohne WiFi an Bord"},"content":{"rendered":"<p>Mo., 12.Jan.15, Fuerteventura, Tag 226, 2.341 sm von HH  Um diesen Blog mit neuen Geschichten zu f\u00fcttern, haben wir verschiedene M\u00f6glichkeiten. Am Ankerplatz und auf hoher See ohne Internetzugang, k\u00f6nnen wir kurze Berichte per Funk mit Hilfe eines Pactor-Modems senden (meistens macht Achim das, weil auf sein Rufzeichen hin alles eingerichtet ist) Daf\u00fcr wird ganz normal die Story auf dem Laptop geschrieben und dann per Bluetooth ans Modem \u00fcbertragen. Achim arbeitet gerade daran, die \u00dcbertragungs-Rate zu optimieren, damit auch Bilder, die Daumennagel-Gr\u00f6\u00dfe \u00fcbersteigen in angemessener Geschwindigkeit gesendet werden k\u00f6nnen.  Internet an Bord bekommen wir durch eine W-Lan-Antenne, die auch schwache Signale des Marina-Netzes (oder die eines Caf\u00e9s im Umkreis) verst\u00e4rkt. An Bord hat Achim einen Router installiert, so dass wir unser eigenes Atanga-W-Lan haben. Es sind somit alle Internet-f\u00e4higen Ger\u00e4te an Bord immer eingeloggt.  Meistens tippe ich den Text im Laufe des Tages oder abends in mein i-Pad. Jetzt k\u00f6nnte ich den Bericht direkt per e-Mail auf unsere Seite posten (so wie diesen Bericht hier).  Meistens mache ich das aber nicht, denn es sollen ja auch Bilder mit dabei sein. Und jetzt kommen wir zum gro\u00dfen Manko des i-Pads. <img src=\"https:\/\/atanga.de\/wp-content\/plugins\/classic-smilies\/img\/icon_sad.gif\" alt=\":-(\" class=\"wp-smiley\" style=\"height: 1em; max-height: 1em;\" \/>  Mangels USB- oder gar SD-Karten-Anschlusses an dem Pad, k\u00f6nnen keine Bilder von unserer Kamera auf das Apple-Ger\u00e4t geladen werden. Es gibt f\u00fcr Apple entsprechende Adapter, aber ich hab gesagt (in Vigo beim Media war&#8217;s): &#8222;Brauch ich nicht, geht auch so.&#8220; <img src=\"https:\/\/atanga.de\/wp-content\/plugins\/classic-smilies\/img\/icon_redface.gif\" alt=\":oops:\" class=\"wp-smiley\" style=\"height: 1em; max-height: 1em;\" \/>  Und au\u00dferdem kommt Apple nicht so gut mit dem wordpress-Format (das Programm mit welchem atanga.de l\u00e4uft) klar, so dass ich viel schwieriger als mit einem Microsoft-Ger\u00e4t, den Text formatieren und Galerien einf\u00fcgen kann.  Wir laden also alle Bilder von unserer Kamera auf einen Laptop, einem Relikt aus Zeiten als es noch keine Tablets gab. Der hat einen gro\u00dfen Monitor und leistet somit gute Dienste als Fernseher und zum Fotos ausw\u00e4hlen und anschauen.  Somit w\u00e4hlen wir die Bilder am Laptop aus und verkleinern sie internet-f\u00e4hig (800 x 600). Mein Text vom i-Pad kommt per e-Mail, die ich an mich selber sende, auf den Laptop und von dort aus kann ich Fotos und Bericht zu einer Einheit zusammenf\u00fcgen und auf atanga.de hochladen.  Das klingt umst\u00e4ndlich, ist aber okay und gro\u00dfe Zufriedenheit herrschte an Bord.  Nun, hier in Gran Tarajal, m\u00fcssen wir zur Casa de la Cultura, denn nur dort gibt es WiFi (ist nicht weit&#8230;ca. 1 km) Wenn es vorher einfach war, Euch liebe Leser, mit einem neuen Beitrag zu begl\u00fccken, wird es jetzt fies.  Die Bilder werden wie immer von der Kamera auf den Laptop kopiert, verkleinert und dann auf einen USB Stick zur\u00fcck kopiert. Beladen mit meinem Pad (auf dem der Text wartet), Achims Mircrosoft Pad und dem Stick geht es zur Casa. Hier maile ich nun Achim meinen Text, er l\u00e4dt auf sein Pad die Bilder vom USB Stick, loggt sich ins Internet und muss beides zum neuen Blogeintrag zusammen f\u00fcgen. Daher tragen jetzt auch neuerdings meine Berichte seine Signatur.   Man, ein Gl\u00fcck, dass wir sonst nichts zu tun haben&#8230; <img src=\"https:\/\/atanga.de\/wp-content\/plugins\/classic-smilies\/img\/icon_wink.gif\" alt=\";-)\" class=\"wp-smiley\" style=\"height: 1em; max-height: 1em;\" \/> Es muss unbedingt so ein Adapter her. Hier beim \u00f6rtlichen Chinaladen gibt es welche f\u00fcr 5,50 EUR, aber dem trauen wir nicht &#8211; der kann nichts taugen. Kaufste billig, kriegste billig&#8230;. Also warten bis Gran Canaria. <img src=\"https:\/\/atanga.de\/wp-content\/plugins\/classic-smilies\/img\/icon_smile.gif\" alt=\":-)\" class=\"wp-smiley\" style=\"height: 1em; max-height: 1em;\" \/> ,aber da gibt es wahrscheinlich wieder WiFi an Bord. <\/p>\n<div class=\"pld-like-dislike-wrap pld-template-1\">\r\n    <div class=\"pld-like-wrap  pld-common-wrap\">\r\n    <a href=\"javascript:void(0)\" class=\"pld-like-trigger pld-like-dislike-trigger  \" title=\"gef\u00e4llt mir\" data-post-id=\"2682\" data-trigger-type=\"like\" data-restriction=\"cookie\" data-already-liked=\"0\">\r\n                        <i class=\"fas fa-thumbs-up\"><\/i>\r\n                <\/a>\r\n    <span class=\"pld-like-count-wrap pld-count-wrap\">    <\/span>\r\n<\/div><div class=\"pld-dislike-wrap  pld-common-wrap\">\r\n    <a href=\"javascript:void(0)\" class=\"pld-dislike-trigger pld-like-dislike-trigger  \" title=\"doof\" data-post-id=\"2682\" data-trigger-type=\"dislike\" data-restriction=\"cookie\" data-already-liked=\"0\">\r\n                        <i class=\"fas fa-thumbs-down\"><\/i>\r\n                <\/a>\r\n    <span class=\"pld-dislike-count-wrap pld-count-wrap\"><\/span>\r\n<\/div><\/div>","protected":false},"excerpt":{"rendered":"<p>Mo., 12.Jan.15, Fuerteventura, Tag 226, 2.341 sm von HH Um diesen Blog mit neuen Geschichten zu f\u00fcttern, haben wir verschiedene M\u00f6glichkeiten. Am Ankerplatz und auf hoher See ohne Internetzugang, k\u00f6nnen wir kurze Berichte per Funk mit Hilfe eines Pactor-Modems senden (meistens macht Achim das, weil auf sein Rufzeichen hin alles eingerichtet ist) Daf\u00fcr wird ganz [&hellip;]<\/p>\n","protected":false},"author":4,"featured_media":0,"comment_status":"open","ping_status":"closed","sticky":false,"template":"","format":"standard","meta":{"footnotes":""},"categories":[42,26,45,5],"tags":[],"class_list":["post-2682","post","type-post","status-publish","format-standard","hentry","category-fuerteventura","category-spanien","category-allgemein","category-via-email"],"_links":{"self":[{"href":"https:\/\/atanga.de\/index.php?rest_route=\/wp\/v2\/posts\/2682","targetHints":{"allow":["GET"]}}],"collection":[{"href":"https:\/\/atanga.de\/index.php?rest_route=\/wp\/v2\/posts"}],"about":[{"href":"https:\/\/atanga.de\/index.php?rest_route=\/wp\/v2\/types\/post"}],"author":[{"embeddable":true,"href":"https:\/\/atanga.de\/index.php?rest_route=\/wp\/v2\/users\/4"}],"replies":[{"embeddable":true,"href":"https:\/\/atanga.de\/index.php?rest_route=%2Fwp%2Fv2%2Fcomments&post=2682"}],"version-history":[{"count":1,"href":"https:\/\/atanga.de\/index.php?rest_route=\/wp\/v2\/posts\/2682\/revisions"}],"predecessor-version":[{"id":3084,"href":"https:\/\/atanga.de\/index.php?rest_route=\/wp\/v2\/posts\/2682\/revisions\/3084"}],"wp:attachment":[{"href":"https:\/\/atanga.de\/index.php?rest_route=%2Fwp%2Fv2%2Fmedia&parent=2682"}],"wp:term":[{"taxonomy":"category","embeddable":true,"href":"https:\/\/atanga.de\/index.php?rest_route=%2Fwp%2Fv2%2Fcategories&post=2682"},{"taxonomy":"post_tag","embeddable":true,"href":"https:\/\/atanga.de\/index.php?rest_route=%2Fwp%2Fv2%2Ftags&post=2682"}],"curies":[{"name":"wp","href":"https:\/\/api.w.org\/{rel}","templated":true}]}}