{"id":2683,"date":"2015-01-15T17:18:47","date_gmt":"2015-01-15T17:18:47","guid":{"rendered":"http:\/\/atanga.de\/?p=2683"},"modified":"2015-03-13T22:09:36","modified_gmt":"2015-03-13T22:09:36","slug":"fuerteventura-nordtour","status":"publish","type":"post","link":"https:\/\/atanga.de\/?p=2683","title":{"rendered":"Fuerteventura Nordtour"},"content":{"rendered":"<div><em>Di., 13.Jan.15, Fuerteventura, Tag 227, 2.341 sm von HH<\/em><\/div>\n<div><\/div>\n<div>Fuerteventura ist knapp 100 km lang, bis zu 35 km breit und damit die zweitgr\u00f6\u00dfte der Kanarischen Inseln. Gleichzeitig ist sie mit 100.000 Einwohnern die am d\u00fcnnsten Besiedelte und hat die geringsten Niederschl\u00e4ge.<\/div>\n<div><\/div>\n<div>Einst war Fuerteventura dicht bewaldet:<\/div>\n<div>&#8222;In Jandia gibt es L\u00e4ndereien voll seltener Frische, voll gr\u00fcner, laubreicher W\u00e4lder, von verschiedenen B\u00e4chen durchrieselt.&#8220; (Pedro Augustin del Castillo 1737)<\/div>\n<div>Heute zeigt sich Fuerteventura als die W\u00fcsteninsel, r\u00fccksichtslose Abholzung und achtlose \u00dcberweidung haben die nat\u00fcrliche Pflanzendecke weitestgehend zerst\u00f6rt.<\/div>\n<div>Es gibt hier kein trinkbares Grundwasser mehr, denn f\u00fcr die ben\u00f6tigten Wassermengen f\u00fcr denTomatenanbau \u00a0wurde zu tief und zu gierig gebohrt und die Brunnen versalzten durch eindringendes Meerwasser.\u00a0Ziegenherden und das nordafrikanische Erdh\u00f6rnchen verbei\u00dfen das letzte Gr\u00fcn, so dass die Erosion weiter fortschreitet.<\/div>\n<div><\/div>\n<div><a tabindex=\"-1\" href=\"x-apple-data-detectors:\/\/1\/\" target=\"_parent\"><span style=\"color: #0066cc;\">Um 9:30 Uhr<\/span><\/a>\u00a0erreichen wir per Bus den Nachbarort und nehmen unseren Leihwagen in Empfang. Hatten wir beim letzten Mal noch einen verjuckten Fiesta, so ist es diesmal ein nur 3.000 km gelaufener Opel Corsa in knallgelb. Zus\u00e4tzlich zur obligatorischen Inselkarte wird uns noch eine CD \u00fcberreicht, die Auskunft zu den wichtigsten Sehensw\u00fcrdigkeiten gibt. Eine im Prinzip h\u00fcbsche Idee, aber leider ist der Informationsgehalt etwas flach. <img src=\"https:\/\/atanga.de\/wp-content\/plugins\/classic-smilies\/img\/icon_sad.gif\" alt=\":-(\" class=\"wp-smiley\" style=\"height: 1em; max-height: 1em;\" \/><\/div>\n<div><\/div>\n<div>Unser erster Weg f\u00fchrt uns etwas weiter n\u00f6rdlicher nach Pozo Negro, einem skurrilem Kaff an der Ostk\u00fcste. Eine handvoll H\u00e4user, alles etwas schmuddelig, null Tourismus, aber mitten drin drei \u00fcberdimensionale Tretboote in schwanen-form vor einer Art Restaurant, was aber geschlossen hat.<\/div>\n<div>Wo kommen blo\u00df diese Schw\u00e4ne her?&#8230;. manchmal w\u00fcsste man gerne die Geschichte zu dem was man sieht.<\/div>\n<div><\/div>\n<div>\n\n\t\t<style type=\"text\/css\">\n\t\t\t#gallery-1 {\n\t\t\t\tmargin: auto;\n\t\t\t}\n\t\t\t#gallery-1 .gallery-item {\n\t\t\t\tfloat: left;\n\t\t\t\tmargin-top: 10px;\n\t\t\t\ttext-align: center;\n\t\t\t\twidth: 33%;\n\t\t\t}\n\t\t\t#gallery-1 img {\n\t\t\t\tborder: 2px solid #cfcfcf;\n\t\t\t}\n\t\t\t#gallery-1 .gallery-caption {\n\t\t\t\tmargin-left: 0;\n\t\t\t}\n\t\t\t\/* see gallery_shortcode() in wp-includes\/media.php *\/\n\t\t<\/style>\n\t\t<div id='gallery-1' class='gallery galleryid-2683 gallery-columns-3 gallery-size-thumbnail'><dl class='gallery-item'>\n\t\t\t<dt class='gallery-icon landscape'>\n\t\t\t\t<a class=\"boxersandswipers\" title=\"Pozo Negro\" href='https:\/\/atanga.de\/wp-content\/uploads\/2015\/01\/Pozo-Negro.jpg'><img decoding=\"async\" width=\"150\" height=\"150\" src=\"https:\/\/atanga.de\/wp-content\/uploads\/2015\/01\/Pozo-Negro-150x150.jpg\" class=\"attachment-thumbnail size-thumbnail\" alt=\"\" aria-describedby=\"gallery-1-2694\" \/><\/a>\n\t\t\t<\/dt>\n\t\t\t\t<dd class='wp-caption-text gallery-caption' id='gallery-1-2694'>\n\t\t\t\tPoza Negra\n\t\t\t\t<\/dd><\/dl><dl class='gallery-item'>\n\t\t\t<dt class='gallery-icon landscape'>\n\t\t\t\t<a class=\"boxersandswipers\" title=\"Schw\u00e4ne in Pozo Negro\" href='https:\/\/atanga.de\/wp-content\/uploads\/2015\/01\/Schw\u00e4ne-in-Pozo-Negro.jpg'><img decoding=\"async\" width=\"150\" height=\"150\" src=\"https:\/\/atanga.de\/wp-content\/uploads\/2015\/01\/Schw\u00e4ne-in-Pozo-Negro-150x150.jpg\" class=\"attachment-thumbnail size-thumbnail\" alt=\"\" aria-describedby=\"gallery-1-2696\" \/><\/a>\n\t\t\t<\/dt>\n\t\t\t\t<dd class='wp-caption-text gallery-caption' id='gallery-1-2696'>\n\t\t\t\tSchw\u00e4ne in Poza Negra\n\t\t\t\t<\/dd><\/dl>\n\t\t\t<br style='clear: both' \/>\n\t\t<\/div>\n\n<\/div>\n<div><\/div>\n<div><\/div>\n<div>Unser Weg zur Westseite f\u00fchrt uns durch eine Ebene, im Norden begrenzt durch eine Kette, kaum mehr als 600 Meter hohe, Vulkane.<\/div>\n<div>Fuerteventura ist ebenso wie Lanzarote vulkanischen Ursprungs, allerdings sind hier die letzten Ausbr\u00fcche rund 5.000 Jahre her und die Erosion hat im Verlauf dieser Zeit der Landschaft ihre Wildheit genommen.\u00a0Die Vulkankrater sind rund geschliffen oder eingefallen, dass h\u00e4ufig die typische Vulkanform nicht mehr erkenntlich ist.<\/div>\n<div>Zu unserem gro\u00dfen Erstaunen schimmern die H\u00e4nge vielfach zart oder saftig gr\u00fcn. Zum Teil sind die H\u00fcgel kilometerweit mit einem wei\u00dfen, gelben und blauen Bl\u00fctenmeer \u00fcberzogen. Da hat der Regen der letzten 14 Tage (besonders die Woche bevor wir angekommen sind, soll es sehr geregnet haben) wohl seine H\u00e4nde im Spiel. <img src=\"https:\/\/atanga.de\/wp-content\/plugins\/classic-smilies\/img\/icon_smile.gif\" alt=\":-)\" class=\"wp-smiley\" style=\"height: 1em; max-height: 1em;\" \/><\/div>\n<div>Die Terrassen-Felder liegen aber zu 90% brach und sind nur mit Unkraut \u00fcberzogen.<\/div>\n<div><\/div>\n<div>\n\n\t\t<style type=\"text\/css\">\n\t\t\t#gallery-2 {\n\t\t\t\tmargin: auto;\n\t\t\t}\n\t\t\t#gallery-2 .gallery-item {\n\t\t\t\tfloat: left;\n\t\t\t\tmargin-top: 10px;\n\t\t\t\ttext-align: center;\n\t\t\t\twidth: 33%;\n\t\t\t}\n\t\t\t#gallery-2 img {\n\t\t\t\tborder: 2px solid #cfcfcf;\n\t\t\t}\n\t\t\t#gallery-2 .gallery-caption {\n\t\t\t\tmargin-left: 0;\n\t\t\t}\n\t\t\t\/* see gallery_shortcode() in wp-includes\/media.php *\/\n\t\t<\/style>\n\t\t<div id='gallery-2' class='gallery galleryid-2683 gallery-columns-3 gallery-size-thumbnail'><dl class='gallery-item'>\n\t\t\t<dt class='gallery-icon landscape'>\n\t\t\t\t<a class=\"boxersandswipers\" title=\"Terrassen-Landwirtschaft\" href='https:\/\/atanga.de\/wp-content\/uploads\/2015\/01\/Terrassen-Landwirtschaft.jpg'><img decoding=\"async\" width=\"150\" height=\"150\" src=\"https:\/\/atanga.de\/wp-content\/uploads\/2015\/01\/Terrassen-Landwirtschaft-150x150.jpg\" class=\"attachment-thumbnail size-thumbnail\" alt=\"\" aria-describedby=\"gallery-2-2702\" \/><\/a>\n\t\t\t<\/dt>\n\t\t\t\t<dd class='wp-caption-text gallery-caption' id='gallery-2-2702'>\n\t\t\t\tTerrassen-Landschaftsbau\n\t\t\t\t<\/dd><\/dl><dl class='gallery-item'>\n\t\t\t<dt class='gallery-icon landscape'>\n\t\t\t\t<a class=\"boxersandswipers\" title=\"Wiesenschaumkraut\" href='https:\/\/atanga.de\/wp-content\/uploads\/2015\/01\/Wiesenschaumkraut.jpg'><img decoding=\"async\" width=\"150\" height=\"150\" src=\"https:\/\/atanga.de\/wp-content\/uploads\/2015\/01\/Wiesenschaumkraut-150x150.jpg\" class=\"attachment-thumbnail size-thumbnail\" alt=\"\" aria-describedby=\"gallery-2-2697\" \/><\/a>\n\t\t\t<\/dt>\n\t\t\t\t<dd class='wp-caption-text gallery-caption' id='gallery-2-2697'>\n\t\t\t\tMeer in gelb&#8230;\n\t\t\t\t<\/dd><\/dl><dl class='gallery-item'>\n\t\t\t<dt class='gallery-icon landscape'>\n\t\t\t\t<a class=\"boxersandswipers\" title=\"Margaritten\" href='https:\/\/atanga.de\/wp-content\/uploads\/2015\/01\/Margaritten.jpg'><img decoding=\"async\" width=\"150\" height=\"150\" src=\"https:\/\/atanga.de\/wp-content\/uploads\/2015\/01\/Margaritten-150x150.jpg\" class=\"attachment-thumbnail size-thumbnail\" alt=\"\" aria-describedby=\"gallery-2-2693\" \/><\/a>\n\t\t\t<\/dt>\n\t\t\t\t<dd class='wp-caption-text gallery-caption' id='gallery-2-2693'>\n\t\t\t\t&#8230;und wei\u00df\n\t\t\t\t<\/dd><\/dl><br style=\"clear: both\" \/>\n\t\t<\/div>\n\n<\/div>\n<div><\/div>\n<div>Auf der Westseite sto\u00dfen wir dann aber doch auf eine steinige, ockerfarbene (!) W\u00fcstenebene.<\/div>\n<div>Eine schmale Asphaltstra\u00dfe f\u00fchrt durch Ein\u00f6de endlos bis zur K\u00fcste. Hierher verirrt sich sicher nur selten Jemand, um den Aussteigern, die zwei verfallene H\u00e4user bewohnen, zu besuchen.<\/div>\n<div><\/div>\n<div>\n\n\t\t<style type=\"text\/css\">\n\t\t\t#gallery-3 {\n\t\t\t\tmargin: auto;\n\t\t\t}\n\t\t\t#gallery-3 .gallery-item {\n\t\t\t\tfloat: left;\n\t\t\t\tmargin-top: 10px;\n\t\t\t\ttext-align: center;\n\t\t\t\twidth: 33%;\n\t\t\t}\n\t\t\t#gallery-3 img {\n\t\t\t\tborder: 2px solid #cfcfcf;\n\t\t\t}\n\t\t\t#gallery-3 .gallery-caption {\n\t\t\t\tmargin-left: 0;\n\t\t\t}\n\t\t\t\/* see gallery_shortcode() in wp-includes\/media.php *\/\n\t\t<\/style>\n\t\t<div id='gallery-3' class='gallery galleryid-2683 gallery-columns-3 gallery-size-thumbnail'><dl class='gallery-item'>\n\t\t\t<dt class='gallery-icon landscape'>\n\t\t\t\t<a class=\"boxersandswipers\" title=\"Wohnen in der W\u00fcste macht irre\" href='https:\/\/atanga.de\/wp-content\/uploads\/2015\/01\/Wohnen-in-der-W\u00fcste-macht-irre.jpg'><img decoding=\"async\" width=\"150\" height=\"150\" src=\"https:\/\/atanga.de\/wp-content\/uploads\/2015\/01\/Wohnen-in-der-W\u00fcste-macht-irre-150x150.jpg\" class=\"attachment-thumbnail size-thumbnail\" alt=\"\" aria-describedby=\"gallery-3-2700\" \/><\/a>\n\t\t\t<\/dt>\n\t\t\t\t<dd class='wp-caption-text gallery-caption' id='gallery-3-2700'>\n\t\t\t\tWohnen in der W\u00fcste macht irre\n\t\t\t\t<\/dd><\/dl><dl class='gallery-item'>\n\t\t\t<dt class='gallery-icon landscape'>\n\t\t\t\t<a class=\"boxersandswipers\" title=\"Der Irre\" href='https:\/\/atanga.de\/wp-content\/uploads\/2015\/01\/Der-Irre.jpg'><img decoding=\"async\" width=\"150\" height=\"150\" src=\"https:\/\/atanga.de\/wp-content\/uploads\/2015\/01\/Der-Irre-150x150.jpg\" class=\"attachment-thumbnail size-thumbnail\" alt=\"\" aria-describedby=\"gallery-3-2701\" \/><\/a>\n\t\t\t<\/dt>\n\t\t\t\t<dd class='wp-caption-text gallery-caption' id='gallery-3-2701'>\n\t\t\t\tDer Irre\n\t\t\t\t<\/dd><\/dl><dl class='gallery-item'>\n\t\t\t<dt class='gallery-icon landscape'>\n\t\t\t\t<a class=\"boxersandswipers\" title=\"Die Nachbarn vom Irren\" href='https:\/\/atanga.de\/wp-content\/uploads\/2015\/01\/Die-Nachbarn-vom-Irren.jpg'><img decoding=\"async\" width=\"150\" height=\"150\" src=\"https:\/\/atanga.de\/wp-content\/uploads\/2015\/01\/Die-Nachbarn-vom-Irren-150x150.jpg\" class=\"attachment-thumbnail size-thumbnail\" alt=\"\" aria-describedby=\"gallery-3-2689\" \/><\/a>\n\t\t\t<\/dt>\n\t\t\t\t<dd class='wp-caption-text gallery-caption' id='gallery-3-2689'>\n\t\t\t\tNachbar vom Irren\n\t\t\t\t<\/dd><\/dl><br style=\"clear: both\" \/><dl class='gallery-item'>\n\t\t\t<dt class='gallery-icon landscape'>\n\t\t\t\t<a class=\"boxersandswipers\" title=\"W\u00fcsteninsel\" href='https:\/\/atanga.de\/wp-content\/uploads\/2015\/01\/W\u00fcsteninsel.jpg'><img decoding=\"async\" width=\"150\" height=\"150\" src=\"https:\/\/atanga.de\/wp-content\/uploads\/2015\/01\/W\u00fcsteninsel-150x150.jpg\" class=\"attachment-thumbnail size-thumbnail\" alt=\"\" \/><\/a>\n\t\t\t<\/dt><\/dl><dl class='gallery-item'>\n\t\t\t<dt class='gallery-icon landscape'>\n\t\t\t\t<a class=\"boxersandswipers\" title=\"W\u00fcsteninsel 2\" href='https:\/\/atanga.de\/wp-content\/uploads\/2015\/01\/W\u00fcsteninsel-2.jpg'><img decoding=\"async\" width=\"150\" height=\"150\" src=\"https:\/\/atanga.de\/wp-content\/uploads\/2015\/01\/W\u00fcsteninsel-2-150x150.jpg\" class=\"attachment-thumbnail size-thumbnail\" alt=\"\" aria-describedby=\"gallery-3-2698\" \/><\/a>\n\t\t\t<\/dt>\n\t\t\t\t<dd class='wp-caption-text gallery-caption' id='gallery-3-2698'>\n\t\t\t\tW\u00fcsteninsel\n\t\t\t\t<\/dd><\/dl>\n\t\t\t<br style='clear: both' \/>\n\t\t<\/div>\n\n<\/div>\n<div><\/div>\n<div>Der totale Kontrast zu dieser Einsamkeit ist im Norden das Mega-Ferienzentrum Correalejo. Dicht an dicht reiht sich hier ein Hotelkomplex an das andere. Wir fahren durch den Ort, da wir m\u00fcssen, denn die einzige K\u00fcstenstra\u00dfe l\u00e4sst keinen anderen Weg zu.<\/div>\n<div>Hier boxt der B\u00e4r!<\/div>\n<div><\/div>\n<div>Ein paar Kilometer weiter gibt es noch zwei Gro\u00dfhotels, die einem\u00a0riesigen Wanderd\u00fcnengebiet von 24 qkm gegen\u00fcberliegen.<\/div>\n<div>Der Sand besteht aus zerriebenen Resten maritimer Schalentiere und wird tats\u00e4chlich von knapp 20 Pflanzenarten besiedelt, die sich gut tarnen k\u00f6nnen oder auf noch mehr Regen warten, bevor sie in Erscheinung treten.<\/div>\n<div>Goldene Berge wandernden Sands &#8211; immerhin mit einer Geschwindigkeit von 4 m im Jahr.<\/div>\n<div><\/div>\n<div>\n\n\t\t<style type=\"text\/css\">\n\t\t\t#gallery-4 {\n\t\t\t\tmargin: auto;\n\t\t\t}\n\t\t\t#gallery-4 .gallery-item {\n\t\t\t\tfloat: left;\n\t\t\t\tmargin-top: 10px;\n\t\t\t\ttext-align: center;\n\t\t\t\twidth: 33%;\n\t\t\t}\n\t\t\t#gallery-4 img {\n\t\t\t\tborder: 2px solid #cfcfcf;\n\t\t\t}\n\t\t\t#gallery-4 .gallery-caption {\n\t\t\t\tmargin-left: 0;\n\t\t\t}\n\t\t\t\/* see gallery_shortcode() in wp-includes\/media.php *\/\n\t\t<\/style>\n\t\t<div id='gallery-4' class='gallery galleryid-2683 gallery-columns-3 gallery-size-thumbnail'><dl class='gallery-item'>\n\t\t\t<dt class='gallery-icon landscape'>\n\t\t\t\t<a class=\"boxersandswipers\" title=\"Corralejo &#8211; D\u00fcnenlandschaft\" href='https:\/\/atanga.de\/wp-content\/uploads\/2015\/01\/Corralejo-D\u00fcnenlandschaft.jpg'><img decoding=\"async\" width=\"150\" height=\"150\" src=\"https:\/\/atanga.de\/wp-content\/uploads\/2015\/01\/Corralejo-D\u00fcnenlandschaft-150x150.jpg\" class=\"attachment-thumbnail size-thumbnail\" alt=\"\" aria-describedby=\"gallery-4-2688\" \/><\/a>\n\t\t\t<\/dt>\n\t\t\t\t<dd class='wp-caption-text gallery-caption' id='gallery-4-2688'>\n\t\t\t\tCorralejo D\u00fcnenlandschaft\n\t\t\t\t<\/dd><\/dl><dl class='gallery-item'>\n\t\t\t<dt class='gallery-icon landscape'>\n\t\t\t\t<a class=\"boxersandswipers\" title=\"Corralejo &#8211; D\u00fcnenlandschaft 2\" href='https:\/\/atanga.de\/wp-content\/uploads\/2015\/01\/Corralejo-D\u00fcnenlandschaft-2.jpg'><img decoding=\"async\" width=\"150\" height=\"150\" src=\"https:\/\/atanga.de\/wp-content\/uploads\/2015\/01\/Corralejo-D\u00fcnenlandschaft-2-150x150.jpg\" class=\"attachment-thumbnail size-thumbnail\" alt=\"\" aria-describedby=\"gallery-4-2687\" \/><\/a>\n\t\t\t<\/dt>\n\t\t\t\t<dd class='wp-caption-text gallery-caption' id='gallery-4-2687'>\n\t\t\t\tD\u00fcnenlandschaft\n\t\t\t\t<\/dd><\/dl>\n\t\t\t<br style='clear: both' \/>\n\t\t<\/div>\n\n<\/div>\n<div><\/div>\n<div>Von der Friedhofs-Front gibt es auch Neues zu berichten. Auf Fuerteventura existieren die gleichen Grabnieschen wie auf Lanzarote und die silbernen Vasen dominieren.<\/div>\n<div>Aber hier hat man sich zus\u00e4tzlich modernste Lasertechnik zu nutze gemacht, um Heiligenbilder in kitschigster Oblatenoptik auf die Grabplatten zu \u00e4tzen. Von weitem wirken die ca. 30 cm hohen Bilder wie aufgeklebte Papier-Oblaten.<\/div>\n<div><\/div>\n<div>\n\n\t\t<style type=\"text\/css\">\n\t\t\t#gallery-5 {\n\t\t\t\tmargin: auto;\n\t\t\t}\n\t\t\t#gallery-5 .gallery-item {\n\t\t\t\tfloat: left;\n\t\t\t\tmargin-top: 10px;\n\t\t\t\ttext-align: center;\n\t\t\t\twidth: 33%;\n\t\t\t}\n\t\t\t#gallery-5 img {\n\t\t\t\tborder: 2px solid #cfcfcf;\n\t\t\t}\n\t\t\t#gallery-5 .gallery-caption {\n\t\t\t\tmargin-left: 0;\n\t\t\t}\n\t\t\t\/* see gallery_shortcode() in wp-includes\/media.php *\/\n\t\t<\/style>\n\t\t<div id='gallery-5' class='gallery galleryid-2683 gallery-columns-3 gallery-size-thumbnail'><dl class='gallery-item'>\n\t\t\t<dt class='gallery-icon portrait'>\n\t\t\t\t<a class=\"boxersandswipers\" title=\"Grabplatten-Oblate 3\" href='https:\/\/atanga.de\/wp-content\/uploads\/2015\/01\/Grabplatten-Oblate-3.jpg'><img decoding=\"async\" width=\"150\" height=\"150\" src=\"https:\/\/atanga.de\/wp-content\/uploads\/2015\/01\/Grabplatten-Oblate-3-150x150.jpg\" class=\"attachment-thumbnail size-thumbnail\" alt=\"\" \/><\/a>\n\t\t\t<\/dt><\/dl><dl class='gallery-item'>\n\t\t\t<dt class='gallery-icon portrait'>\n\t\t\t\t<a class=\"boxersandswipers\" title=\"Grabplatten-Oblate 2\" href='https:\/\/atanga.de\/wp-content\/uploads\/2015\/01\/Grabplatten-Oblate-2.jpg'><img decoding=\"async\" width=\"150\" height=\"150\" src=\"https:\/\/atanga.de\/wp-content\/uploads\/2015\/01\/Grabplatten-Oblate-2-150x150.jpg\" class=\"attachment-thumbnail size-thumbnail\" alt=\"\" \/><\/a>\n\t\t\t<\/dt><\/dl><dl class='gallery-item'>\n\t\t\t<dt class='gallery-icon portrait'>\n\t\t\t\t<a class=\"boxersandswipers\" title=\"Grabplatten-Oblate\" href='https:\/\/atanga.de\/wp-content\/uploads\/2015\/01\/Grabplatten-Oblate-.jpg'><img decoding=\"async\" width=\"150\" height=\"150\" src=\"https:\/\/atanga.de\/wp-content\/uploads\/2015\/01\/Grabplatten-Oblate--150x150.jpg\" class=\"attachment-thumbnail size-thumbnail\" alt=\"\" \/><\/a>\n\t\t\t<\/dt><\/dl><br style=\"clear: both\" \/>\n\t\t<\/div>\n\n<\/div>\n<div><\/div>\n<div>Dienstag, der 13. gilt in Spanien als Ungl\u00fcckstag, aber mit Dunkelwerden erreichen wir gesund und munter wieder Gran Tarajal und haben 250 km Weg ohne besondere Vorkommnisse hinter uns.<\/div>\n<div><\/div>\n<div>\n\n\t\t<style type=\"text\/css\">\n\t\t\t#gallery-6 {\n\t\t\t\tmargin: auto;\n\t\t\t}\n\t\t\t#gallery-6 .gallery-item {\n\t\t\t\tfloat: left;\n\t\t\t\tmargin-top: 10px;\n\t\t\t\ttext-align: center;\n\t\t\t\twidth: 33%;\n\t\t\t}\n\t\t\t#gallery-6 img {\n\t\t\t\tborder: 2px solid #cfcfcf;\n\t\t\t}\n\t\t\t#gallery-6 .gallery-caption {\n\t\t\t\tmargin-left: 0;\n\t\t\t}\n\t\t\t\/* see gallery_shortcode() in wp-includes\/media.php *\/\n\t\t<\/style>\n\t\t<div id='gallery-6' class='gallery galleryid-2683 gallery-columns-3 gallery-size-thumbnail'><dl class='gallery-item'>\n\t\t\t<dt class='gallery-icon landscape'>\n\t\t\t\t<a class=\"boxersandswipers\" title=\"Schlimme \u00dcbersetzungsmaschine\" href='https:\/\/atanga.de\/wp-content\/uploads\/2015\/01\/Schlimme-\u00dcbersetzungsmaschine.jpg'><img decoding=\"async\" width=\"150\" height=\"150\" src=\"https:\/\/atanga.de\/wp-content\/uploads\/2015\/01\/Schlimme-\u00dcbersetzungsmaschine-150x150.jpg\" class=\"attachment-thumbnail size-thumbnail\" alt=\"\" aria-describedby=\"gallery-6-2695\" \/><\/a>\n\t\t\t<\/dt>\n\t\t\t\t<dd class='wp-caption-text gallery-caption' id='gallery-6-2695'>\n\t\t\t\tSchlimme \u00dcbersetzungsmaschine\n\t\t\t\t<\/dd><\/dl>\n\t\t\t<br style='clear: both' \/>\n\t\t<\/div>\n\n<\/div>\n<div><\/div>\n<div class=\"pld-like-dislike-wrap pld-template-1\">\r\n    <div class=\"pld-like-wrap  pld-common-wrap\">\r\n    <a href=\"javascript:void(0)\" class=\"pld-like-trigger pld-like-dislike-trigger  \" title=\"gef\u00e4llt mir\" data-post-id=\"2683\" data-trigger-type=\"like\" data-restriction=\"cookie\" data-already-liked=\"0\">\r\n                        <i class=\"fas fa-thumbs-up\"><\/i>\r\n                <\/a>\r\n    <span class=\"pld-like-count-wrap pld-count-wrap\">    <\/span>\r\n<\/div><div class=\"pld-dislike-wrap  pld-common-wrap\">\r\n    <a href=\"javascript:void(0)\" class=\"pld-dislike-trigger pld-like-dislike-trigger  \" title=\"doof\" data-post-id=\"2683\" data-trigger-type=\"dislike\" data-restriction=\"cookie\" data-already-liked=\"0\">\r\n                        <i class=\"fas fa-thumbs-down\"><\/i>\r\n                <\/a>\r\n    <span class=\"pld-dislike-count-wrap pld-count-wrap\"><\/span>\r\n<\/div><\/div>","protected":false},"excerpt":{"rendered":"<p>Di., 13.Jan.15, Fuerteventura, Tag 227, 2.341 sm von HH Fuerteventura ist knapp 100 km lang, bis zu 35 km breit und damit die zweitgr\u00f6\u00dfte der Kanarischen Inseln. Gleichzeitig ist sie mit 100.000 Einwohnern die am d\u00fcnnsten Besiedelte und hat die geringsten Niederschl\u00e4ge. Einst war Fuerteventura dicht bewaldet: &#8222;In Jandia gibt es L\u00e4ndereien voll seltener Frische, [&hellip;]<\/p>\n","protected":false},"author":4,"featured_media":0,"comment_status":"open","ping_status":"closed","sticky":false,"template":"","format":"standard","meta":{"footnotes":""},"categories":[36,42,26],"tags":[],"class_list":["post-2683","post","type-post","status-publish","format-standard","hentry","category-landausfluege","category-fuerteventura","category-spanien"],"_links":{"self":[{"href":"https:\/\/atanga.de\/index.php?rest_route=\/wp\/v2\/posts\/2683","targetHints":{"allow":["GET"]}}],"collection":[{"href":"https:\/\/atanga.de\/index.php?rest_route=\/wp\/v2\/posts"}],"about":[{"href":"https:\/\/atanga.de\/index.php?rest_route=\/wp\/v2\/types\/post"}],"author":[{"embeddable":true,"href":"https:\/\/atanga.de\/index.php?rest_route=\/wp\/v2\/users\/4"}],"replies":[{"embeddable":true,"href":"https:\/\/atanga.de\/index.php?rest_route=%2Fwp%2Fv2%2Fcomments&post=2683"}],"version-history":[{"count":4,"href":"https:\/\/atanga.de\/index.php?rest_route=\/wp\/v2\/posts\/2683\/revisions"}],"predecessor-version":[{"id":2706,"href":"https:\/\/atanga.de\/index.php?rest_route=\/wp\/v2\/posts\/2683\/revisions\/2706"}],"wp:attachment":[{"href":"https:\/\/atanga.de\/index.php?rest_route=%2Fwp%2Fv2%2Fmedia&parent=2683"}],"wp:term":[{"taxonomy":"category","embeddable":true,"href":"https:\/\/atanga.de\/index.php?rest_route=%2Fwp%2Fv2%2Fcategories&post=2683"},{"taxonomy":"post_tag","embeddable":true,"href":"https:\/\/atanga.de\/index.php?rest_route=%2Fwp%2Fv2%2Ftags&post=2683"}],"curies":[{"name":"wp","href":"https:\/\/api.w.org\/{rel}","templated":true}]}}