{"id":2707,"date":"2015-01-16T17:20:48","date_gmt":"2015-01-16T17:20:48","guid":{"rendered":"http:\/\/atanga.de\/?p=2707"},"modified":"2015-03-13T22:09:27","modified_gmt":"2015-03-13T22:09:27","slug":"fuerteventura-suedtour","status":"publish","type":"post","link":"https:\/\/atanga.de\/?p=2707","title":{"rendered":"Fuerteventura S\u00fcdtour"},"content":{"rendered":"<p><em>Mi., 14.Jan.15, Fuerteventura, Tag 228, 2.341 sm von HH<\/em><\/p>\n<div>Um es gleich vorweg zu nehemen, die S\u00fcdrunde um Fuerteventura gef\u00e4llt und besser als die Nordtour. Und das liegt nicht nur daran, dass an Tag zwei das Wetter erheblich besser ist. Gestern herrschte sehr diesige Luft vor, die jede Fernsicht zu Nichte gemacht hat. Das ist heute nicht perfekt, aber deutlich besser. Nur recht frisch ist es an beiden Tagen.<\/div>\n<div><\/div>\n<div>Aber der Reihe nach:<\/div>\n<div>Zuerst begeben wir uns auf die Schnellstra\u00dfe Richtung S\u00fcden auf die sichelf\u00f6rmige Halbinsel Jandia.<\/div>\n<div>An der Landenge zu Jandia tauchen beeindruckend weitl\u00e4ufige D\u00fcnenfelder auf, auch dieser Sand besteht nur aus zerriebenen Muschel- Bruchst\u00fccken und ist nicht etwa aus Afrika her\u00fcber geweht.<\/div>\n<div><\/div>\n<div>\n\n\t\t<style type=\"text\/css\">\n\t\t\t#gallery-1 {\n\t\t\t\tmargin: auto;\n\t\t\t}\n\t\t\t#gallery-1 .gallery-item {\n\t\t\t\tfloat: left;\n\t\t\t\tmargin-top: 10px;\n\t\t\t\ttext-align: center;\n\t\t\t\twidth: 33%;\n\t\t\t}\n\t\t\t#gallery-1 img {\n\t\t\t\tborder: 2px solid #cfcfcf;\n\t\t\t}\n\t\t\t#gallery-1 .gallery-caption {\n\t\t\t\tmargin-left: 0;\n\t\t\t}\n\t\t\t\/* see gallery_shortcode() in wp-includes\/media.php *\/\n\t\t<\/style>\n\t\t<div id='gallery-1' class='gallery galleryid-2707 gallery-columns-3 gallery-size-thumbnail'><dl class='gallery-item'>\n\t\t\t<dt class='gallery-icon landscape'>\n\t\t\t\t<a class=\"boxersandswipers\" title=\"D\u00fcnen von Jandia\" href='https:\/\/atanga.de\/wp-content\/uploads\/2015\/01\/D\u00fcnen-von-Jandia.jpg'><img decoding=\"async\" width=\"150\" height=\"150\" src=\"https:\/\/atanga.de\/wp-content\/uploads\/2015\/01\/D\u00fcnen-von-Jandia-150x150.jpg\" class=\"attachment-thumbnail size-thumbnail\" alt=\"\" aria-describedby=\"gallery-1-2717\" \/><\/a>\n\t\t\t<\/dt>\n\t\t\t\t<dd class='wp-caption-text gallery-caption' id='gallery-1-2717'>\n\t\t\t\tD\u00fcnen von Jandia\n\t\t\t\t<\/dd><\/dl>\n\t\t\t<br style='clear: both' \/>\n\t\t<\/div>\n\n<\/div>\n<div><\/div>\n<div>So weit das Auge reicht, ist die vorher felsige K\u00fcste pl\u00f6tzlich ges\u00e4umt von einem flachen, hellen Sandstrand.<\/div>\n<div>\n<div>Die 22 km Traumstrand werden parallel von einer vierspurigen Schnellstrasse begleitet, die sich in einem tip-top Zustand befindet.<\/div>\n<div>Was uns wundert ist, dass direkt neben dieser Stra\u00dfe eine zweite Trasse gebaut wird. Davor ein Schild der EU, das diese sich an dem Aufbau strukturschwacher Region beteiligt.<\/div>\n<div>Wir hatten bereits auf Lanzarote einen Stra\u00dfenabschnitt von fast 10 km gesehen, an dem zwei identische Stra\u00dfen parallel zueinander verliefen. Augenscheinlich scheint hier so ein Unsinn zur Methode zu werden.<\/div>\n<\/div>\n<div><\/div>\n<div>Den ersten Urlaubsort auf Jandia, Costa Calma, lassen wir links liegen, da die Stimme unserer Sightseeing-CD \u00fcber den Ort nur zu berichten wei\u00df, dass man dort bereits morgens Jogger am Strand beobachten kann.<\/div>\n<div><\/div>\n<div>In Morro Jable sehen wir uns die nette, kleine Marina an, die ggf. noch f\u00fcr einen Zwischenstop gut ist, bevor wir nach Gran Canaria weiter segeln.<\/div>\n<div><\/div>\n<div>\n\n\t\t<style type=\"text\/css\">\n\t\t\t#gallery-2 {\n\t\t\t\tmargin: auto;\n\t\t\t}\n\t\t\t#gallery-2 .gallery-item {\n\t\t\t\tfloat: left;\n\t\t\t\tmargin-top: 10px;\n\t\t\t\ttext-align: center;\n\t\t\t\twidth: 33%;\n\t\t\t}\n\t\t\t#gallery-2 img {\n\t\t\t\tborder: 2px solid #cfcfcf;\n\t\t\t}\n\t\t\t#gallery-2 .gallery-caption {\n\t\t\t\tmargin-left: 0;\n\t\t\t}\n\t\t\t\/* see gallery_shortcode() in wp-includes\/media.php *\/\n\t\t<\/style>\n\t\t<div id='gallery-2' class='gallery galleryid-2707 gallery-columns-3 gallery-size-thumbnail'><dl class='gallery-item'>\n\t\t\t<dt class='gallery-icon landscape'>\n\t\t\t\t<a class=\"boxersandswipers\" title=\"Morro Jable Marina\" href='https:\/\/atanga.de\/wp-content\/uploads\/2015\/01\/Morro-Jable-Marina.jpg'><img decoding=\"async\" width=\"150\" height=\"150\" src=\"https:\/\/atanga.de\/wp-content\/uploads\/2015\/01\/Morro-Jable-Marina-150x150.jpg\" class=\"attachment-thumbnail size-thumbnail\" alt=\"\" aria-describedby=\"gallery-2-2721\" \/><\/a>\n\t\t\t<\/dt>\n\t\t\t\t<dd class='wp-caption-text gallery-caption' id='gallery-2-2721'>\n\t\t\t\tMorro Jable Marina\n\t\t\t\t<\/dd><\/dl>\n\t\t\t<br style='clear: both' \/>\n\t\t<\/div>\n\n<\/div>\n<div><\/div>\n<div>Von Morro Jable aus f\u00fchrt nur noch eine Schotterstra\u00dfe bis zur S\u00fcdspitze der Insel und zur Westseite nach Cofete. Die abenteuerliche Fahrt \u00fcber 16 km staubige Serpentinen-Piste wird auf der anderen Seite mit einem sensationellen Spot belohnt.<\/div>\n<div>Der gro\u00dfartige Sandstrand ist fast menschenleer, denn au\u00dfer uns haben vielleicht noch zwei Dutzend weitere Autos diese Strecke gew\u00e4hlt.<\/div>\n<div><\/div>\n<div>\n\n\t\t<style type=\"text\/css\">\n\t\t\t#gallery-3 {\n\t\t\t\tmargin: auto;\n\t\t\t}\n\t\t\t#gallery-3 .gallery-item {\n\t\t\t\tfloat: left;\n\t\t\t\tmargin-top: 10px;\n\t\t\t\ttext-align: center;\n\t\t\t\twidth: 33%;\n\t\t\t}\n\t\t\t#gallery-3 img {\n\t\t\t\tborder: 2px solid #cfcfcf;\n\t\t\t}\n\t\t\t#gallery-3 .gallery-caption {\n\t\t\t\tmargin-left: 0;\n\t\t\t}\n\t\t\t\/* see gallery_shortcode() in wp-includes\/media.php *\/\n\t\t<\/style>\n\t\t<div id='gallery-3' class='gallery galleryid-2707 gallery-columns-3 gallery-size-thumbnail'><dl class='gallery-item'>\n\t\t\t<dt class='gallery-icon landscape'>\n\t\t\t\t<a class=\"boxersandswipers\" title=\"Cofete\" href='https:\/\/atanga.de\/wp-content\/uploads\/2015\/01\/Cofete.jpg'><img decoding=\"async\" width=\"150\" height=\"150\" src=\"https:\/\/atanga.de\/wp-content\/uploads\/2015\/01\/Cofete-150x150.jpg\" class=\"attachment-thumbnail size-thumbnail\" alt=\"\" \/><\/a>\n\t\t\t<\/dt><\/dl><dl class='gallery-item'>\n\t\t\t<dt class='gallery-icon landscape'>\n\t\t\t\t<a class=\"boxersandswipers\" title=\"Weg nach Cofete\" href='https:\/\/atanga.de\/wp-content\/uploads\/2015\/01\/Weg-nach-Cofete.jpg'><img decoding=\"async\" width=\"150\" height=\"150\" src=\"https:\/\/atanga.de\/wp-content\/uploads\/2015\/01\/Weg-nach-Cofete-150x150.jpg\" class=\"attachment-thumbnail size-thumbnail\" alt=\"\" aria-describedby=\"gallery-3-2724\" \/><\/a>\n\t\t\t<\/dt>\n\t\t\t\t<dd class='wp-caption-text gallery-caption' id='gallery-3-2724'>\n\t\t\t\tWeg nach Cofete\n\t\t\t\t<\/dd><\/dl><dl class='gallery-item'>\n\t\t\t<dt class='gallery-icon landscape'>\n\t\t\t\t<a class=\"boxersandswipers\" title=\"Cofete Strand\" href='https:\/\/atanga.de\/wp-content\/uploads\/2015\/01\/Cofete-Strand.jpg'><img decoding=\"async\" width=\"150\" height=\"150\" src=\"https:\/\/atanga.de\/wp-content\/uploads\/2015\/01\/Cofete-Strand-150x150.jpg\" class=\"attachment-thumbnail size-thumbnail\" alt=\"\" aria-describedby=\"gallery-3-2715\" \/><\/a>\n\t\t\t<\/dt>\n\t\t\t\t<dd class='wp-caption-text gallery-caption' id='gallery-3-2715'>\n\t\t\t\tCofete Strand\n\t\t\t\t<\/dd><\/dl><br style=\"clear: both\" \/><dl class='gallery-item'>\n\t\t\t<dt class='gallery-icon landscape'>\n\t\t\t\t<a class=\"boxersandswipers\" title=\"Am Strand\" href='https:\/\/atanga.de\/wp-content\/uploads\/2015\/01\/Am-Strand-2.jpg'><img decoding=\"async\" width=\"150\" height=\"150\" src=\"https:\/\/atanga.de\/wp-content\/uploads\/2015\/01\/Am-Strand-2-150x150.jpg\" class=\"attachment-thumbnail size-thumbnail\" alt=\"\" \/><\/a>\n\t\t\t<\/dt><\/dl>\n\t\t\t<br style='clear: both' \/>\n\t\t<\/div>\n\n<\/div>\n<div><\/div>\n<div>Es gibt eine kleine Ansammlung von ungef\u00e4hr sieben, bauf\u00e4lligen, kleinen H\u00e4usern, die geduckt an die schroffe Bergflanke gebaut sind. Fr\u00fcher wurde an der rauen Wetterseite von Fuerteventura intensiv Landwirtschaft betrieben, aber Cofete wurde, nachdem ein paar Jahren D\u00fcrre aufeinander folgten, aufgegeben und wurde Mitte des letzten Jahrhunderts von der Liste offizieller Orte gestrichen.<\/div>\n<div><\/div>\n<div>Zeugnis, dass diese unwirtliche Gegend mal besiedelt war, ist ein ganz au\u00dfergew\u00f6hnlicher Friedhof direkt am Meer.<\/div>\n<div>Die Siedler mussten ihre Toten vor Ort bestatten, denn der Weg zur n\u00e4chsten Pfarrei war zu weit. Aber warum sie direkt am Meer ihren\u00a0Friedhof angelegt haben, bleibt unklar.<\/div>\n<div>Er ist jetzt aber, sandverweht, ein ganz einmaliger Ort mit einem unbestimmten Zauber.<\/div>\n<div><\/div>\n<div>\n\n\t\t<style type=\"text\/css\">\n\t\t\t#gallery-4 {\n\t\t\t\tmargin: auto;\n\t\t\t}\n\t\t\t#gallery-4 .gallery-item {\n\t\t\t\tfloat: left;\n\t\t\t\tmargin-top: 10px;\n\t\t\t\ttext-align: center;\n\t\t\t\twidth: 33%;\n\t\t\t}\n\t\t\t#gallery-4 img {\n\t\t\t\tborder: 2px solid #cfcfcf;\n\t\t\t}\n\t\t\t#gallery-4 .gallery-caption {\n\t\t\t\tmargin-left: 0;\n\t\t\t}\n\t\t\t\/* see gallery_shortcode() in wp-includes\/media.php *\/\n\t\t<\/style>\n\t\t<div id='gallery-4' class='gallery galleryid-2707 gallery-columns-3 gallery-size-thumbnail'><dl class='gallery-item'>\n\t\t\t<dt class='gallery-icon landscape'>\n\t\t\t\t<a class=\"boxersandswipers\" title=\"Cofete &#8211; Friedhof 4\" href='https:\/\/atanga.de\/wp-content\/uploads\/2015\/01\/Cofete-Friedhof-4.jpg'><img decoding=\"async\" width=\"150\" height=\"150\" src=\"https:\/\/atanga.de\/wp-content\/uploads\/2015\/01\/Cofete-Friedhof-4-150x150.jpg\" class=\"attachment-thumbnail size-thumbnail\" alt=\"\" aria-describedby=\"gallery-4-2711\" \/><\/a>\n\t\t\t<\/dt>\n\t\t\t\t<dd class='wp-caption-text gallery-caption' id='gallery-4-2711'>\n\t\t\t\tCofete &#8211; Friedhof \n\t\t\t\t<\/dd><\/dl><dl class='gallery-item'>\n\t\t\t<dt class='gallery-icon landscape'>\n\t\t\t\t<a class=\"boxersandswipers\" title=\"Cofete &#8211; Friedhof\" href='https:\/\/atanga.de\/wp-content\/uploads\/2015\/01\/Cofete-Friedhof-5.jpg'><img decoding=\"async\" width=\"150\" height=\"150\" src=\"https:\/\/atanga.de\/wp-content\/uploads\/2015\/01\/Cofete-Friedhof-5-150x150.jpg\" class=\"attachment-thumbnail size-thumbnail\" alt=\"\" aria-describedby=\"gallery-4-2712\" \/><\/a>\n\t\t\t<\/dt>\n\t\t\t\t<dd class='wp-caption-text gallery-caption' id='gallery-4-2712'>\n\t\t\t\tCofete &#8211; Friedhof \n\t\t\t\t<\/dd><\/dl><dl class='gallery-item'>\n\t\t\t<dt class='gallery-icon landscape'>\n\t\t\t\t<a class=\"boxersandswipers\" title=\"Cofete &#8211; Friedhof\" href='https:\/\/atanga.de\/wp-content\/uploads\/2015\/01\/Cofete-Friedhof-6.jpg'><img decoding=\"async\" width=\"150\" height=\"150\" src=\"https:\/\/atanga.de\/wp-content\/uploads\/2015\/01\/Cofete-Friedhof-6-150x150.jpg\" class=\"attachment-thumbnail size-thumbnail\" alt=\"\" aria-describedby=\"gallery-4-2713\" \/><\/a>\n\t\t\t<\/dt>\n\t\t\t\t<dd class='wp-caption-text gallery-caption' id='gallery-4-2713'>\n\t\t\t\tCofete &#8211; Friedhof \n\t\t\t\t<\/dd><\/dl><br style=\"clear: both\" \/><dl class='gallery-item'>\n\t\t\t<dt class='gallery-icon landscape'>\n\t\t\t\t<a class=\"boxersandswipers\" title=\"Cofete &#8211; Friedhof\" href='https:\/\/atanga.de\/wp-content\/uploads\/2015\/01\/Cofete-Friedhof-3.jpg'><img decoding=\"async\" width=\"150\" height=\"150\" src=\"https:\/\/atanga.de\/wp-content\/uploads\/2015\/01\/Cofete-Friedhof-3-150x150.jpg\" class=\"attachment-thumbnail size-thumbnail\" alt=\"\" aria-describedby=\"gallery-4-2710\" \/><\/a>\n\t\t\t<\/dt>\n\t\t\t\t<dd class='wp-caption-text gallery-caption' id='gallery-4-2710'>\n\t\t\t\tCofete &#8211; Friedhof\n\t\t\t\t<\/dd><\/dl><dl class='gallery-item'>\n\t\t\t<dt class='gallery-icon landscape'>\n\t\t\t\t<a class=\"boxersandswipers\" title=\"Cofete &#8211; Friedhof\" href='https:\/\/atanga.de\/wp-content\/uploads\/2015\/01\/Cofete-Friedhof.jpg'><img decoding=\"async\" width=\"150\" height=\"150\" src=\"https:\/\/atanga.de\/wp-content\/uploads\/2015\/01\/Cofete-Friedhof-150x150.jpg\" class=\"attachment-thumbnail size-thumbnail\" alt=\"\" aria-describedby=\"gallery-4-2714\" \/><\/a>\n\t\t\t<\/dt>\n\t\t\t\t<dd class='wp-caption-text gallery-caption' id='gallery-4-2714'>\n\t\t\t\tCofete &#8211; Friedhof \n\t\t\t\t<\/dd><\/dl>\n\t\t\t<br style='clear: both' \/>\n\t\t<\/div>\n\n<\/div>\n<div><\/div>\n<div>Das zweite, was in Cofete auff\u00e4llt, ist hoch in den Hang gebaut, eine Villa, die so gar nicht in Gr\u00f6\u00dfe und stattlicher Ausf\u00fchrung in diese karge Gehend passen will.<\/div>\n<div>Es handelt sich um die Villa Winter. Herr Winter war ein deutscher Ingenieur, der dieses Anwesen in den 30er Jahren erbauen lies. Offiziell hat er sich f\u00fcr Landwirtschaft interessiert, aber bis heute sind Ger\u00fcchte um seine wahren Absichten nicht verstummt.<\/div>\n<div>Die Ger\u00fcchte behaupten wahlweise<\/div>\n<div>a) er h\u00e4tte im 2. Weltkrieg einen geheimen U-Boothafen f\u00fcr die deutsche Flotte errichtet, oder<\/div>\n<div>b) er h\u00e4tte von der Villa Winter aus deutschen Nazigr\u00f6\u00dfen zur Flucht nach S\u00fcdamerika verholfen.<\/div>\n<div><\/div>\n<div>Gerade als wir uns das Anwesen von nahen betrachten, kommt eine kleine Gruppe deutscher Besucher aus dem Haus. Der Guide versichert allen, dass er einen Handwerker kenne, der in der Villa Winter gearbeitet habe und im Keller alle W\u00e4nde abgeklopft, aber dabei keinen Hohlraum oder \u00e4hnliches entdecken konnte.<\/div>\n<div><\/div>\n<div>Pikant bleibt, dass 1968 Winter f\u00fcr seine &#8218;Verdienste&#8216; die landwirtschaftlich nutzbaren Fl\u00e4chen Jandias als Geschenk bekam. Offizielle Stellen schweigen \u00fcber das Territorium Winter.<\/div>\n<div><\/div>\n<div>\n\n\t\t<style type=\"text\/css\">\n\t\t\t#gallery-5 {\n\t\t\t\tmargin: auto;\n\t\t\t}\n\t\t\t#gallery-5 .gallery-item {\n\t\t\t\tfloat: left;\n\t\t\t\tmargin-top: 10px;\n\t\t\t\ttext-align: center;\n\t\t\t\twidth: 33%;\n\t\t\t}\n\t\t\t#gallery-5 img {\n\t\t\t\tborder: 2px solid #cfcfcf;\n\t\t\t}\n\t\t\t#gallery-5 .gallery-caption {\n\t\t\t\tmargin-left: 0;\n\t\t\t}\n\t\t\t\/* see gallery_shortcode() in wp-includes\/media.php *\/\n\t\t<\/style>\n\t\t<div id='gallery-5' class='gallery galleryid-2707 gallery-columns-3 gallery-size-thumbnail'><dl class='gallery-item'>\n\t\t\t<dt class='gallery-icon landscape'>\n\t\t\t\t<a class=\"boxersandswipers\" title=\"Villa Winter\" href='https:\/\/atanga.de\/wp-content\/uploads\/2015\/01\/Villa-Winter.jpg'><img decoding=\"async\" width=\"150\" height=\"150\" src=\"https:\/\/atanga.de\/wp-content\/uploads\/2015\/01\/Villa-Winter-150x150.jpg\" class=\"attachment-thumbnail size-thumbnail\" alt=\"\" aria-describedby=\"gallery-5-2723\" \/><\/a>\n\t\t\t<\/dt>\n\t\t\t\t<dd class='wp-caption-text gallery-caption' id='gallery-5-2723'>\n\t\t\t\tVilla Winter\n\t\t\t\t<\/dd><\/dl>\n\t\t\t<br style='clear: both' \/>\n\t\t<\/div>\n\n<\/div>\n<div><\/div>\n<div>Nach so viel Geheimnissen verlassen wir die Halbinsel Jandia wieder und\u00a0kommen durch Bergregionen, die dem Beinamen Fuerteventuras als &#8218;W\u00fcsteninsel&#8216; sehr gerecht werden. Allerdings sind auch hier im S\u00fcden die Berge von frisch getriebenem Gr\u00fcn gesprenkelt. Diese Region ist kaum besiedelt und au\u00dfer auf Ziegen treffen wir nur noch auf eine Kr\u00e4he, die gar nicht scheu, sich zum Fotomotiv mausert.<\/div>\n<div><\/div>\n<div>\n\n\t\t<style type=\"text\/css\">\n\t\t\t#gallery-6 {\n\t\t\t\tmargin: auto;\n\t\t\t}\n\t\t\t#gallery-6 .gallery-item {\n\t\t\t\tfloat: left;\n\t\t\t\tmargin-top: 10px;\n\t\t\t\ttext-align: center;\n\t\t\t\twidth: 33%;\n\t\t\t}\n\t\t\t#gallery-6 img {\n\t\t\t\tborder: 2px solid #cfcfcf;\n\t\t\t}\n\t\t\t#gallery-6 .gallery-caption {\n\t\t\t\tmargin-left: 0;\n\t\t\t}\n\t\t\t\/* see gallery_shortcode() in wp-includes\/media.php *\/\n\t\t<\/style>\n\t\t<div id='gallery-6' class='gallery galleryid-2707 gallery-columns-3 gallery-size-thumbnail'><dl class='gallery-item'>\n\t\t\t<dt class='gallery-icon landscape'>\n\t\t\t\t<a class=\"boxersandswipers\" title=\"Rabe\" href='https:\/\/atanga.de\/wp-content\/uploads\/2015\/01\/Rabe.jpg'><img decoding=\"async\" width=\"150\" height=\"150\" src=\"https:\/\/atanga.de\/wp-content\/uploads\/2015\/01\/Rabe-150x150.jpg\" class=\"attachment-thumbnail size-thumbnail\" alt=\"\" aria-describedby=\"gallery-6-2722\" \/><\/a>\n\t\t\t<\/dt>\n\t\t\t\t<dd class='wp-caption-text gallery-caption' id='gallery-6-2722'>\n\t\t\t\tnetter Vogel\n\t\t\t\t<\/dd><\/dl>\n\t\t\t<br style='clear: both' \/>\n\t\t<\/div>\n\n<\/div>\n<div><\/div>\n<div>Unseren letzten Stopp legen wir in Betancuria, der ehemaligen Inselhauptstadt ein. Da dieser Ort im 18. Jahrhundert seine wirtschaftliche Bedeutung verlor, ist er von Piratenpl\u00fcnderung und Zerst\u00f6rung weitestgehend verschont geblieben.<\/div>\n<div>Dies beschert dem Dorf ein &#8218;denkmalgesch\u00fctzten&#8216; Ortskern. Um eine paar hundert Meter Kopfsteinpflaster finden sich noch ein paar Bauten mit den typisch kanarischen Holzbalkonen, einer Kirche und Ansammlung alter H\u00e4user.<\/div>\n<div>Aber vor allem findet man Souveniershops und Restaurants. Uns gef\u00e4llt es hier nicht besonders, zu steril, zu organisiert und leider nicht lebendig.<\/div>\n<div>Aber nur ein paar Hundert Meter weiter machen wir Halt an einer wenig beachteten Ruine eines Franziskaner-Klosters. Die Stimmung in der Ruine ist in der untergehenden Sonne so bezaubernd, dass ich mich gar nicht trennen mag. Ein malerischer Ort, der zum Tr\u00e4umen einl\u00e4dt, da fehlt mir nur noch Molly an meiner Seite mit der man rumspinnen kann, wie dieses Kleinod sich zum Eigenheim umbauen lie\u00dfe. :-<\/div>\n<div><\/div>\n<div>\n\n\t\t<style type=\"text\/css\">\n\t\t\t#gallery-7 {\n\t\t\t\tmargin: auto;\n\t\t\t}\n\t\t\t#gallery-7 .gallery-item {\n\t\t\t\tfloat: left;\n\t\t\t\tmargin-top: 10px;\n\t\t\t\ttext-align: center;\n\t\t\t\twidth: 33%;\n\t\t\t}\n\t\t\t#gallery-7 img {\n\t\t\t\tborder: 2px solid #cfcfcf;\n\t\t\t}\n\t\t\t#gallery-7 .gallery-caption {\n\t\t\t\tmargin-left: 0;\n\t\t\t}\n\t\t\t\/* see gallery_shortcode() in wp-includes\/media.php *\/\n\t\t<\/style>\n\t\t<div id='gallery-7' class='gallery galleryid-2707 gallery-columns-3 gallery-size-thumbnail'><dl class='gallery-item'>\n\t\t\t<dt class='gallery-icon portrait'>\n\t\t\t\t<a class=\"boxersandswipers\" title=\"Kloster\" href='https:\/\/atanga.de\/wp-content\/uploads\/2015\/01\/Kloster.jpg'><img decoding=\"async\" width=\"150\" height=\"150\" src=\"https:\/\/atanga.de\/wp-content\/uploads\/2015\/01\/Kloster-150x150.jpg\" class=\"attachment-thumbnail size-thumbnail\" alt=\"Kloster\" \/><\/a>\n\t\t\t<\/dt><\/dl><dl class='gallery-item'>\n\t\t\t<dt class='gallery-icon landscape'>\n\t\t\t\t<a class=\"boxersandswipers\" title=\"Kloster\" href='https:\/\/atanga.de\/wp-content\/uploads\/2015\/01\/Kloster-2.jpg'><img decoding=\"async\" width=\"150\" height=\"150\" src=\"https:\/\/atanga.de\/wp-content\/uploads\/2015\/01\/Kloster-2-150x150.jpg\" class=\"attachment-thumbnail size-thumbnail\" alt=\"\" aria-describedby=\"gallery-7-2718\" \/><\/a>\n\t\t\t<\/dt>\n\t\t\t\t<dd class='wp-caption-text gallery-caption' id='gallery-7-2718'>\n\t\t\t\tKloster\n\t\t\t\t<\/dd><\/dl><dl class='gallery-item'>\n\t\t\t<dt class='gallery-icon landscape'>\n\t\t\t\t<a class=\"boxersandswipers\" title=\"Kloster\" href='https:\/\/atanga.de\/wp-content\/uploads\/2015\/01\/Kloster-3.jpg'><img decoding=\"async\" width=\"150\" height=\"150\" src=\"https:\/\/atanga.de\/wp-content\/uploads\/2015\/01\/Kloster-3-150x150.jpg\" class=\"attachment-thumbnail size-thumbnail\" alt=\"\" aria-describedby=\"gallery-7-2719\" \/><\/a>\n\t\t\t<\/dt>\n\t\t\t\t<dd class='wp-caption-text gallery-caption' id='gallery-7-2719'>\n\t\t\t\tKloster\n\t\t\t\t<\/dd><\/dl><br style=\"clear: both\" \/>\n\t\t<\/div>\n\n<\/div>\n<div><\/div>\n<div>Nach zwei Tagen Inseltour und 450 km sp\u00e4ter k\u00f6nnen wir behaupten, dass Fuerteventura nicht ocker, sondern &#8218;gr\u00fcn&#8216; ist.<\/div>\n<div>Es wird sicher nicht unsere Lieblings-Kanarische-Insel, aber wir finden sie alles andere als \u00f6de, trist und eint\u00f6nig, wie sie h\u00e4ufig beschrieben wird. Wir reihen uns in die Reihe der Kenner und Freunde ein, die ihre Insel liebevoll &#8218;Fuerte&#8216; nennen.<\/div>\n<div class=\"pld-like-dislike-wrap pld-template-1\">\r\n    <div class=\"pld-like-wrap  pld-common-wrap\">\r\n    <a href=\"javascript:void(0)\" class=\"pld-like-trigger pld-like-dislike-trigger  \" title=\"gef\u00e4llt mir\" data-post-id=\"2707\" data-trigger-type=\"like\" data-restriction=\"cookie\" data-already-liked=\"0\">\r\n                        <i class=\"fas fa-thumbs-up\"><\/i>\r\n                <\/a>\r\n    <span class=\"pld-like-count-wrap pld-count-wrap\">    <\/span>\r\n<\/div><div class=\"pld-dislike-wrap  pld-common-wrap\">\r\n    <a href=\"javascript:void(0)\" class=\"pld-dislike-trigger pld-like-dislike-trigger  \" title=\"doof\" data-post-id=\"2707\" data-trigger-type=\"dislike\" data-restriction=\"cookie\" data-already-liked=\"0\">\r\n                        <i class=\"fas fa-thumbs-down\"><\/i>\r\n                <\/a>\r\n    <span class=\"pld-dislike-count-wrap pld-count-wrap\"><\/span>\r\n<\/div><\/div>","protected":false},"excerpt":{"rendered":"<p>Mi., 14.Jan.15, Fuerteventura, Tag 228, 2.341 sm von HH Um es gleich vorweg zu nehemen, die S\u00fcdrunde um Fuerteventura gef\u00e4llt und besser als die Nordtour. Und das liegt nicht nur daran, dass an Tag zwei das Wetter erheblich besser ist. Gestern herrschte sehr diesige Luft vor, die jede Fernsicht zu Nichte gemacht hat. Das ist [&hellip;]<\/p>\n","protected":false},"author":4,"featured_media":0,"comment_status":"open","ping_status":"closed","sticky":false,"template":"","format":"standard","meta":{"footnotes":""},"categories":[36,42,26],"tags":[],"class_list":["post-2707","post","type-post","status-publish","format-standard","hentry","category-landausfluege","category-fuerteventura","category-spanien"],"_links":{"self":[{"href":"https:\/\/atanga.de\/index.php?rest_route=\/wp\/v2\/posts\/2707","targetHints":{"allow":["GET"]}}],"collection":[{"href":"https:\/\/atanga.de\/index.php?rest_route=\/wp\/v2\/posts"}],"about":[{"href":"https:\/\/atanga.de\/index.php?rest_route=\/wp\/v2\/types\/post"}],"author":[{"embeddable":true,"href":"https:\/\/atanga.de\/index.php?rest_route=\/wp\/v2\/users\/4"}],"replies":[{"embeddable":true,"href":"https:\/\/atanga.de\/index.php?rest_route=%2Fwp%2Fv2%2Fcomments&post=2707"}],"version-history":[{"count":4,"href":"https:\/\/atanga.de\/index.php?rest_route=\/wp\/v2\/posts\/2707\/revisions"}],"predecessor-version":[{"id":2727,"href":"https:\/\/atanga.de\/index.php?rest_route=\/wp\/v2\/posts\/2707\/revisions\/2727"}],"wp:attachment":[{"href":"https:\/\/atanga.de\/index.php?rest_route=%2Fwp%2Fv2%2Fmedia&parent=2707"}],"wp:term":[{"taxonomy":"category","embeddable":true,"href":"https:\/\/atanga.de\/index.php?rest_route=%2Fwp%2Fv2%2Fcategories&post=2707"},{"taxonomy":"post_tag","embeddable":true,"href":"https:\/\/atanga.de\/index.php?rest_route=%2Fwp%2Fv2%2Ftags&post=2707"}],"curies":[{"name":"wp","href":"https:\/\/api.w.org\/{rel}","templated":true}]}}