{"id":2764,"date":"2015-01-28T20:49:29","date_gmt":"2015-01-28T20:49:29","guid":{"rendered":"http:\/\/atanga.de\/?p=2764"},"modified":"2015-03-03T20:58:01","modified_gmt":"2015-03-03T20:58:01","slug":"las-palmas","status":"publish","type":"post","link":"https:\/\/atanga.de\/?p=2764","title":{"rendered":"Las Palmas"},"content":{"rendered":"<p><em>So., 25.Jan.15, Gran Canaria, Tag 239, 2.421 sm von HH<\/em><\/p>\n<p>\u00dcber 400.000 Einwohner hat Las Palmas und ist damit die gr\u00f6\u00dfte Stadt der Kanaren. Sie wurde 14 Jahre, bevor Kolumbus von hier aus in die neue Welt aufgebrochen ist, gegr\u00fcndet.<\/p>\n<p>Aus dieser Zeit gibt es noch einen kleinen, h\u00fcbschen Altstadtkern, der sich uns menschenleer pr\u00e4sentiert. Das Leben spielt sich in den Fu\u00dfg\u00e4ngerzonen, Einkaufsstra\u00dfen und deren benachbarten Gassen ab.<br \/>\nIn der Altstadt wird weder gewohnt, es gibt keine Bars oder Kneipen, sondern hier haben sich nur Architekten und Wirtschaftspr\u00fcfungsgesellschaften angesiedelt. Das ist schade, denn so wirkt das sch\u00f6ne Viertel ausgestorben und langweilig. Der Eindruck wird noch verst\u00e4rkt, da es bei unserem ersten Rundgang immer mal wieder leichte Regenschauer gibt.<\/p>\n<p>Die Einkaufsstra\u00dfen sind im Schachbrettmuster angelegt und der Verkehr h\u00e4lt sich hier, im Gegensatz zu Lissabon und La Coruna, in Grenzen. Dieser wird n\u00e4mlich \u00fcber eine 9 bis zu 11 Spuren breite Stra\u00dfe um die Stadt herum geleitet. Leider verl\u00e4uft diese Stra\u00dfe zwischen Hafen und der City und uns Fu\u00dfg\u00e4ngern und Fahrradfahrern wird es nicht gar zu leicht gemacht ins Stadtzentrum zu gelangen. Es gibt einen Tunnel, der eigentlich nur f\u00fcr Autos gedacht ist, und an den Fu\u00dfg\u00e4nger\u00fcberwegen schie\u00dft einem \u201aich hab Zeit, ich bin ja noch jung\u2018 in den Kopf.<\/p>\n<p>Genau wie die Marina ein Shopping-Paradies f\u00fcr Yachties ist, so erh\u00e4lt man in der Innenstadt den kompletten Rest. Es gibt Kaufh\u00e4user wie das Corte Ingles, das zu 100% genau wie Karstadt M\u00f6nkebergstra\u00dfe aussieht und auch das gleiche Sortiment anbietet. Gleich daneben kleine Boutiquen, Ramschl\u00e4den und Gem\u00fcseh\u00e4ndler, die Orangen f\u00fcr 0,49 EUR\/Kilo verkaufen.<\/p>\n<p>Au\u00dferhalb des Centrums haben sich Lidl, Media Markt und Ikea angesiedelt und die Superm\u00e4rkte sind zweigeschossig.<br \/>\nBei Las Palmas handelt es sich wahrscheinlich um die letzte Bastion gut sortierten, mitteleurop\u00e4ischen Standards und globalisiertem Einerlei bevor man weiter Richtung Westen zieht.<\/p>\n\n\t\t<style type=\"text\/css\">\n\t\t\t#gallery-1 {\n\t\t\t\tmargin: auto;\n\t\t\t}\n\t\t\t#gallery-1 .gallery-item {\n\t\t\t\tfloat: left;\n\t\t\t\tmargin-top: 10px;\n\t\t\t\ttext-align: center;\n\t\t\t\twidth: 33%;\n\t\t\t}\n\t\t\t#gallery-1 img {\n\t\t\t\tborder: 2px solid #cfcfcf;\n\t\t\t}\n\t\t\t#gallery-1 .gallery-caption {\n\t\t\t\tmargin-left: 0;\n\t\t\t}\n\t\t\t\/* see gallery_shortcode() in wp-includes\/media.php *\/\n\t\t<\/style>\n\t\t<div id='gallery-1' class='gallery galleryid-2764 gallery-columns-3 gallery-size-thumbnail'><dl class='gallery-item'>\n\t\t\t<dt class='gallery-icon landscape'>\n\t\t\t\t<a class=\"boxersandswipers\" title=\"Las Palmas Altstadt\" href='https:\/\/atanga.de\/wp-content\/uploads\/2015\/01\/Las-Palmas-Altstadt.jpg'><img decoding=\"async\" width=\"150\" height=\"150\" src=\"https:\/\/atanga.de\/wp-content\/uploads\/2015\/01\/Las-Palmas-Altstadt-150x150.jpg\" class=\"attachment-thumbnail size-thumbnail\" alt=\"\" aria-describedby=\"gallery-1-2771\" \/><\/a>\n\t\t\t<\/dt>\n\t\t\t\t<dd class='wp-caption-text gallery-caption' id='gallery-1-2771'>\n\t\t\t\tLas Palmas Altstadt\n\t\t\t\t<\/dd><\/dl><dl class='gallery-item'>\n\t\t\t<dt class='gallery-icon landscape'>\n\t\t\t\t<a class=\"boxersandswipers\" title=\"Ermita Espiritu Santo\" href='https:\/\/atanga.de\/wp-content\/uploads\/2015\/01\/Ermita-Espiritu-Santo.jpg'><img decoding=\"async\" width=\"150\" height=\"150\" src=\"https:\/\/atanga.de\/wp-content\/uploads\/2015\/01\/Ermita-Espiritu-Santo-150x150.jpg\" class=\"attachment-thumbnail size-thumbnail\" alt=\"\" aria-describedby=\"gallery-1-2769\" \/><\/a>\n\t\t\t<\/dt>\n\t\t\t\t<dd class='wp-caption-text gallery-caption' id='gallery-1-2769'>\n\t\t\t\tErmita Espiritu Santo\n\t\t\t\t<\/dd><\/dl><dl class='gallery-item'>\n\t\t\t<dt class='gallery-icon landscape'>\n\t\t\t\t<a class=\"boxersandswipers\" title=\"Plaza Sta Ana\" href='https:\/\/atanga.de\/wp-content\/uploads\/2015\/01\/Plaza-Sta-Ana.jpg'><img decoding=\"async\" width=\"150\" height=\"150\" src=\"https:\/\/atanga.de\/wp-content\/uploads\/2015\/01\/Plaza-Sta-Ana-150x150.jpg\" class=\"attachment-thumbnail size-thumbnail\" alt=\"\" aria-describedby=\"gallery-1-2776\" \/><\/a>\n\t\t\t<\/dt>\n\t\t\t\t<dd class='wp-caption-text gallery-caption' id='gallery-1-2776'>\n\t\t\t\tPlaza Sta Ana\n\t\t\t\t<\/dd><\/dl><br style=\"clear: both\" \/><dl class='gallery-item'>\n\t\t\t<dt class='gallery-icon landscape'>\n\t\t\t\t<a class=\"boxersandswipers\" title=\"Balkon\" href='https:\/\/atanga.de\/wp-content\/uploads\/2015\/01\/Balkon.jpg'><img decoding=\"async\" width=\"150\" height=\"150\" src=\"https:\/\/atanga.de\/wp-content\/uploads\/2015\/01\/Balkon-150x150.jpg\" class=\"attachment-thumbnail size-thumbnail\" alt=\"\" \/><\/a>\n\t\t\t<\/dt><\/dl><dl class='gallery-item'>\n\t\t\t<dt class='gallery-icon landscape'>\n\t\t\t\t<a class=\"boxersandswipers\" title=\"Balkon 2\" href='https:\/\/atanga.de\/wp-content\/uploads\/2015\/01\/Balkon-2.jpg'><img decoding=\"async\" width=\"150\" height=\"150\" src=\"https:\/\/atanga.de\/wp-content\/uploads\/2015\/01\/Balkon-2-150x150.jpg\" class=\"attachment-thumbnail size-thumbnail\" alt=\"\" \/><\/a>\n\t\t\t<\/dt><\/dl><dl class='gallery-item'>\n\t\t\t<dt class='gallery-icon landscape'>\n\t\t\t\t<a class=\"boxersandswipers\" title=\"Balkon 3\" href='https:\/\/atanga.de\/wp-content\/uploads\/2015\/01\/Balkon-3.jpg'><img decoding=\"async\" width=\"150\" height=\"150\" src=\"https:\/\/atanga.de\/wp-content\/uploads\/2015\/01\/Balkon-3-150x150.jpg\" class=\"attachment-thumbnail size-thumbnail\" alt=\"\" \/><\/a>\n\t\t\t<\/dt><\/dl><br style=\"clear: both\" \/><dl class='gallery-item'>\n\t\t\t<dt class='gallery-icon landscape'>\n\t\t\t\t<a class=\"boxersandswipers\" title=\"Balkon 4\" href='https:\/\/atanga.de\/wp-content\/uploads\/2015\/01\/Balkon-4.jpg'><img decoding=\"async\" width=\"150\" height=\"150\" src=\"https:\/\/atanga.de\/wp-content\/uploads\/2015\/01\/Balkon-4-150x150.jpg\" class=\"attachment-thumbnail size-thumbnail\" alt=\"\" \/><\/a>\n\t\t\t<\/dt><\/dl><dl class='gallery-item'>\n\t\t\t<dt class='gallery-icon landscape'>\n\t\t\t\t<a class=\"boxersandswipers\" title=\"Fensterladen\" href='https:\/\/atanga.de\/wp-content\/uploads\/2015\/01\/Fensterladen.jpg'><img decoding=\"async\" width=\"150\" height=\"150\" src=\"https:\/\/atanga.de\/wp-content\/uploads\/2015\/01\/Fensterladen-150x150.jpg\" class=\"attachment-thumbnail size-thumbnail\" alt=\"\" \/><\/a>\n\t\t\t<\/dt><\/dl><dl class='gallery-item'>\n\t\t\t<dt class='gallery-icon landscape'>\n\t\t\t\t<a class=\"boxersandswipers\" title=\"T\u00fcr 2\" href='https:\/\/atanga.de\/wp-content\/uploads\/2015\/01\/T\u00fcr-2.jpg'><img decoding=\"async\" width=\"150\" height=\"150\" src=\"https:\/\/atanga.de\/wp-content\/uploads\/2015\/01\/T\u00fcr-2-150x150.jpg\" class=\"attachment-thumbnail size-thumbnail\" alt=\"\" \/><\/a>\n\t\t\t<\/dt><\/dl><br style=\"clear: both\" \/><dl class='gallery-item'>\n\t\t\t<dt class='gallery-icon landscape'>\n\t\t\t\t<a class=\"boxersandswipers\" title=\"T\u00fcrklopfer\" href='https:\/\/atanga.de\/wp-content\/uploads\/2015\/01\/T\u00fcrklopfer.jpg'><img decoding=\"async\" width=\"150\" height=\"150\" src=\"https:\/\/atanga.de\/wp-content\/uploads\/2015\/01\/T\u00fcrklopfer-150x150.jpg\" class=\"attachment-thumbnail size-thumbnail\" alt=\"\" \/><\/a>\n\t\t\t<\/dt><\/dl><dl class='gallery-item'>\n\t\t\t<dt class='gallery-icon landscape'>\n\t\t\t\t<a class=\"boxersandswipers\" title=\"T\u00fcr\" href='https:\/\/atanga.de\/wp-content\/uploads\/2015\/01\/T\u00fcr.jpg'><img decoding=\"async\" width=\"150\" height=\"150\" src=\"https:\/\/atanga.de\/wp-content\/uploads\/2015\/01\/T\u00fcr-150x150.jpg\" class=\"attachment-thumbnail size-thumbnail\" alt=\"\" \/><\/a>\n\t\t\t<\/dt><\/dl><dl class='gallery-item'>\n\t\t\t<dt class='gallery-icon landscape'>\n\t\t\t\t<a class=\"boxersandswipers\" title=\"Las Palmas Wohnsiedlung\" href='https:\/\/atanga.de\/wp-content\/uploads\/2015\/01\/Las-Palmas-Wohnsiedlung.jpg'><img decoding=\"async\" width=\"150\" height=\"150\" src=\"https:\/\/atanga.de\/wp-content\/uploads\/2015\/01\/Las-Palmas-Wohnsiedlung-150x150.jpg\" class=\"attachment-thumbnail size-thumbnail\" alt=\"\" aria-describedby=\"gallery-1-2772\" \/><\/a>\n\t\t\t<\/dt>\n\t\t\t\t<dd class='wp-caption-text gallery-caption' id='gallery-1-2772'>\n\t\t\t\tLas Palmas Wohnsiedlung\n\t\t\t\t<\/dd><\/dl><br style=\"clear: both\" \/>\n\t\t<\/div>\n\n<div class=\"pld-like-dislike-wrap pld-template-1\">\r\n    <div class=\"pld-like-wrap  pld-common-wrap\">\r\n    <a href=\"javascript:void(0)\" class=\"pld-like-trigger pld-like-dislike-trigger  \" title=\"gef\u00e4llt mir\" data-post-id=\"2764\" data-trigger-type=\"like\" data-restriction=\"cookie\" data-already-liked=\"0\">\r\n                        <i class=\"fas fa-thumbs-up\"><\/i>\r\n                <\/a>\r\n    <span class=\"pld-like-count-wrap pld-count-wrap\">    <\/span>\r\n<\/div><div class=\"pld-dislike-wrap  pld-common-wrap\">\r\n    <a href=\"javascript:void(0)\" class=\"pld-dislike-trigger pld-like-dislike-trigger  \" title=\"doof\" data-post-id=\"2764\" data-trigger-type=\"dislike\" data-restriction=\"cookie\" data-already-liked=\"0\">\r\n                        <i class=\"fas fa-thumbs-down\"><\/i>\r\n                <\/a>\r\n    <span class=\"pld-dislike-count-wrap pld-count-wrap\"><\/span>\r\n<\/div><\/div>","protected":false},"excerpt":{"rendered":"<p>So., 25.Jan.15, Gran Canaria, Tag 239, 2.421 sm von HH \u00dcber 400.000 Einwohner hat Las Palmas und ist damit die gr\u00f6\u00dfte Stadt der Kanaren. Sie wurde 14 Jahre, bevor Kolumbus von hier aus in die neue Welt aufgebrochen ist, gegr\u00fcndet. Aus dieser Zeit gibt es noch einen kleinen, h\u00fcbschen Altstadtkern, der sich uns menschenleer pr\u00e4sentiert. [&hellip;]<\/p>\n","protected":false},"author":4,"featured_media":0,"comment_status":"open","ping_status":"closed","sticky":false,"template":"","format":"standard","meta":{"footnotes":""},"categories":[41,36,26],"tags":[],"class_list":["post-2764","post","type-post","status-publish","format-standard","hentry","category-gran-canaria","category-landausfluege","category-spanien"],"_links":{"self":[{"href":"https:\/\/atanga.de\/index.php?rest_route=\/wp\/v2\/posts\/2764","targetHints":{"allow":["GET"]}}],"collection":[{"href":"https:\/\/atanga.de\/index.php?rest_route=\/wp\/v2\/posts"}],"about":[{"href":"https:\/\/atanga.de\/index.php?rest_route=\/wp\/v2\/types\/post"}],"author":[{"embeddable":true,"href":"https:\/\/atanga.de\/index.php?rest_route=\/wp\/v2\/users\/4"}],"replies":[{"embeddable":true,"href":"https:\/\/atanga.de\/index.php?rest_route=%2Fwp%2Fv2%2Fcomments&post=2764"}],"version-history":[{"count":2,"href":"https:\/\/atanga.de\/index.php?rest_route=\/wp\/v2\/posts\/2764\/revisions"}],"predecessor-version":[{"id":2778,"href":"https:\/\/atanga.de\/index.php?rest_route=\/wp\/v2\/posts\/2764\/revisions\/2778"}],"wp:attachment":[{"href":"https:\/\/atanga.de\/index.php?rest_route=%2Fwp%2Fv2%2Fmedia&parent=2764"}],"wp:term":[{"taxonomy":"category","embeddable":true,"href":"https:\/\/atanga.de\/index.php?rest_route=%2Fwp%2Fv2%2Fcategories&post=2764"},{"taxonomy":"post_tag","embeddable":true,"href":"https:\/\/atanga.de\/index.php?rest_route=%2Fwp%2Fv2%2Ftags&post=2764"}],"curies":[{"name":"wp","href":"https:\/\/api.w.org\/{rel}","templated":true}]}}