{"id":2789,"date":"2015-02-03T19:34:24","date_gmt":"2015-02-03T19:34:24","guid":{"rendered":"http:\/\/atanga.de\/?p=2789"},"modified":"2015-03-03T20:52:49","modified_gmt":"2015-03-03T20:52:49","slug":"las-palmas-naeher-betrachtet","status":"publish","type":"post","link":"https:\/\/atanga.de\/?p=2789","title":{"rendered":"Las Palmas n\u00e4her betrachtet"},"content":{"rendered":"<div>Sa., 31.01.15, Gran Canaria, Tag 245, 2.421 sm von HH<\/div>\n<div><\/div>\n<div>Bis Mittwoch war das Wetter mit heiter bis wolkig noch ganz anst\u00e4ndig hier und ich konnte in der Sonne im Cockpit liegend meinen Zahn schonen und genesen.<br \/>\nAm\u00a0Donnerstag war dann das Schlimmste \u00fcberstanden, feste Nahrung wieder Normalit\u00e4t.<\/div>\n<div><\/div>\n<div>Im Internet\u00a0schauen wir noch mal nach Kinovorstellungen von dem 3.Hobbit-Film. Und tats\u00e4chlich, ein Kino, knapp 4 km entfernt, wirbt mit deutschem Titel.<\/div>\n<div>Da die Vorstellung erst\u00a0um 22:00 Uhr statt finden soll, beschlie\u00dfen wir tags\u00fcber vor Ort zu pr\u00fcfen, ob das wirklich stimmt, damit wir nicht &#8222;mitten in der Nacht&#8220; vergeblich zum Kino laufen.<\/div>\n<div>Es wird tats\u00e4chlich der Hobbit gezeigt, aber leider nur auf spanisch. Somit machen wir uns bei nasskaltem Wetter unverrichteter Dinge\u00a0wieder auf den R\u00fcckweg.<\/div>\n<div><\/div>\n<div>\n\n\t\t<style type=\"text\/css\">\n\t\t\t#gallery-1 {\n\t\t\t\tmargin: auto;\n\t\t\t}\n\t\t\t#gallery-1 .gallery-item {\n\t\t\t\tfloat: left;\n\t\t\t\tmargin-top: 10px;\n\t\t\t\ttext-align: center;\n\t\t\t\twidth: 33%;\n\t\t\t}\n\t\t\t#gallery-1 img {\n\t\t\t\tborder: 2px solid #cfcfcf;\n\t\t\t}\n\t\t\t#gallery-1 .gallery-caption {\n\t\t\t\tmargin-left: 0;\n\t\t\t}\n\t\t\t\/* see gallery_shortcode() in wp-includes\/media.php *\/\n\t\t<\/style>\n\t\t<div id='gallery-1' class='gallery galleryid-2789 gallery-columns-3 gallery-size-thumbnail'><dl class='gallery-item'>\n\t\t\t<dt class='gallery-icon landscape'>\n\t\t\t\t<a class=\"boxersandswipers\" title=\"16 Grad, brrr.\" href='https:\/\/atanga.de\/wp-content\/uploads\/2015\/02\/16-Grad.jpg'><img decoding=\"async\" width=\"150\" height=\"150\" src=\"https:\/\/atanga.de\/wp-content\/uploads\/2015\/02\/16-Grad-150x150.jpg\" class=\"attachment-thumbnail size-thumbnail\" alt=\"\" aria-describedby=\"gallery-1-2790\" \/><\/a>\n\t\t\t<\/dt>\n\t\t\t\t<dd class='wp-caption-text gallery-caption' id='gallery-1-2790'>\n\t\t\t\t16 Grad, brrr.\n\t\t\t\t<\/dd><\/dl><dl class='gallery-item'>\n\t\t\t<dt class='gallery-icon landscape'>\n\t\t\t\t<a class=\"boxersandswipers\" title=\"Plausch trotz Regen\" href='https:\/\/atanga.de\/wp-content\/uploads\/2015\/02\/Plausch-trotz-Regen.jpg'><img decoding=\"async\" width=\"150\" height=\"150\" src=\"https:\/\/atanga.de\/wp-content\/uploads\/2015\/02\/Plausch-trotz-Regen-150x150.jpg\" class=\"attachment-thumbnail size-thumbnail\" alt=\"\" aria-describedby=\"gallery-1-2794\" \/><\/a>\n\t\t\t<\/dt>\n\t\t\t\t<dd class='wp-caption-text gallery-caption' id='gallery-1-2794'>\n\t\t\t\tPlausch trotz Regen\n\t\t\t\t<\/dd><\/dl>\n\t\t\t<br style='clear: both' \/>\n\t\t<\/div>\n\n<\/div>\n<div><\/div>\n<div>Aber au\u00dfer deutschem Kino gibt es hier in Las Palmas wirklich alles.<\/div>\n<div>Die Aufnahme dieses Weinschrankes haben wir in einem stinknormalen Supermarkt gemacht. Montags bis freitags erscheint zudem noch stundenweise ein Somalier.<\/div>\n<div>Ich w\u00fcsste in Hamburg kein Kaufhaus oder Supermarkt zu benennen mit einem derartigen Weinangebot.<\/div>\n<div><\/div>\n<div>\n\n\t\t<style type=\"text\/css\">\n\t\t\t#gallery-2 {\n\t\t\t\tmargin: auto;\n\t\t\t}\n\t\t\t#gallery-2 .gallery-item {\n\t\t\t\tfloat: left;\n\t\t\t\tmargin-top: 10px;\n\t\t\t\ttext-align: center;\n\t\t\t\twidth: 33%;\n\t\t\t}\n\t\t\t#gallery-2 img {\n\t\t\t\tborder: 2px solid #cfcfcf;\n\t\t\t}\n\t\t\t#gallery-2 .gallery-caption {\n\t\t\t\tmargin-left: 0;\n\t\t\t}\n\t\t\t\/* see gallery_shortcode() in wp-includes\/media.php *\/\n\t\t<\/style>\n\t\t<div id='gallery-2' class='gallery galleryid-2789 gallery-columns-3 gallery-size-thumbnail'><dl class='gallery-item'>\n\t\t\t<dt class='gallery-icon landscape'>\n\t\t\t\t<a class=\"boxersandswipers\" title=\"Weinschrank vom Feinsten\" href='https:\/\/atanga.de\/wp-content\/uploads\/2015\/02\/Weinschrank.jpg'><img decoding=\"async\" width=\"150\" height=\"150\" src=\"https:\/\/atanga.de\/wp-content\/uploads\/2015\/02\/Weinschrank-150x150.jpg\" class=\"attachment-thumbnail size-thumbnail\" alt=\"\" aria-describedby=\"gallery-2-2797\" \/><\/a>\n\t\t\t<\/dt>\n\t\t\t\t<dd class='wp-caption-text gallery-caption' id='gallery-2-2797'>\n\t\t\t\tWeinschrank vom Feinsten\n\t\t\t\t<\/dd><\/dl><dl class='gallery-item'>\n\t\t\t<dt class='gallery-icon landscape'>\n\t\t\t\t<a class=\"boxersandswipers\" title=\"Aber hallo!\" href='https:\/\/atanga.de\/wp-content\/uploads\/2015\/02\/Weinflaschen.jpg'><img decoding=\"async\" width=\"150\" height=\"150\" src=\"https:\/\/atanga.de\/wp-content\/uploads\/2015\/02\/Weinflaschen-150x150.jpg\" class=\"attachment-thumbnail size-thumbnail\" alt=\"\" aria-describedby=\"gallery-2-2796\" \/><\/a>\n\t\t\t<\/dt>\n\t\t\t\t<dd class='wp-caption-text gallery-caption' id='gallery-2-2796'>\n\t\t\t\tAber hallo!\n\t\t\t\t<\/dd><\/dl>\n\t\t\t<br style='clear: both' \/>\n\t\t<\/div>\n\n<\/div>\n<div><\/div>\n<div>Als Kontrast gibt es hier aber auch noch eine altmodische, wunderbare Markthalle. Es gibt dort neben Obst- und Gem\u00fcseh\u00e4ndlern auch gut sortierte Schlachter und Fischh\u00e4ndler.<\/div>\n<div>Der einzige Nachteil vom gem\u00fctlichen Einkauf auf dem Markt sind die unglaublichen T\u00fcten mit denen man nach Hause kommt.<\/div>\n<div>Porreestange &#8211; extra T\u00fcte, M\u00f6hren &#8211; extra T\u00fcte, drei Orangen &#8211; extra T\u00fcte und das Ganze dann noch mal extra in eine Tragetasche, obwohl ich gar keinen Beutel ben\u00f6tigen w\u00fcrde, da ich ja mit R\u00fccksack da bin.<\/div>\n<div>Selbst wenn man abwinkt, kann man den T\u00fctenwahn nicht verhindern.<\/div>\n<div>Da ist in Spanien noch Lernpotential nach oben offen.<\/div>\n<div><\/div>\n<div>Auch der Geschmack von Schnittblumen und deren Pr\u00e4sentation unterscheidet sich deutlich. Aber offensichtlich werden Blumenpr\u00e4sente sehr gesch\u00e4tzt, denn st\u00e4ndig sieht man jemanden mit einem Strau\u00df durch die Stra\u00dfen laufen.<\/div>\n<div><\/div>\n<div>\n\n\t\t<style type=\"text\/css\">\n\t\t\t#gallery-3 {\n\t\t\t\tmargin: auto;\n\t\t\t}\n\t\t\t#gallery-3 .gallery-item {\n\t\t\t\tfloat: left;\n\t\t\t\tmargin-top: 10px;\n\t\t\t\ttext-align: center;\n\t\t\t\twidth: 33%;\n\t\t\t}\n\t\t\t#gallery-3 img {\n\t\t\t\tborder: 2px solid #cfcfcf;\n\t\t\t}\n\t\t\t#gallery-3 .gallery-caption {\n\t\t\t\tmargin-left: 0;\n\t\t\t}\n\t\t\t\/* see gallery_shortcode() in wp-includes\/media.php *\/\n\t\t<\/style>\n\t\t<div id='gallery-3' class='gallery galleryid-2789 gallery-columns-3 gallery-size-thumbnail'><dl class='gallery-item'>\n\t\t\t<dt class='gallery-icon landscape'>\n\t\t\t\t<a class=\"boxersandswipers\" title=\"Socken \u00fcber Chrysanthemen\" href='https:\/\/atanga.de\/wp-content\/uploads\/2015\/02\/Socken-\u00fcber-Chrysanthemen.jpg'><img decoding=\"async\" width=\"150\" height=\"150\" src=\"https:\/\/atanga.de\/wp-content\/uploads\/2015\/02\/Socken-\u00fcber-Chrysanthemen-150x150.jpg\" class=\"attachment-thumbnail size-thumbnail\" alt=\"\" aria-describedby=\"gallery-3-2795\" \/><\/a>\n\t\t\t<\/dt>\n\t\t\t\t<dd class='wp-caption-text gallery-caption' id='gallery-3-2795'>\n\t\t\t\tSocken \u00fcber Chrysanthemen\n\t\t\t\t<\/dd><\/dl><dl class='gallery-item'>\n\t\t\t<dt class='gallery-icon portrait'>\n\t\t\t\t<a class=\"boxersandswipers\" title=\"Sag&#8217;s mit Blumen\" href='https:\/\/atanga.de\/wp-content\/uploads\/2015\/02\/Blumenstrauss-2.jpg'><img decoding=\"async\" width=\"150\" height=\"150\" src=\"https:\/\/atanga.de\/wp-content\/uploads\/2015\/02\/Blumenstrauss-2-150x150.jpg\" class=\"attachment-thumbnail size-thumbnail\" alt=\"\" aria-describedby=\"gallery-3-2792\" \/><\/a>\n\t\t\t<\/dt>\n\t\t\t\t<dd class='wp-caption-text gallery-caption' id='gallery-3-2792'>\n\t\t\t\tSag&#8217;s mit Blumen\n\t\t\t\t<\/dd><\/dl><dl class='gallery-item'>\n\t\t\t<dt class='gallery-icon portrait'>\n\t\t\t\t<a class=\"boxersandswipers\" title=\"\" href='https:\/\/atanga.de\/wp-content\/uploads\/2015\/02\/Blumenstrauss-3.jpg'><img decoding=\"async\" width=\"150\" height=\"150\" src=\"https:\/\/atanga.de\/wp-content\/uploads\/2015\/02\/Blumenstrauss-3-150x150.jpg\" class=\"attachment-thumbnail size-thumbnail\" alt=\"\" \/><\/a>\n\t\t\t<\/dt><\/dl><br style=\"clear: both\" \/>\n\t\t<\/div>\n\n<\/div>\n<div><\/div>\n<div class=\"pld-like-dislike-wrap pld-template-1\">\r\n    <div class=\"pld-like-wrap  pld-common-wrap\">\r\n    <a href=\"javascript:void(0)\" class=\"pld-like-trigger pld-like-dislike-trigger  \" title=\"gef\u00e4llt mir\" data-post-id=\"2789\" data-trigger-type=\"like\" data-restriction=\"cookie\" data-already-liked=\"0\">\r\n                        <i class=\"fas fa-thumbs-up\"><\/i>\r\n                <\/a>\r\n    <span class=\"pld-like-count-wrap pld-count-wrap\">    <\/span>\r\n<\/div><div class=\"pld-dislike-wrap  pld-common-wrap\">\r\n    <a href=\"javascript:void(0)\" class=\"pld-dislike-trigger pld-like-dislike-trigger  \" title=\"doof\" data-post-id=\"2789\" data-trigger-type=\"dislike\" data-restriction=\"cookie\" data-already-liked=\"0\">\r\n                        <i class=\"fas fa-thumbs-down\"><\/i>\r\n                <\/a>\r\n    <span class=\"pld-dislike-count-wrap pld-count-wrap\"><\/span>\r\n<\/div><\/div>","protected":false},"excerpt":{"rendered":"<p>Sa., 31.01.15, Gran Canaria, Tag 245, 2.421 sm von HH Bis Mittwoch war das Wetter mit heiter bis wolkig noch ganz anst\u00e4ndig hier und ich konnte in der Sonne im Cockpit liegend meinen Zahn schonen und genesen. Am\u00a0Donnerstag war dann das Schlimmste \u00fcberstanden, feste Nahrung wieder Normalit\u00e4t. Im Internet\u00a0schauen wir noch mal nach Kinovorstellungen von [&hellip;]<\/p>\n","protected":false},"author":4,"featured_media":0,"comment_status":"open","ping_status":"closed","sticky":false,"template":"","format":"standard","meta":{"footnotes":""},"categories":[41,36,26],"tags":[],"class_list":["post-2789","post","type-post","status-publish","format-standard","hentry","category-gran-canaria","category-landausfluege","category-spanien"],"_links":{"self":[{"href":"https:\/\/atanga.de\/index.php?rest_route=\/wp\/v2\/posts\/2789","targetHints":{"allow":["GET"]}}],"collection":[{"href":"https:\/\/atanga.de\/index.php?rest_route=\/wp\/v2\/posts"}],"about":[{"href":"https:\/\/atanga.de\/index.php?rest_route=\/wp\/v2\/types\/post"}],"author":[{"embeddable":true,"href":"https:\/\/atanga.de\/index.php?rest_route=\/wp\/v2\/users\/4"}],"replies":[{"embeddable":true,"href":"https:\/\/atanga.de\/index.php?rest_route=%2Fwp%2Fv2%2Fcomments&post=2789"}],"version-history":[{"count":2,"href":"https:\/\/atanga.de\/index.php?rest_route=\/wp\/v2\/posts\/2789\/revisions"}],"predecessor-version":[{"id":2805,"href":"https:\/\/atanga.de\/index.php?rest_route=\/wp\/v2\/posts\/2789\/revisions\/2805"}],"wp:attachment":[{"href":"https:\/\/atanga.de\/index.php?rest_route=%2Fwp%2Fv2%2Fmedia&parent=2789"}],"wp:term":[{"taxonomy":"category","embeddable":true,"href":"https:\/\/atanga.de\/index.php?rest_route=%2Fwp%2Fv2%2Fcategories&post=2789"},{"taxonomy":"post_tag","embeddable":true,"href":"https:\/\/atanga.de\/index.php?rest_route=%2Fwp%2Fv2%2Ftags&post=2789"}],"curies":[{"name":"wp","href":"https:\/\/api.w.org\/{rel}","templated":true}]}}