{"id":2800,"date":"2015-02-04T18:06:45","date_gmt":"2015-02-04T18:06:45","guid":{"rendered":"http:\/\/atanga.de\/?p=2800"},"modified":"2015-03-03T20:52:31","modified_gmt":"2015-03-03T20:52:31","slug":"tausend-und-eine-nacht","status":"publish","type":"post","link":"https:\/\/atanga.de\/?p=2800","title":{"rendered":"Tausend und eine Nacht"},"content":{"rendered":"<p><em>So., 01.Feb.15, Gran Canaria, Tag 246, 2.421 sm von HH<\/em><\/p>\n<p>Seit gestern ist offiziell der Karneval 2015 in Las Palmas gestartet und es steht drei Wochen lang eigentlich jeden Tag eine Veranstaltung auf dem Programm. Das Motto des diesj\u00e4hrigen Karnevals lautet 1001 Nacht \u2013 Las mil y una noches.<\/p>\n<p>Die meisten Veranstaltungen finden auf einer B\u00fchne im Parque Catalina statt, ungef\u00e4hr 15 Laufminuten von der Marina entfernt. Dem Motto entsprechend wurde eine \u201aorientalische\u2018 Szenerie aus Pappmaschee aufgebaut. Das Ganze ist aufwendig ausgeleuchtet und mindestens sechs Kameras \u00fcbertragen das Geschehen auf eine gro\u00dfe Leinwand, die in das B\u00fchnenbild eingebaut wurde. Es gibt zwei Trib\u00fcnen f\u00fcr die man Karten f\u00fcr die gro\u00dfen Veranstaltungen kaufen kann. Bei den kleineren Wettbewerben ist der Eintritt frei.<\/p>\n<p>Unser erster Besuch gilt dem Wettbewerb der Kinder Comparsas. Bei Comparsas handelt es sich um verkleidete Stra\u00dfen-Tanzgruppen, die bei den gro\u00dfen Umz\u00fcgen die Wagen begleiten.Jedoch gibt es vorher Wettbewerbe, um die besten Tanzgruppe zu ermitteln.<\/p>\n<p>Die Veranstaltung ist gut besucht und es wird auch viel gejubelt, geklascht und angefeuert. Aber wir haben den Eindruck, dass die Begeisterung subjektiv gef\u00e4rbt ist, da das Publikum zum gr\u00f6\u00dften Teil aus Eltern und anderen Angeh\u00f6rigen besteht. <img src=\"https:\/\/atanga.de\/wp-content\/plugins\/classic-smilies\/img\/icon_wink.gif\" alt=\";-)\" class=\"wp-smiley\" style=\"height: 1em; max-height: 1em;\" \/> Die Besucher deren Kinder gerade keinen Auftritt haben,\u00a0schauen zum Teil etwas gelangwelt aus der W\u00e4sche.<br \/>\nWir finden es\u00a0etwas lahm, denn die Musik ist nicht wirklich mitrei\u00dfend. Es klingt ein wenig nach spanischer Folklore mit ein paar lateinamerikanischen Elementen, aber ohne Druck und Dramatik. Die L\u00fctten, \u00fcberwiegend M\u00e4dchen (aber das d\u00fcrfte kaum verwundern) h\u00fcpfen h\u00fcbsch anzusehen \u00fcber die B\u00fchne und es macht Spa\u00df die begeisterten Eltern zu beobachten.<\/p>\n<p>Auch in S\u00fcdeuropa gibt es Menschen, die mit Tradition nichts am Hut haben und sich von derartigen Gro\u00dfveranstaltungen wie dem Karneval bel\u00e4stigt f\u00fchlen. Die sogenannten Mogollones, die Feiern am Rande der gro\u00dfen Umz\u00fcge und Galas, sind gestern abgesagt worden. Die Stadt reagierte damit auf eine einstweilige Verf\u00fcgung, die von den Bewohnern eines Hauses in der N\u00e4he des Parkes Catalina. Bereits aufgebaute Buden bleiben nun geschlossen.<\/p>\n\n\t\t<style type=\"text\/css\">\n\t\t\t#gallery-1 {\n\t\t\t\tmargin: auto;\n\t\t\t}\n\t\t\t#gallery-1 .gallery-item {\n\t\t\t\tfloat: left;\n\t\t\t\tmargin-top: 10px;\n\t\t\t\ttext-align: center;\n\t\t\t\twidth: 33%;\n\t\t\t}\n\t\t\t#gallery-1 img {\n\t\t\t\tborder: 2px solid #cfcfcf;\n\t\t\t}\n\t\t\t#gallery-1 .gallery-caption {\n\t\t\t\tmargin-left: 0;\n\t\t\t}\n\t\t\t\/* see gallery_shortcode() in wp-includes\/media.php *\/\n\t\t<\/style>\n\t\t<div id='gallery-1' class='gallery galleryid-2800 gallery-columns-3 gallery-size-thumbnail'><dl class='gallery-item'>\n\t\t\t<dt class='gallery-icon landscape'>\n\t\t\t\t<a class=\"boxersandswipers\" title=\"B\u00fchne in pink\" href='https:\/\/atanga.de\/wp-content\/uploads\/2015\/02\/B\u00fchne-3.jpg'><img decoding=\"async\" width=\"150\" height=\"150\" src=\"https:\/\/atanga.de\/wp-content\/uploads\/2015\/02\/B\u00fchne-3-150x150.jpg\" class=\"attachment-thumbnail size-thumbnail\" alt=\"\" aria-describedby=\"gallery-1-2802\" \/><\/a>\n\t\t\t<\/dt>\n\t\t\t\t<dd class='wp-caption-text gallery-caption' id='gallery-1-2802'>\n\t\t\t\tB\u00fchne in pink\n\t\t\t\t<\/dd><\/dl><dl class='gallery-item'>\n\t\t\t<dt class='gallery-icon landscape'>\n\t\t\t\t<a class=\"boxersandswipers\" title=\"Zuschauer\" href='https:\/\/atanga.de\/wp-content\/uploads\/2015\/02\/Zuschauer.jpg'><img decoding=\"async\" width=\"150\" height=\"150\" src=\"https:\/\/atanga.de\/wp-content\/uploads\/2015\/02\/Zuschauer-150x150.jpg\" class=\"attachment-thumbnail size-thumbnail\" alt=\"\" aria-describedby=\"gallery-1-2803\" \/><\/a>\n\t\t\t<\/dt>\n\t\t\t\t<dd class='wp-caption-text gallery-caption' id='gallery-1-2803'>\n\t\t\t\tZuschauer\n\t\t\t\t<\/dd><\/dl><dl class='gallery-item'>\n\t\t\t<dt class='gallery-icon landscape'>\n\t\t\t\t<a class=\"boxersandswipers\" title=\"B\u00fchne in mitternachtsblau\" href='https:\/\/atanga.de\/wp-content\/uploads\/2015\/02\/B\u00fchne-2.jpg'><img decoding=\"async\" width=\"150\" height=\"150\" src=\"https:\/\/atanga.de\/wp-content\/uploads\/2015\/02\/B\u00fchne-2-150x150.jpg\" class=\"attachment-thumbnail size-thumbnail\" alt=\"\" aria-describedby=\"gallery-1-2801\" \/><\/a>\n\t\t\t<\/dt>\n\t\t\t\t<dd class='wp-caption-text gallery-caption' id='gallery-1-2801'>\n\t\t\t\tB\u00fchne in mitternachtsblau\n\t\t\t\t<\/dd><\/dl><br style=\"clear: both\" \/>\n\t\t<\/div>\n\n<p>&nbsp;<\/p>\n<div class=\"pld-like-dislike-wrap pld-template-1\">\r\n    <div class=\"pld-like-wrap  pld-common-wrap\">\r\n    <a href=\"javascript:void(0)\" class=\"pld-like-trigger pld-like-dislike-trigger  \" title=\"gef\u00e4llt mir\" data-post-id=\"2800\" data-trigger-type=\"like\" data-restriction=\"cookie\" data-already-liked=\"0\">\r\n                        <i class=\"fas fa-thumbs-up\"><\/i>\r\n                <\/a>\r\n    <span class=\"pld-like-count-wrap pld-count-wrap\">    <\/span>\r\n<\/div><div class=\"pld-dislike-wrap  pld-common-wrap\">\r\n    <a href=\"javascript:void(0)\" class=\"pld-dislike-trigger pld-like-dislike-trigger  \" title=\"doof\" data-post-id=\"2800\" data-trigger-type=\"dislike\" data-restriction=\"cookie\" data-already-liked=\"0\">\r\n                        <i class=\"fas fa-thumbs-down\"><\/i>\r\n                <\/a>\r\n    <span class=\"pld-dislike-count-wrap pld-count-wrap\"><\/span>\r\n<\/div><\/div>","protected":false},"excerpt":{"rendered":"<p>So., 01.Feb.15, Gran Canaria, Tag 246, 2.421 sm von HH Seit gestern ist offiziell der Karneval 2015 in Las Palmas gestartet und es steht drei Wochen lang eigentlich jeden Tag eine Veranstaltung auf dem Programm. Das Motto des diesj\u00e4hrigen Karnevals lautet 1001 Nacht \u2013 Las mil y una noches. Die meisten Veranstaltungen finden auf einer [&hellip;]<\/p>\n","protected":false},"author":4,"featured_media":0,"comment_status":"open","ping_status":"closed","sticky":false,"template":"","format":"standard","meta":{"footnotes":""},"categories":[41,36,26],"tags":[],"class_list":["post-2800","post","type-post","status-publish","format-standard","hentry","category-gran-canaria","category-landausfluege","category-spanien"],"_links":{"self":[{"href":"https:\/\/atanga.de\/index.php?rest_route=\/wp\/v2\/posts\/2800","targetHints":{"allow":["GET"]}}],"collection":[{"href":"https:\/\/atanga.de\/index.php?rest_route=\/wp\/v2\/posts"}],"about":[{"href":"https:\/\/atanga.de\/index.php?rest_route=\/wp\/v2\/types\/post"}],"author":[{"embeddable":true,"href":"https:\/\/atanga.de\/index.php?rest_route=\/wp\/v2\/users\/4"}],"replies":[{"embeddable":true,"href":"https:\/\/atanga.de\/index.php?rest_route=%2Fwp%2Fv2%2Fcomments&post=2800"}],"version-history":[{"count":3,"href":"https:\/\/atanga.de\/index.php?rest_route=\/wp\/v2\/posts\/2800\/revisions"}],"predecessor-version":[{"id":2807,"href":"https:\/\/atanga.de\/index.php?rest_route=\/wp\/v2\/posts\/2800\/revisions\/2807"}],"wp:attachment":[{"href":"https:\/\/atanga.de\/index.php?rest_route=%2Fwp%2Fv2%2Fmedia&parent=2800"}],"wp:term":[{"taxonomy":"category","embeddable":true,"href":"https:\/\/atanga.de\/index.php?rest_route=%2Fwp%2Fv2%2Fcategories&post=2800"},{"taxonomy":"post_tag","embeddable":true,"href":"https:\/\/atanga.de\/index.php?rest_route=%2Fwp%2Fv2%2Ftags&post=2800"}],"curies":[{"name":"wp","href":"https:\/\/api.w.org\/{rel}","templated":true}]}}