{"id":2823,"date":"2015-02-06T18:36:41","date_gmt":"2015-02-06T18:36:41","guid":{"rendered":"http:\/\/atanga.de\/?p=2823"},"modified":"2015-03-03T20:52:00","modified_gmt":"2015-03-03T20:52:00","slug":"murgas","status":"publish","type":"post","link":"https:\/\/atanga.de\/?p=2823","title":{"rendered":"Murgas"},"content":{"rendered":"<p><em>Mi., 04.Feb.15, Gran Canaria, Tag 249, 2.421 sm von HH<\/em><\/p>\n<p>Der Wettbewerb der Murgas findet an insgesamt drei Abenden statt, um dann\u00a0am kommenden Samstag\u00a0in der Finalrunde zu gipfeln.<br \/>\nDie H\u00e4ufigkeit der Wettbewerbsrunden deutet schon eine gro\u00dfe Beliebtheit an und dementsprechend voll ist heute der Parque Catalina.<br \/>\nBei den Murgas &#8222;schlechten Musikkapellen&#8220; handelt es sich um Gesangsgruppen, die in grellbunten, lustigen Clown-Kost\u00fcmen unter der Zuhilfenahme von Tr\u00f6ten lautstark Karnevalslieder zum Besten geben.<\/p>\n<p>\n\t\t<style type=\"text\/css\">\n\t\t\t#gallery-1 {\n\t\t\t\tmargin: auto;\n\t\t\t}\n\t\t\t#gallery-1 .gallery-item {\n\t\t\t\tfloat: left;\n\t\t\t\tmargin-top: 10px;\n\t\t\t\ttext-align: center;\n\t\t\t\twidth: 33%;\n\t\t\t}\n\t\t\t#gallery-1 img {\n\t\t\t\tborder: 2px solid #cfcfcf;\n\t\t\t}\n\t\t\t#gallery-1 .gallery-caption {\n\t\t\t\tmargin-left: 0;\n\t\t\t}\n\t\t\t\/* see gallery_shortcode() in wp-includes\/media.php *\/\n\t\t<\/style>\n\t\t<div id='gallery-1' class='gallery galleryid-2823 gallery-columns-3 gallery-size-thumbnail'><dl class='gallery-item'>\n\t\t\t<dt class='gallery-icon landscape'>\n\t\t\t\t<a class=\"boxersandswipers\" title=\"Murgas\" href='https:\/\/atanga.de\/wp-content\/uploads\/2015\/02\/Murgas.jpg'><img decoding=\"async\" width=\"150\" height=\"150\" src=\"https:\/\/atanga.de\/wp-content\/uploads\/2015\/02\/Murgas-150x150.jpg\" class=\"attachment-thumbnail size-thumbnail\" alt=\"\" aria-describedby=\"gallery-1-2826\" \/><\/a>\n\t\t\t<\/dt>\n\t\t\t\t<dd class='wp-caption-text gallery-caption' id='gallery-1-2826'>\n\t\t\t\tMurgas\n\t\t\t\t<\/dd><\/dl><dl class='gallery-item'>\n\t\t\t<dt class='gallery-icon landscape'>\n\t\t\t\t<a class=\"boxersandswipers\" title=\"Hinter den Kulissen&#8230;\" href='https:\/\/atanga.de\/wp-content\/uploads\/2015\/02\/Hinter-den-Kulissen.jpg'><img decoding=\"async\" width=\"150\" height=\"150\" src=\"https:\/\/atanga.de\/wp-content\/uploads\/2015\/02\/Hinter-den-Kulissen-150x150.jpg\" class=\"attachment-thumbnail size-thumbnail\" alt=\"\" aria-describedby=\"gallery-1-2825\" \/><\/a>\n\t\t\t<\/dt>\n\t\t\t\t<dd class='wp-caption-text gallery-caption' id='gallery-1-2825'>\n\t\t\t\tHinter den Kulissen&#8230;\n\t\t\t\t<\/dd><\/dl><dl class='gallery-item'>\n\t\t\t<dt class='gallery-icon landscape'>\n\t\t\t\t<a class=\"boxersandswipers\" title=\"&#8230;warten schon die N\u00e4chsten\" href='https:\/\/atanga.de\/wp-content\/uploads\/2015\/02\/Hinter-den-Kulissen-2.jpg'><img decoding=\"async\" width=\"150\" height=\"150\" src=\"https:\/\/atanga.de\/wp-content\/uploads\/2015\/02\/Hinter-den-Kulissen-2-150x150.jpg\" class=\"attachment-thumbnail size-thumbnail\" alt=\"\" aria-describedby=\"gallery-1-2828\" \/><\/a>\n\t\t\t<\/dt>\n\t\t\t\t<dd class='wp-caption-text gallery-caption' id='gallery-1-2828'>\n\t\t\t\t&#8230;warten schon die N\u00e4chsten\n\t\t\t\t<\/dd><\/dl><br style=\"clear: both\" \/>\n\t\t<\/div>\n<br \/>\nDie einzelnen Gruppen sind bis 50 Mann (es sind in der Tat nur wenige Frauen darunter) stark und haben 30 Minuten Zeit das Publikum bzw. die Jury (wir wissen es nicht) zu \u00fcberzeugen.<br \/>\nEs werden zu Beginn bekannte Karnevals-Gassenhauer gesungen, um im Anschluss, auf musikalische Weise, Kritik an politischen und sozialen Themen zu \u00fcben.<br \/>\nDie Murgas gibt es seit 1917, allerdings sind sie auf Teneriffa von der Besatzung eines Kanonenbootes \u00a0gegr\u00fcndet worden.<\/p>\n<p>Wir als Nordlichter und sowieso absolut nicht Karnevals erprobt, k\u00f6nnen mit der Darbietung nicht recht was anfangen, und dass wir den Text nicht verstehen hilft ebenso wenig, um Begeisterung bei uns hervor zu rufen.<br \/>\nWie auch immer, f\u00fcr uns ist es ja auch nicht gemacht und das spanische Publikum steht auf den St\u00fchlen, schwenkt Luftballons und ist begeistert.<\/p>\n<p>\n\t\t<style type=\"text\/css\">\n\t\t\t#gallery-2 {\n\t\t\t\tmargin: auto;\n\t\t\t}\n\t\t\t#gallery-2 .gallery-item {\n\t\t\t\tfloat: left;\n\t\t\t\tmargin-top: 10px;\n\t\t\t\ttext-align: center;\n\t\t\t\twidth: 33%;\n\t\t\t}\n\t\t\t#gallery-2 img {\n\t\t\t\tborder: 2px solid #cfcfcf;\n\t\t\t}\n\t\t\t#gallery-2 .gallery-caption {\n\t\t\t\tmargin-left: 0;\n\t\t\t}\n\t\t\t\/* see gallery_shortcode() in wp-includes\/media.php *\/\n\t\t<\/style>\n\t\t<div id='gallery-2' class='gallery galleryid-2823 gallery-columns-3 gallery-size-thumbnail'><dl class='gallery-item'>\n\t\t\t<dt class='gallery-icon landscape'>\n\t\t\t\t<a class=\"boxersandswipers\" title=\"Zuschauer sind begeistert\" href='https:\/\/atanga.de\/wp-content\/uploads\/2015\/02\/Zuschauer1.jpg'><img decoding=\"async\" width=\"150\" height=\"150\" src=\"https:\/\/atanga.de\/wp-content\/uploads\/2015\/02\/Zuschauer1-150x150.jpg\" class=\"attachment-thumbnail size-thumbnail\" alt=\"\" aria-describedby=\"gallery-2-2827\" \/><\/a>\n\t\t\t<\/dt>\n\t\t\t\t<dd class='wp-caption-text gallery-caption' id='gallery-2-2827'>\n\t\t\t\tZuschauer sind begeistert\n\t\t\t\t<\/dd><\/dl>\n\t\t\t<br style='clear: both' \/>\n\t\t<\/div>\n<br \/>\nHeute entdecken wir auch, dass die vielen Kameras nicht nur die Leinwand vor Ort bedienen, sondern dass die Auftritte auf Canaria TV live \u00fcbertragen werden.<br \/>\nEs besteht somit insel\u00fcbergreifend Interesse an 1001 Nacht.<\/p>\n<p>Auf dem Nachhauseweg treffen wir dann unmittelbar vor dem Eingang zu unserem Steg auf den ersten Cucaracha unserer Reise. Wie sch\u00f6n, dass wir keine Gangway haben, aber gab es da nicht die Geschichte, dass die Biester \u00fcber die Tampen an Bord klettern? <img src=\"https:\/\/atanga.de\/wp-content\/plugins\/classic-smilies\/img\/icon_eek.gif\" alt=\":shock:\" class=\"wp-smiley\" style=\"height: 1em; max-height: 1em;\" \/><br \/>\nWir m\u00fcssen da wohl was unternehmen&#8230;<\/p>\n\n\t\t<style type=\"text\/css\">\n\t\t\t#gallery-3 {\n\t\t\t\tmargin: auto;\n\t\t\t}\n\t\t\t#gallery-3 .gallery-item {\n\t\t\t\tfloat: left;\n\t\t\t\tmargin-top: 10px;\n\t\t\t\ttext-align: center;\n\t\t\t\twidth: 33%;\n\t\t\t}\n\t\t\t#gallery-3 img {\n\t\t\t\tborder: 2px solid #cfcfcf;\n\t\t\t}\n\t\t\t#gallery-3 .gallery-caption {\n\t\t\t\tmargin-left: 0;\n\t\t\t}\n\t\t\t\/* see gallery_shortcode() in wp-includes\/media.php *\/\n\t\t<\/style>\n\t\t<div id='gallery-3' class='gallery galleryid-2823 gallery-columns-3 gallery-size-thumbnail'><dl class='gallery-item'>\n\t\t\t<dt class='gallery-icon landscape'>\n\t\t\t\t<a class=\"boxersandswipers\" title=\"Cucaracha\" href='https:\/\/atanga.de\/wp-content\/uploads\/2015\/02\/Cucaracha.jpg'><img decoding=\"async\" width=\"150\" height=\"150\" src=\"https:\/\/atanga.de\/wp-content\/uploads\/2015\/02\/Cucaracha-150x150.jpg\" class=\"attachment-thumbnail size-thumbnail\" alt=\"\" aria-describedby=\"gallery-3-2824\" \/><\/a>\n\t\t\t<\/dt>\n\t\t\t\t<dd class='wp-caption-text gallery-caption' id='gallery-3-2824'>\n\t\t\t\tCucaracha\n\t\t\t\t<\/dd><\/dl>\n\t\t\t<br style='clear: both' \/>\n\t\t<\/div>\n\n<p>Unser Tag war aber auch gesch\u00e4ftig, denn am Vormittag treffen wir das zweite Mal auf Freunde von Gert und Ulla.<br \/>\nDie beiden \u00e4lteren Herrschaften, Ina und Jonny, machen Urlaub hier und wollten sich das &#8218;ber\u00fchmte&#8216; Schiff mal von Nahen betrachten. Leider ist es ihnen auf Grund unserer schwierigen Einstiegs-Situation nicht m\u00f6glich an Bord zu kommen. Somit bleibt es bei einer Betrachtung von au\u00dfen und einem netten Schw\u00e4tzchen am Steg.<\/p>\n<p>Die\u00a0zwei geben sich quasi die Klinke mit Carsten von der Namastee in die Hand. Wir hatten uns das erste Mal in Portugal getroffen und Carsten wei\u00df Achim zu berichten, dass und vor allem wo es in Las Palmas die von beiden so begehrte Kupferfolie (Amateurfunk-Bedarf) zu kaufen gibt.<\/p>\n<p>Carsten bietet an mit Achim dort hin zu radeln, wenn ich ihm mein Fahrrad leihe&#8230;drei Stunden sp\u00e4ter ist die Crew der Atanga stolzer Besitzer von 4 qm Kupferfolie in der St\u00e4rke 0,2 mm und die Bordkasse ist um 100 EUR schm\u00e4ler.<br \/>\nGuter Preis, guuuter Preis, wie einhellig von Carsten und Achim getr\u00e4llert wird.<\/p>\n<p><strong><\/strong><\/p>\n<div class=\"pld-like-dislike-wrap pld-template-1\">\r\n    <div class=\"pld-like-wrap  pld-common-wrap\">\r\n    <a href=\"javascript:void(0)\" class=\"pld-like-trigger pld-like-dislike-trigger  \" title=\"gef\u00e4llt mir\" data-post-id=\"2823\" data-trigger-type=\"like\" data-restriction=\"cookie\" data-already-liked=\"0\">\r\n                        <i class=\"fas fa-thumbs-up\"><\/i>\r\n                <\/a>\r\n    <span class=\"pld-like-count-wrap pld-count-wrap\">    <\/span>\r\n<\/div><div class=\"pld-dislike-wrap  pld-common-wrap\">\r\n    <a href=\"javascript:void(0)\" class=\"pld-dislike-trigger pld-like-dislike-trigger  \" title=\"doof\" data-post-id=\"2823\" data-trigger-type=\"dislike\" data-restriction=\"cookie\" data-already-liked=\"0\">\r\n                        <i class=\"fas fa-thumbs-down\"><\/i>\r\n                <\/a>\r\n    <span class=\"pld-dislike-count-wrap pld-count-wrap\"><\/span>\r\n<\/div><\/div>","protected":false},"excerpt":{"rendered":"<p>Mi., 04.Feb.15, Gran Canaria, Tag 249, 2.421 sm von HH Der Wettbewerb der Murgas findet an insgesamt drei Abenden statt, um dann\u00a0am kommenden Samstag\u00a0in der Finalrunde zu gipfeln. Die H\u00e4ufigkeit der Wettbewerbsrunden deutet schon eine gro\u00dfe Beliebtheit an und dementsprechend voll ist heute der Parque Catalina. Bei den Murgas &#8222;schlechten Musikkapellen&#8220; handelt es sich um [&hellip;]<\/p>\n","protected":false},"author":4,"featured_media":0,"comment_status":"open","ping_status":"closed","sticky":false,"template":"","format":"standard","meta":{"footnotes":""},"categories":[41,36,26],"tags":[],"class_list":["post-2823","post","type-post","status-publish","format-standard","hentry","category-gran-canaria","category-landausfluege","category-spanien"],"_links":{"self":[{"href":"https:\/\/atanga.de\/index.php?rest_route=\/wp\/v2\/posts\/2823","targetHints":{"allow":["GET"]}}],"collection":[{"href":"https:\/\/atanga.de\/index.php?rest_route=\/wp\/v2\/posts"}],"about":[{"href":"https:\/\/atanga.de\/index.php?rest_route=\/wp\/v2\/types\/post"}],"author":[{"embeddable":true,"href":"https:\/\/atanga.de\/index.php?rest_route=\/wp\/v2\/users\/4"}],"replies":[{"embeddable":true,"href":"https:\/\/atanga.de\/index.php?rest_route=%2Fwp%2Fv2%2Fcomments&post=2823"}],"version-history":[{"count":1,"href":"https:\/\/atanga.de\/index.php?rest_route=\/wp\/v2\/posts\/2823\/revisions"}],"predecessor-version":[{"id":2829,"href":"https:\/\/atanga.de\/index.php?rest_route=\/wp\/v2\/posts\/2823\/revisions\/2829"}],"wp:attachment":[{"href":"https:\/\/atanga.de\/index.php?rest_route=%2Fwp%2Fv2%2Fmedia&parent=2823"}],"wp:term":[{"taxonomy":"category","embeddable":true,"href":"https:\/\/atanga.de\/index.php?rest_route=%2Fwp%2Fv2%2Fcategories&post=2823"},{"taxonomy":"post_tag","embeddable":true,"href":"https:\/\/atanga.de\/index.php?rest_route=%2Fwp%2Fv2%2Ftags&post=2823"}],"curies":[{"name":"wp","href":"https:\/\/api.w.org\/{rel}","templated":true}]}}