{"id":3112,"date":"2015-03-06T18:07:09","date_gmt":"2015-03-06T18:07:09","guid":{"rendered":"http:\/\/atanga.de\/?p=3112"},"modified":"2015-03-08T21:51:02","modified_gmt":"2015-03-08T21:51:02","slug":"in-der-oberstadt","status":"publish","type":"post","link":"https:\/\/atanga.de\/?p=3112","title":{"rendered":"In der Oberstadt"},"content":{"rendered":"<p><em>Mo., 02.Mrz.15, Gran Canaria, Tag 275, 2.421 sm von HH<\/em><\/p>\n<p>Der neue Kompressor hatte zun\u00e4chst Platz im Vorschiff gefunden. Da er dort mit seinen \u00fcber 40 kg aber f\u00fcr die Balance von Atanga ungl\u00fccklich steht und schwierig rutschfest gesichert werden kann, hat Achim einen besseren Platz gesucht und gefunden. Er passt so gerade eben unter seine Koje.<br \/>\nDas bis dato dort lagernde Werkzeug, Ersatzteile und wei\u00df der Henker, was noch alles, m\u00fcssen dann aber umger\u00e4umt werden.<br \/>\nDas bedeutet, dass man keinen Fu\u00df vor den anderen setzten kann und zwei an Bord einer zu viel ist.<br \/>\nIch fl\u00fcchte!<\/p>\n<p>Im Internet hatte ich ein Wollgesch\u00e4ft gefunden und dem statte ich einen Besuch ab.<br \/>\nWie fast alle St\u00e4dte am Meer hat auch Las Palmas hinter einem flachen, ebenerdigen K\u00fcstenstreifen, H\u00fcgel und Berge im Hinterland. Ich w\u00fcnschte mir manchmal, Ostfriesland w\u00e4re \u00fcberall&#8230;<br \/>\nDer H\u00fcgel, der sich zwischen mich und das Gesch\u00e4ft in den Weg stellt, ist selbst beim Schieben des Rades einfach nur anstrengend.<br \/>\nAnders als in den Stadtteilen auf Meeresniveau, ist die Oberstadt nicht schachbrettartig angelegt, sondern die Stra\u00dfen folgen der Topografie der H\u00fcgel.<\/p>\n\n\t\t<style type=\"text\/css\">\n\t\t\t#gallery-1 {\n\t\t\t\tmargin: auto;\n\t\t\t}\n\t\t\t#gallery-1 .gallery-item {\n\t\t\t\tfloat: left;\n\t\t\t\tmargin-top: 10px;\n\t\t\t\ttext-align: center;\n\t\t\t\twidth: 33%;\n\t\t\t}\n\t\t\t#gallery-1 img {\n\t\t\t\tborder: 2px solid #cfcfcf;\n\t\t\t}\n\t\t\t#gallery-1 .gallery-caption {\n\t\t\t\tmargin-left: 0;\n\t\t\t}\n\t\t\t\/* see gallery_shortcode() in wp-includes\/media.php *\/\n\t\t<\/style>\n\t\t<div id='gallery-1' class='gallery galleryid-3112 gallery-columns-3 gallery-size-thumbnail'><dl class='gallery-item'>\n\t\t\t<dt class='gallery-icon landscape'>\n\t\t\t\t<a class=\"boxersandswipers\" title=\"Die Unterstadt Las Palmas\" href='https:\/\/atanga.de\/wp-content\/uploads\/2015\/03\/Blick-auf-Unterstadt.jpg'><img decoding=\"async\" width=\"150\" height=\"150\" src=\"https:\/\/atanga.de\/wp-content\/uploads\/2015\/03\/Blick-auf-Unterstadt-150x150.jpg\" class=\"attachment-thumbnail size-thumbnail\" alt=\"\" aria-describedby=\"gallery-1-3113\" \/><\/a>\n\t\t\t<\/dt>\n\t\t\t\t<dd class='wp-caption-text gallery-caption' id='gallery-1-3113'>\n\t\t\t\tDie Unterstadt Las Palmas\n\t\t\t\t<\/dd><\/dl><dl class='gallery-item'>\n\t\t\t<dt class='gallery-icon landscape'>\n\t\t\t\t<a class=\"boxersandswipers\" title=\"Unterstadt 2\" href='https:\/\/atanga.de\/wp-content\/uploads\/2015\/03\/Unterstadt-2.jpg'><img decoding=\"async\" width=\"150\" height=\"150\" src=\"https:\/\/atanga.de\/wp-content\/uploads\/2015\/03\/Unterstadt-2-150x150.jpg\" class=\"attachment-thumbnail size-thumbnail\" alt=\"\" \/><\/a>\n\t\t\t<\/dt><\/dl>\n\t\t\t<br style='clear: both' \/>\n\t\t<\/div>\n\n<p>&nbsp;<\/p>\n<p>F\u00fcr solche Touren durch die Stadt nutze ich \u00fcbrigens\u00a0<a href=\"http:\/\/maps.me\/\">maps.me<\/a>.<br \/>\nDiese App ist kostenlos, funktioniert auch offline ganz ausgezeichnet und es sind auch Wanderwege bzw. Fu\u00dfwege eingezeichnet. L\u00e4nderweise k\u00f6nnen Karten heruntergeladen werden.<br \/>\nKann ich unbedingt empfehlen.<br \/>\nDa ich nun schon mal in der Hochstadt bin, statte ich noch dem Stadt-Friedhof einen Besuch ab.<br \/>\nDieser ist sehr klein, l\u00e4nger nicht neu bezogen worden und es wird wieder vermehrt in Erdgr\u00e4bern bestattet. Die nahezu schmucklosen, gro\u00dfen Grabplatten haben einen integrierten Schlitz f\u00fcr Blumen, die in Steckmoos frisch gehalten werden.<\/p>\n\n\t\t<style type=\"text\/css\">\n\t\t\t#gallery-2 {\n\t\t\t\tmargin: auto;\n\t\t\t}\n\t\t\t#gallery-2 .gallery-item {\n\t\t\t\tfloat: left;\n\t\t\t\tmargin-top: 10px;\n\t\t\t\ttext-align: center;\n\t\t\t\twidth: 33%;\n\t\t\t}\n\t\t\t#gallery-2 img {\n\t\t\t\tborder: 2px solid #cfcfcf;\n\t\t\t}\n\t\t\t#gallery-2 .gallery-caption {\n\t\t\t\tmargin-left: 0;\n\t\t\t}\n\t\t\t\/* see gallery_shortcode() in wp-includes\/media.php *\/\n\t\t<\/style>\n\t\t<div id='gallery-2' class='gallery galleryid-3112 gallery-columns-3 gallery-size-thumbnail'><dl class='gallery-item'>\n\t\t\t<dt class='gallery-icon portrait'>\n\t\t\t\t<a class=\"boxersandswipers\" title=\"Grab mit schlichter Platte\" href='https:\/\/atanga.de\/wp-content\/uploads\/2015\/03\/Grab-mit-schlichter-Platte.jpg'><img decoding=\"async\" width=\"150\" height=\"150\" src=\"https:\/\/atanga.de\/wp-content\/uploads\/2015\/03\/Grab-mit-schlichter-Platte-150x150.jpg\" class=\"attachment-thumbnail size-thumbnail\" alt=\"\" \/><\/a>\n\t\t\t<\/dt><\/dl>\n\t\t\t<br style='clear: both' \/>\n\t\t<\/div>\n\n<p>Es gibt auch ein paar, ungew\u00f6hnlich hohe, Grabnischen.<br \/>\nDie wackeligen Gestelle davor machen auf mich den Eindruck, dass man sich bei Nutzung gleich eines der Gr\u00e4ber reservieren kann. <img src=\"https:\/\/atanga.de\/wp-content\/plugins\/classic-smilies\/img\/icon_mrgreen.gif\" alt=\":mrgreen:\" class=\"wp-smiley\" style=\"height: 1em; max-height: 1em;\" \/><\/p>\n\n\t\t<style type=\"text\/css\">\n\t\t\t#gallery-3 {\n\t\t\t\tmargin: auto;\n\t\t\t}\n\t\t\t#gallery-3 .gallery-item {\n\t\t\t\tfloat: left;\n\t\t\t\tmargin-top: 10px;\n\t\t\t\ttext-align: center;\n\t\t\t\twidth: 33%;\n\t\t\t}\n\t\t\t#gallery-3 img {\n\t\t\t\tborder: 2px solid #cfcfcf;\n\t\t\t}\n\t\t\t#gallery-3 .gallery-caption {\n\t\t\t\tmargin-left: 0;\n\t\t\t}\n\t\t\t\/* see gallery_shortcode() in wp-includes\/media.php *\/\n\t\t<\/style>\n\t\t<div id='gallery-3' class='gallery galleryid-3112 gallery-columns-3 gallery-size-thumbnail'><dl class='gallery-item'>\n\t\t\t<dt class='gallery-icon portrait'>\n\t\t\t\t<a class=\"boxersandswipers\" title=\"Gestell\" href='https:\/\/atanga.de\/wp-content\/uploads\/2015\/03\/Gestell.jpg'><img decoding=\"async\" width=\"150\" height=\"150\" src=\"https:\/\/atanga.de\/wp-content\/uploads\/2015\/03\/Gestell-150x150.jpg\" class=\"attachment-thumbnail size-thumbnail\" alt=\"\" \/><\/a>\n\t\t\t<\/dt><\/dl>\n\t\t\t<br style='clear: both' \/>\n\t\t<\/div>\n\n<p>&nbsp;<\/p>\n<p>&nbsp;<\/p>\n<div class=\"pld-like-dislike-wrap pld-template-1\">\r\n    <div class=\"pld-like-wrap  pld-common-wrap\">\r\n    <a href=\"javascript:void(0)\" class=\"pld-like-trigger pld-like-dislike-trigger  \" title=\"gef\u00e4llt mir\" data-post-id=\"3112\" data-trigger-type=\"like\" data-restriction=\"cookie\" data-already-liked=\"0\">\r\n                        <i class=\"fas fa-thumbs-up\"><\/i>\r\n                <\/a>\r\n    <span class=\"pld-like-count-wrap pld-count-wrap\">1    <\/span>\r\n<\/div><div class=\"pld-dislike-wrap  pld-common-wrap\">\r\n    <a href=\"javascript:void(0)\" class=\"pld-dislike-trigger pld-like-dislike-trigger  \" title=\"doof\" data-post-id=\"3112\" data-trigger-type=\"dislike\" data-restriction=\"cookie\" data-already-liked=\"0\">\r\n                        <i class=\"fas fa-thumbs-down\"><\/i>\r\n                <\/a>\r\n    <span class=\"pld-dislike-count-wrap pld-count-wrap\"><\/span>\r\n<\/div><\/div>","protected":false},"excerpt":{"rendered":"<p>Mo., 02.Mrz.15, Gran Canaria, Tag 275, 2.421 sm von HH Der neue Kompressor hatte zun\u00e4chst Platz im Vorschiff gefunden. Da er dort mit seinen \u00fcber 40 kg aber f\u00fcr die Balance von Atanga ungl\u00fccklich steht und schwierig rutschfest gesichert werden kann, hat Achim einen besseren Platz gesucht und gefunden. Er passt so gerade eben unter [&hellip;]<\/p>\n","protected":false},"author":4,"featured_media":0,"comment_status":"open","ping_status":"closed","sticky":false,"template":"","format":"standard","meta":{"footnotes":""},"categories":[41,36,26],"tags":[],"class_list":["post-3112","post","type-post","status-publish","format-standard","hentry","category-gran-canaria","category-landausfluege","category-spanien"],"_links":{"self":[{"href":"https:\/\/atanga.de\/index.php?rest_route=\/wp\/v2\/posts\/3112","targetHints":{"allow":["GET"]}}],"collection":[{"href":"https:\/\/atanga.de\/index.php?rest_route=\/wp\/v2\/posts"}],"about":[{"href":"https:\/\/atanga.de\/index.php?rest_route=\/wp\/v2\/types\/post"}],"author":[{"embeddable":true,"href":"https:\/\/atanga.de\/index.php?rest_route=\/wp\/v2\/users\/4"}],"replies":[{"embeddable":true,"href":"https:\/\/atanga.de\/index.php?rest_route=%2Fwp%2Fv2%2Fcomments&post=3112"}],"version-history":[{"count":2,"href":"https:\/\/atanga.de\/index.php?rest_route=\/wp\/v2\/posts\/3112\/revisions"}],"predecessor-version":[{"id":3129,"href":"https:\/\/atanga.de\/index.php?rest_route=\/wp\/v2\/posts\/3112\/revisions\/3129"}],"wp:attachment":[{"href":"https:\/\/atanga.de\/index.php?rest_route=%2Fwp%2Fv2%2Fmedia&parent=3112"}],"wp:term":[{"taxonomy":"category","embeddable":true,"href":"https:\/\/atanga.de\/index.php?rest_route=%2Fwp%2Fv2%2Fcategories&post=3112"},{"taxonomy":"post_tag","embeddable":true,"href":"https:\/\/atanga.de\/index.php?rest_route=%2Fwp%2Fv2%2Ftags&post=3112"}],"curies":[{"name":"wp","href":"https:\/\/api.w.org\/{rel}","templated":true}]}}