{"id":3130,"date":"2015-03-09T18:57:01","date_gmt":"2015-03-09T18:57:01","guid":{"rendered":"http:\/\/atanga.de\/?p=3130"},"modified":"2015-03-09T18:57:01","modified_gmt":"2015-03-09T18:57:01","slug":"mal-wieder-beim-friseur","status":"publish","type":"post","link":"https:\/\/atanga.de\/?p=3130","title":{"rendered":"Mal wieder beim Friseur"},"content":{"rendered":"<p>Do., 05.Mrz.15, Gran Canaria, Tag 278, 2.421 sm von HH<\/p>\n<p>Sprachlich gut vorbereitet, aber ohne festen Termin, mache ich mich auf den Weg.<br \/>\nEs gibt hier in Las Palmas unglaublich viele Friseure und viele der Salons befinden sich in Chinesischer Hand.<br \/>\nIch habe mir ganz bewusst \u00fcberlegt lieber einen spanischen Friseur zu w\u00e4hlen.<br \/>\nZum einen war uns in den China-L\u00e4den aufgefallen, dass die Chinesen kaum Englisch und Spanisch nur mit einem unverst\u00e4ndlichen Akzent sprechen.<br \/>\nZum anderen habe ich den (unbest\u00e4tigten) Eindruck, dass die ganzen Billig-China-Shops der lokalen Wirtschaft nicht gut tun und ich mag diese L\u00e4den nicht.\u00a0Es stinkt schon auf der Stra\u00dfe nach Plaste und im Laden selber kann ich kaum atmen. Und trotz der Abertausend Artikel, finde ich dann doch nichts, was ich brauche.<\/p>\n<p>Ich sp\u00e4he also durch das Schaufenster des Friseurs meiner Wahl, erblicke am Empfangs-Tresen nur Langnasen, schlie\u00df nur kurz mein Fahrrad an und enter den Salon.<br \/>\nAber kaum bin ich drin, steht eine Chinesin hinter dem Tresen.<br \/>\nDa ich ja nun schlecht nur aus diesem Grund den Salon wieder verlassen kann, frage ich sie, ob sie wohl englisch spricht.<br \/>\nLeider nein.<br \/>\nAber die Dame, die bei meiner Auskundschaftung noch dem Tresen zugeh\u00f6rig schien, entpuppt sich als Kundin und kann dolmetschen.<br \/>\nAlles in Butter! Oder doch nicht?<br \/>\nDenn als ich auf meinem Platz sitze, sehe ich im R\u00fcckspiegel, wie sie den Salon verl\u00e4sst.<\/p>\n<p>Neben mir f\u00f6hnt ein junger Chinese in einer ergonomisch unguten Haltung, die an Luftgitarre spielen erinnert, an einer \u00e4lteren Spanierin herum.<br \/>\nIch hole mir ein paar Zeitschriften, aber die meisten sind auf Chinesisch&#8230; wieso hab ich das alles nicht von au\u00dfen gesehen?<\/p>\n<p>Der Gitarrenspieler ist in der Zwischenzeit fertig geworden und kommt zu mir. Wir beide haben keine gemeinsame Sprache, so dass er sich bei der Tresen-Chinesin erkundigt, was ich m\u00f6chte.<br \/>\nIch erinnere mich mit Schrecken, dass fr\u00fcher bei stiller Post Informationen schon an zweiter Stelle verloren waren.<\/p>\n<p>Meine extra ge\u00fcbten spanischen S\u00e4tze und Vokabeln &#8222;bitte nur die Spitzen schneiden; dass Deckhaar m\u00f6chte ich l\u00e4nger haben; ausd\u00fcnnen&#8220; , kann ich mir sprichw\u00f6rtlich in die Haare schmieren.<br \/>\nIch versuche es mit Zeichensprache und Gitarre legt los.<\/p>\n<p>Was dann kommt, ist f\u00fcr die Umst\u00e4nde \u00fcberraschend gut.<br \/>\nDie Farbe f\u00e4llt vielleicht einen Tick zu hell aus, aber der Schnitt ist mehr als okay.<br \/>\nDie Haare bekomme ich im Liegen gewaschen, der wohl bequemsten Art des Waschens, die ich je erlebt habe.<br \/>\nDer ganze China-Spa\u00df kostet (ohne Trinkgeld) nur 23,00 EUR und beinhaltet neben F\u00e4rben und Schneiden sogar eine kurze Kopfmassage.<br \/>\nUnd ich hab jetzt die Haare sch\u00f6n. <img src=\"https:\/\/atanga.de\/wp-content\/plugins\/classic-smilies\/img\/icon_smile.gif\" alt=\":-)\" class=\"wp-smiley\" style=\"height: 1em; max-height: 1em;\" \/><\/p>\n<p><strong>\u00a0<\/strong><\/p>\n<p><strong>\u00a0<\/strong><\/p>\n<p>&nbsp;<\/p>\n<div class=\"pld-like-dislike-wrap pld-template-1\">\r\n    <div class=\"pld-like-wrap  pld-common-wrap\">\r\n    <a href=\"javascript:void(0)\" class=\"pld-like-trigger pld-like-dislike-trigger  \" title=\"gef\u00e4llt mir\" data-post-id=\"3130\" data-trigger-type=\"like\" data-restriction=\"cookie\" data-already-liked=\"0\">\r\n                        <i class=\"fas fa-thumbs-up\"><\/i>\r\n                <\/a>\r\n    <span class=\"pld-like-count-wrap pld-count-wrap\">1    <\/span>\r\n<\/div><div class=\"pld-dislike-wrap  pld-common-wrap\">\r\n    <a href=\"javascript:void(0)\" class=\"pld-dislike-trigger pld-like-dislike-trigger  \" title=\"doof\" data-post-id=\"3130\" data-trigger-type=\"dislike\" data-restriction=\"cookie\" data-already-liked=\"0\">\r\n                        <i class=\"fas fa-thumbs-down\"><\/i>\r\n                <\/a>\r\n    <span class=\"pld-dislike-count-wrap pld-count-wrap\"><\/span>\r\n<\/div><\/div>","protected":false},"excerpt":{"rendered":"<p>Do., 05.Mrz.15, Gran Canaria, Tag 278, 2.421 sm von HH Sprachlich gut vorbereitet, aber ohne festen Termin, mache ich mich auf den Weg. Es gibt hier in Las Palmas unglaublich viele Friseure und viele der Salons befinden sich in Chinesischer Hand. Ich habe mir ganz bewusst \u00fcberlegt lieber einen spanischen Friseur zu w\u00e4hlen. Zum einen [&hellip;]<\/p>\n","protected":false},"author":4,"featured_media":0,"comment_status":"open","ping_status":"closed","sticky":false,"template":"","format":"standard","meta":{"footnotes":""},"categories":[41,26,45],"tags":[],"class_list":["post-3130","post","type-post","status-publish","format-standard","hentry","category-gran-canaria","category-spanien","category-allgemein"],"_links":{"self":[{"href":"https:\/\/atanga.de\/index.php?rest_route=\/wp\/v2\/posts\/3130","targetHints":{"allow":["GET"]}}],"collection":[{"href":"https:\/\/atanga.de\/index.php?rest_route=\/wp\/v2\/posts"}],"about":[{"href":"https:\/\/atanga.de\/index.php?rest_route=\/wp\/v2\/types\/post"}],"author":[{"embeddable":true,"href":"https:\/\/atanga.de\/index.php?rest_route=\/wp\/v2\/users\/4"}],"replies":[{"embeddable":true,"href":"https:\/\/atanga.de\/index.php?rest_route=%2Fwp%2Fv2%2Fcomments&post=3130"}],"version-history":[{"count":1,"href":"https:\/\/atanga.de\/index.php?rest_route=\/wp\/v2\/posts\/3130\/revisions"}],"predecessor-version":[{"id":3131,"href":"https:\/\/atanga.de\/index.php?rest_route=\/wp\/v2\/posts\/3130\/revisions\/3131"}],"wp:attachment":[{"href":"https:\/\/atanga.de\/index.php?rest_route=%2Fwp%2Fv2%2Fmedia&parent=3130"}],"wp:term":[{"taxonomy":"category","embeddable":true,"href":"https:\/\/atanga.de\/index.php?rest_route=%2Fwp%2Fv2%2Fcategories&post=3130"},{"taxonomy":"post_tag","embeddable":true,"href":"https:\/\/atanga.de\/index.php?rest_route=%2Fwp%2Fv2%2Ftags&post=3130"}],"curies":[{"name":"wp","href":"https:\/\/api.w.org\/{rel}","templated":true}]}}