{"id":3160,"date":"2015-03-13T21:10:15","date_gmt":"2015-03-13T21:10:15","guid":{"rendered":"http:\/\/atanga.de\/?p=3160"},"modified":"2015-03-13T21:39:02","modified_gmt":"2015-03-13T21:39:02","slug":"gran-canaria-sued-west-tour","status":"publish","type":"post","link":"https:\/\/atanga.de\/?p=3160","title":{"rendered":"Gran Canaria S\u00fcd-West-Tour"},"content":{"rendered":"<p>Di., 10.Mrz.15, Gran Canaria, Tag 283, 2.421 sm von HH<\/p>\n<p>Das heutige Auto vom Stegnachbarn gemietet, ist sein Sahne-St\u00fcck:\u00a0Ein Rover mit Ledersitzen, Schiebedach, nicht funktionierender AC und das Fenster beim Fahrer klemmt. Und erst 200.000 km auf der Uhr.<br \/>\nIch fahre\u00a0heute, komme gut mit der Kiste klar und kutschier uns auf 200 km\u00a0durch mindestens\u00a02.000 Kurven durch Gran Canaria.<\/p>\n<p>Wir fahren heute nicht allein, sondern nehmen Gabi und Michael \u00a0von der Joya mit.<br \/>\nPetra, die dritte der La\u00a0Joya Crew, muss zu Hause bleiben, da sie einen Spanisch-Kurs absolviert und ja nicht schw\u00e4nzen will.<br \/>\nWir haben die Drei bereits auf Fuerteventura kennen gelernt und schon ein paar sehr nette Abende miteinander verbracht.<\/p>\n<p>\u00dcber den Norden der Insel, mit viel Landwirtschaft, erreichen wir Agaete.<br \/>\nDies ist ein sehr h\u00fcbscher Ort, aber die heutige Attraktion sind definitiv ein halbes Dutzend Leichen am Strand.<br \/>\nZum Gl\u00fcck leben diese Leichen noch, denn es handelt sich um Komparsen f\u00fcr einen Spanischen &#8218;Tatort&#8216;, der gerade gedreht wird.<br \/>\nEin mindestens 100-k\u00f6pfiges Team wuselt umher. Wahnsinn, was f\u00fcr ein Aufwand f\u00fcr den Dreh eines Filmes betrieben wird.<\/p>\n\n\t\t<style type=\"text\/css\">\n\t\t\t#gallery-1 {\n\t\t\t\tmargin: auto;\n\t\t\t}\n\t\t\t#gallery-1 .gallery-item {\n\t\t\t\tfloat: left;\n\t\t\t\tmargin-top: 10px;\n\t\t\t\ttext-align: center;\n\t\t\t\twidth: 33%;\n\t\t\t}\n\t\t\t#gallery-1 img {\n\t\t\t\tborder: 2px solid #cfcfcf;\n\t\t\t}\n\t\t\t#gallery-1 .gallery-caption {\n\t\t\t\tmargin-left: 0;\n\t\t\t}\n\t\t\t\/* see gallery_shortcode() in wp-includes\/media.php *\/\n\t\t<\/style>\n\t\t<div id='gallery-1' class='gallery galleryid-3160 gallery-columns-3 gallery-size-thumbnail'><dl class='gallery-item'>\n\t\t\t<dt class='gallery-icon landscape'>\n\t\t\t\t<a class=\"boxersandswipers\" title=\"Leichen am Strand\" href='https:\/\/atanga.de\/wp-content\/uploads\/2015\/03\/Leichen-am-Strand.jpg'><img decoding=\"async\" width=\"150\" height=\"150\" src=\"https:\/\/atanga.de\/wp-content\/uploads\/2015\/03\/Leichen-am-Strand-150x150.jpg\" class=\"attachment-thumbnail size-thumbnail\" alt=\"\" aria-describedby=\"gallery-1-3167\" \/><\/a>\n\t\t\t<\/dt>\n\t\t\t\t<dd class='wp-caption-text gallery-caption' id='gallery-1-3167'>\n\t\t\t\tLeichen am Strand\n\t\t\t\t<\/dd><\/dl>\n\t\t\t<br style='clear: both' \/>\n\t\t<\/div>\n\n<p>&nbsp;<\/p>\n<p>Unser Weg f\u00fchrt uns weiter an der rauen Westseite mit sensationellen Ausblicken. Leider ist es arg diesig und die Fernsicht nicht so super.<br \/>\nWir kurven durchs Bergland und erreichen Puerto Morgan.<br \/>\nEine wirklich nett angelegte Marina, sehr touristisch. Neben Maspalomas ist die Region um Puerto Morgan eine weitere Hochburg f\u00fcr Urlauber.<br \/>\nUm f\u00fcr ein paar Kaltgetr\u00e4nke und ein Eis, hier Rast zu machen, ist der Ort wirklich sch\u00f6n.<\/p>\n\n\t\t<style type=\"text\/css\">\n\t\t\t#gallery-2 {\n\t\t\t\tmargin: auto;\n\t\t\t}\n\t\t\t#gallery-2 .gallery-item {\n\t\t\t\tfloat: left;\n\t\t\t\tmargin-top: 10px;\n\t\t\t\ttext-align: center;\n\t\t\t\twidth: 33%;\n\t\t\t}\n\t\t\t#gallery-2 img {\n\t\t\t\tborder: 2px solid #cfcfcf;\n\t\t\t}\n\t\t\t#gallery-2 .gallery-caption {\n\t\t\t\tmargin-left: 0;\n\t\t\t}\n\t\t\t\/* see gallery_shortcode() in wp-includes\/media.php *\/\n\t\t<\/style>\n\t\t<div id='gallery-2' class='gallery galleryid-3160 gallery-columns-3 gallery-size-thumbnail'><dl class='gallery-item'>\n\t\t\t<dt class='gallery-icon landscape'>\n\t\t\t\t<a class=\"boxersandswipers\" title=\"Raue Westk\u00fcste\" href='https:\/\/atanga.de\/wp-content\/uploads\/2015\/03\/GC-Berge-3.jpg'><img decoding=\"async\" width=\"150\" height=\"150\" src=\"https:\/\/atanga.de\/wp-content\/uploads\/2015\/03\/GC-Berge-3-150x150.jpg\" class=\"attachment-thumbnail size-thumbnail\" alt=\"\" aria-describedby=\"gallery-2-3164\" \/><\/a>\n\t\t\t<\/dt>\n\t\t\t\t<dd class='wp-caption-text gallery-caption' id='gallery-2-3164'>\n\t\t\t\tRaue Westk\u00fcste\n\t\t\t\t<\/dd><\/dl><dl class='gallery-item'>\n\t\t\t<dt class='gallery-icon landscape'>\n\t\t\t\t<a class=\"boxersandswipers\" title=\"Puerto Morgan\" href='https:\/\/atanga.de\/wp-content\/uploads\/2015\/03\/Puerto-Morgan.jpg'><img decoding=\"async\" width=\"150\" height=\"150\" src=\"https:\/\/atanga.de\/wp-content\/uploads\/2015\/03\/Puerto-Morgan-150x150.jpg\" class=\"attachment-thumbnail size-thumbnail\" alt=\"\" aria-describedby=\"gallery-2-3169\" \/><\/a>\n\t\t\t<\/dt>\n\t\t\t\t<dd class='wp-caption-text gallery-caption' id='gallery-2-3169'>\n\t\t\t\tPuerto Morgan\n\t\t\t\t<\/dd><\/dl>\n\t\t\t<br style='clear: both' \/>\n\t\t<\/div>\n\n<p>&nbsp;<\/p>\n<p>F\u00fcr unseren R\u00fcckweg w\u00e4hlen wir die Serpentinen einmal quer durch die Mitte von Gran Canaria. Diese f\u00fchren durch die Barranco (Schlucht) de Morgan bis zum Pico Nieves. Diese Schlucht ist wohl die sch\u00f6nste auf Gran Canaria und hinter jeder Kurve liegt ein neuer atemberaubender Blick. Kaum vorzustellen, dass nach Regenf\u00e4llen, rei\u00dfende B\u00e4che die Barrancos hinunterst\u00fcrzen.<\/p>\n\n\t\t<style type=\"text\/css\">\n\t\t\t#gallery-3 {\n\t\t\t\tmargin: auto;\n\t\t\t}\n\t\t\t#gallery-3 .gallery-item {\n\t\t\t\tfloat: left;\n\t\t\t\tmargin-top: 10px;\n\t\t\t\ttext-align: center;\n\t\t\t\twidth: 33%;\n\t\t\t}\n\t\t\t#gallery-3 img {\n\t\t\t\tborder: 2px solid #cfcfcf;\n\t\t\t}\n\t\t\t#gallery-3 .gallery-caption {\n\t\t\t\tmargin-left: 0;\n\t\t\t}\n\t\t\t\/* see gallery_shortcode() in wp-includes\/media.php *\/\n\t\t<\/style>\n\t\t<div id='gallery-3' class='gallery galleryid-3160 gallery-columns-3 gallery-size-thumbnail'><dl class='gallery-item'>\n\t\t\t<dt class='gallery-icon landscape'>\n\t\t\t\t<a class=\"boxersandswipers\" title=\"Barranco de Morgan\" href='https:\/\/atanga.de\/wp-content\/uploads\/2015\/03\/GC-Berge.jpg'><img decoding=\"async\" width=\"150\" height=\"150\" src=\"https:\/\/atanga.de\/wp-content\/uploads\/2015\/03\/GC-Berge-150x150.jpg\" class=\"attachment-thumbnail size-thumbnail\" alt=\"\" aria-describedby=\"gallery-3-3162\" \/><\/a>\n\t\t\t<\/dt>\n\t\t\t\t<dd class='wp-caption-text gallery-caption' id='gallery-3-3162'>\n\t\t\t\tBarranco de Morgan\n\t\t\t\t<\/dd><\/dl><dl class='gallery-item'>\n\t\t\t<dt class='gallery-icon landscape'>\n\t\t\t\t<a class=\"boxersandswipers\" title=\"GC Berge 4\" href='https:\/\/atanga.de\/wp-content\/uploads\/2015\/03\/GC-Berge-4.jpg'><img decoding=\"async\" width=\"150\" height=\"150\" src=\"https:\/\/atanga.de\/wp-content\/uploads\/2015\/03\/GC-Berge-4-150x150.jpg\" class=\"attachment-thumbnail size-thumbnail\" alt=\"\" \/><\/a>\n\t\t\t<\/dt><\/dl><dl class='gallery-item'>\n\t\t\t<dt class='gallery-icon landscape'>\n\t\t\t\t<a class=\"boxersandswipers\" title=\"\" href='https:\/\/atanga.de\/wp-content\/uploads\/2015\/03\/GC-Berge-2.jpg'><img decoding=\"async\" width=\"150\" height=\"150\" src=\"https:\/\/atanga.de\/wp-content\/uploads\/2015\/03\/GC-Berge-2-150x150.jpg\" class=\"attachment-thumbnail size-thumbnail\" alt=\"\" \/><\/a>\n\t\t\t<\/dt><\/dl><br style=\"clear: both\" \/>\n\t\t<\/div>\n\n<p>Der erste Besuch von Achim und mir auf dem h\u00f6chsten Berg Gran Canarias war ja durch Wolken etwas sinnbefreit.<br \/>\nAber daf\u00fcr haben wir heute Gl\u00fcck, nur \u00fcber der Meerenge zwischen den Inseln liegt eine dicke Wolkendecke.<br \/>\nEin spektakul\u00e4rer Blick auf Teneriffa mit seinem Teide entsch\u00e4digt f\u00fcr den ersten Besuch.<\/p>\n\n\t\t<style type=\"text\/css\">\n\t\t\t#gallery-4 {\n\t\t\t\tmargin: auto;\n\t\t\t}\n\t\t\t#gallery-4 .gallery-item {\n\t\t\t\tfloat: left;\n\t\t\t\tmargin-top: 10px;\n\t\t\t\ttext-align: center;\n\t\t\t\twidth: 33%;\n\t\t\t}\n\t\t\t#gallery-4 img {\n\t\t\t\tborder: 2px solid #cfcfcf;\n\t\t\t}\n\t\t\t#gallery-4 .gallery-caption {\n\t\t\t\tmargin-left: 0;\n\t\t\t}\n\t\t\t\/* see gallery_shortcode() in wp-includes\/media.php *\/\n\t\t<\/style>\n\t\t<div id='gallery-4' class='gallery galleryid-3160 gallery-columns-3 gallery-size-thumbnail'><dl class='gallery-item'>\n\t\t\t<dt class='gallery-icon landscape'>\n\t\t\t\t<a class=\"boxersandswipers\" title=\"Teneriffa mit Teide\" href='https:\/\/atanga.de\/wp-content\/uploads\/2015\/03\/Teide.jpg'><img decoding=\"async\" width=\"150\" height=\"150\" src=\"https:\/\/atanga.de\/wp-content\/uploads\/2015\/03\/Teide-150x150.jpg\" class=\"attachment-thumbnail size-thumbnail\" alt=\"\" aria-describedby=\"gallery-4-3170\" \/><\/a>\n\t\t\t<\/dt>\n\t\t\t\t<dd class='wp-caption-text gallery-caption' id='gallery-4-3170'>\n\t\t\t\tTeneriffa mit Teide\n\t\t\t\t<\/dd><\/dl>\n\t\t\t<br style='clear: both' \/>\n\t\t<\/div>\n\n<p>&nbsp;<\/p>\n<p>Es ist ein wundersch\u00f6ner Trip mit extrem netter Begleitung (leider ohne Foto). Michael und Gabi erweisen sich als tolle Beifahrer und Reisebegleiter. W\u00e4hrend Achim neben mir schon mal mit bremst, sitzen die beiden hinten total tiefenentspannt. <img src=\"https:\/\/atanga.de\/wp-content\/plugins\/classic-smilies\/img\/icon_smile.gif\" alt=\":-)\" class=\"wp-smiley\" style=\"height: 1em; max-height: 1em;\" \/><\/p>\n<p>Wir k\u00f6nnen das Inselinnere von Gran Canaria uneingeschr\u00e4nkt empfehlen.<br \/>\nAuf den schmalen Stra\u00dfen durch die steilen Berge herrscht wenig Verkehr, so dass man gem\u00fctlich durch die Gegend zockeln kann.<br \/>\nDie Landschaft ist wild und rau, gemildert nur durch die Fr\u00fchlingsbl\u00fcher, die um diese Jahreszeit die Berge bunt malen.<br \/>\nDass Gran Canaria vulkanischen Ursprungs ist, k\u00f6nnen wahrscheinlich nur Menschen mit geologisch geschultem Auge feststellen. F\u00fcr uns Laien hat die Erosion der letzten Jahrtausende zu viel ver\u00e4ndert.<\/p>\n<p>&nbsp;<\/p>\n<div class=\"pld-like-dislike-wrap pld-template-1\">\r\n    <div class=\"pld-like-wrap  pld-common-wrap\">\r\n    <a href=\"javascript:void(0)\" class=\"pld-like-trigger pld-like-dislike-trigger  \" title=\"gef\u00e4llt mir\" data-post-id=\"3160\" data-trigger-type=\"like\" data-restriction=\"cookie\" data-already-liked=\"0\">\r\n                        <i class=\"fas fa-thumbs-up\"><\/i>\r\n                <\/a>\r\n    <span class=\"pld-like-count-wrap pld-count-wrap\">1    <\/span>\r\n<\/div><div class=\"pld-dislike-wrap  pld-common-wrap\">\r\n    <a href=\"javascript:void(0)\" class=\"pld-dislike-trigger pld-like-dislike-trigger  \" title=\"doof\" data-post-id=\"3160\" data-trigger-type=\"dislike\" data-restriction=\"cookie\" data-already-liked=\"0\">\r\n                        <i class=\"fas fa-thumbs-down\"><\/i>\r\n                <\/a>\r\n    <span class=\"pld-dislike-count-wrap pld-count-wrap\"><\/span>\r\n<\/div><\/div>","protected":false},"excerpt":{"rendered":"<p>Di., 10.Mrz.15, Gran Canaria, Tag 283, 2.421 sm von HH Das heutige Auto vom Stegnachbarn gemietet, ist sein Sahne-St\u00fcck:\u00a0Ein Rover mit Ledersitzen, Schiebedach, nicht funktionierender AC und das Fenster beim Fahrer klemmt. Und erst 200.000 km auf der Uhr. Ich fahre\u00a0heute, komme gut mit der Kiste klar und kutschier uns auf 200 km\u00a0durch mindestens\u00a02.000 Kurven [&hellip;]<\/p>\n","protected":false},"author":4,"featured_media":0,"comment_status":"open","ping_status":"closed","sticky":false,"template":"","format":"standard","meta":{"footnotes":""},"categories":[41,36,26],"tags":[],"class_list":["post-3160","post","type-post","status-publish","format-standard","hentry","category-gran-canaria","category-landausfluege","category-spanien"],"_links":{"self":[{"href":"https:\/\/atanga.de\/index.php?rest_route=\/wp\/v2\/posts\/3160","targetHints":{"allow":["GET"]}}],"collection":[{"href":"https:\/\/atanga.de\/index.php?rest_route=\/wp\/v2\/posts"}],"about":[{"href":"https:\/\/atanga.de\/index.php?rest_route=\/wp\/v2\/types\/post"}],"author":[{"embeddable":true,"href":"https:\/\/atanga.de\/index.php?rest_route=\/wp\/v2\/users\/4"}],"replies":[{"embeddable":true,"href":"https:\/\/atanga.de\/index.php?rest_route=%2Fwp%2Fv2%2Fcomments&post=3160"}],"version-history":[{"count":3,"href":"https:\/\/atanga.de\/index.php?rest_route=\/wp\/v2\/posts\/3160\/revisions"}],"predecessor-version":[{"id":3182,"href":"https:\/\/atanga.de\/index.php?rest_route=\/wp\/v2\/posts\/3160\/revisions\/3182"}],"wp:attachment":[{"href":"https:\/\/atanga.de\/index.php?rest_route=%2Fwp%2Fv2%2Fmedia&parent=3160"}],"wp:term":[{"taxonomy":"category","embeddable":true,"href":"https:\/\/atanga.de\/index.php?rest_route=%2Fwp%2Fv2%2Fcategories&post=3160"},{"taxonomy":"post_tag","embeddable":true,"href":"https:\/\/atanga.de\/index.php?rest_route=%2Fwp%2Fv2%2Ftags&post=3160"}],"curies":[{"name":"wp","href":"https:\/\/api.w.org\/{rel}","templated":true}]}}