{"id":3175,"date":"2015-03-13T21:31:15","date_gmt":"2015-03-13T21:31:15","guid":{"rendered":"http:\/\/atanga.de\/?p=3175"},"modified":"2015-03-13T21:47:54","modified_gmt":"2015-03-13T21:47:54","slug":"auf-nach-teneriffa","status":"publish","type":"post","link":"https:\/\/atanga.de\/?p=3175","title":{"rendered":"Auf nach Teneriffa"},"content":{"rendered":"<p>Mi., 11.Mrz.15, Gran Canaria, Tag 284, 2.421 sm von HH<\/p>\n<p>Morgen\u00a0geht es nach sechs Wochen Aufenthalt in\u00a0Las Palmas\u00a0weiter nach Santa Cruz auf Teneriffa.<br \/>\nWir haben dort n\u00e4chste Woche einen Termin \u00fcber den ich noch berichten werde.<\/p>\n<p>Der Abschied von Las Palmas f\u00e4llt uns leicht. Denn dies ist das\u00a0erste Mal w\u00e4hrend unserer Reise, dass wir wissen, dass wir in absehbarer Zeit in einen Ort zur\u00fcck kommen werden.<br \/>\nEs gef\u00e4llt uns n\u00e4mlich ausgesprochen gut hier. Und hier sind das erste Mal bei uns beiden ernsthaft die Worte gefallen: \u201eHier k\u00f6nnte ich bleiben\u201c.<\/p>\n<p>Las Palmas ist nicht klassisch sch\u00f6n und die Dauerwolke \u00fcber der Stadt ist ein kleiner Makel. Diese hat von den Einheimischen sogar einen Spitznamen \u201ePanza de burro \u2013 Eselbauch\u201c bekommen. Das schafft auch nicht jede Wolke\u2026<\/p>\n<p>Die Vorstellung hier zu leben f\u00e4llt leicht. Die Stadt ist nicht hektisch und trotz der regelm\u00e4\u00dfig einlaufenden Kreuzfahrtschiffe durch und durch spanisch.<br \/>\nSelbst wenn f\u00fcnf Schiffe gleichzeitig im Hafen sind, werden die Passagiere einfach von der Stadt geschluckt und fallen nicht auf. Und der Hotel-Tourismus spielt sich im S\u00fcden ab, dort wo das Wetter best\u00e4ndiger und besser ist.<\/p>\n<p>Wir freuen uns darauf, wenn wir (wegen meines Zahnes) in drei bis vier Monaten wieder hierher kommen.<\/p>\n\n\t\t<style type=\"text\/css\">\n\t\t\t#gallery-1 {\n\t\t\t\tmargin: auto;\n\t\t\t}\n\t\t\t#gallery-1 .gallery-item {\n\t\t\t\tfloat: left;\n\t\t\t\tmargin-top: 10px;\n\t\t\t\ttext-align: center;\n\t\t\t\twidth: 33%;\n\t\t\t}\n\t\t\t#gallery-1 img {\n\t\t\t\tborder: 2px solid #cfcfcf;\n\t\t\t}\n\t\t\t#gallery-1 .gallery-caption {\n\t\t\t\tmargin-left: 0;\n\t\t\t}\n\t\t\t\/* see gallery_shortcode() in wp-includes\/media.php *\/\n\t\t<\/style>\n\t\t<div id='gallery-1' class='gallery galleryid-3175 gallery-columns-3 gallery-size-thumbnail'><dl class='gallery-item'>\n\t\t\t<dt class='gallery-icon landscape'>\n\t\t\t\t<a class=\"boxersandswipers\" title=\"Abschied von der Namastee\" href='https:\/\/atanga.de\/wp-content\/uploads\/2015\/03\/Namastee.jpg'><img decoding=\"async\" width=\"150\" height=\"150\" src=\"https:\/\/atanga.de\/wp-content\/uploads\/2015\/03\/Namastee-150x150.jpg\" class=\"attachment-thumbnail size-thumbnail\" alt=\"\" aria-describedby=\"gallery-1-3168\" \/><\/a>\n\t\t\t<\/dt>\n\t\t\t\t<dd class='wp-caption-text gallery-caption' id='gallery-1-3168'>\n\t\t\t\tAbschied von der Namastee\n\t\t\t\t<\/dd><\/dl><dl class='gallery-item'>\n\t\t\t<dt class='gallery-icon landscape'>\n\t\t\t\t<a class=\"boxersandswipers\" title=\"Kanaren-Karte\" href='https:\/\/atanga.de\/wp-content\/uploads\/2015\/03\/Kanaren-Karte-alt-2.jpg'><img decoding=\"async\" width=\"150\" height=\"150\" src=\"https:\/\/atanga.de\/wp-content\/uploads\/2015\/03\/Kanaren-Karte-alt-2-150x150.jpg\" class=\"attachment-thumbnail size-thumbnail\" alt=\"\" aria-describedby=\"gallery-1-3187\" \/><\/a>\n\t\t\t<\/dt>\n\t\t\t\t<dd class='wp-caption-text gallery-caption' id='gallery-1-3187'>\n\t\t\t\tKanaren-Karte\n\t\t\t\t<\/dd><\/dl>\n\t\t\t<br style='clear: both' \/>\n\t\t<\/div>\n\n<p>&nbsp;<\/p>\n<p>&nbsp;<\/p>\n<div class=\"pld-like-dislike-wrap pld-template-1\">\r\n    <div class=\"pld-like-wrap  pld-common-wrap\">\r\n    <a href=\"javascript:void(0)\" class=\"pld-like-trigger pld-like-dislike-trigger  \" title=\"gef\u00e4llt mir\" data-post-id=\"3175\" data-trigger-type=\"like\" data-restriction=\"cookie\" data-already-liked=\"0\">\r\n                        <i class=\"fas fa-thumbs-up\"><\/i>\r\n                <\/a>\r\n    <span class=\"pld-like-count-wrap pld-count-wrap\">    <\/span>\r\n<\/div><div class=\"pld-dislike-wrap  pld-common-wrap\">\r\n    <a href=\"javascript:void(0)\" class=\"pld-dislike-trigger pld-like-dislike-trigger  \" title=\"doof\" data-post-id=\"3175\" data-trigger-type=\"dislike\" data-restriction=\"cookie\" data-already-liked=\"0\">\r\n                        <i class=\"fas fa-thumbs-down\"><\/i>\r\n                <\/a>\r\n    <span class=\"pld-dislike-count-wrap pld-count-wrap\"><\/span>\r\n<\/div><\/div>","protected":false},"excerpt":{"rendered":"<p>Mi., 11.Mrz.15, Gran Canaria, Tag 284, 2.421 sm von HH Morgen\u00a0geht es nach sechs Wochen Aufenthalt in\u00a0Las Palmas\u00a0weiter nach Santa Cruz auf Teneriffa. Wir haben dort n\u00e4chste Woche einen Termin \u00fcber den ich noch berichten werde. Der Abschied von Las Palmas f\u00e4llt uns leicht. Denn dies ist das\u00a0erste Mal w\u00e4hrend unserer Reise, dass wir wissen, [&hellip;]<\/p>\n","protected":false},"author":4,"featured_media":0,"comment_status":"open","ping_status":"closed","sticky":false,"template":"","format":"standard","meta":{"footnotes":""},"categories":[41,26,45],"tags":[],"class_list":["post-3175","post","type-post","status-publish","format-standard","hentry","category-gran-canaria","category-spanien","category-allgemein"],"_links":{"self":[{"href":"https:\/\/atanga.de\/index.php?rest_route=\/wp\/v2\/posts\/3175","targetHints":{"allow":["GET"]}}],"collection":[{"href":"https:\/\/atanga.de\/index.php?rest_route=\/wp\/v2\/posts"}],"about":[{"href":"https:\/\/atanga.de\/index.php?rest_route=\/wp\/v2\/types\/post"}],"author":[{"embeddable":true,"href":"https:\/\/atanga.de\/index.php?rest_route=\/wp\/v2\/users\/4"}],"replies":[{"embeddable":true,"href":"https:\/\/atanga.de\/index.php?rest_route=%2Fwp%2Fv2%2Fcomments&post=3175"}],"version-history":[{"count":4,"href":"https:\/\/atanga.de\/index.php?rest_route=\/wp\/v2\/posts\/3175\/revisions"}],"predecessor-version":[{"id":3188,"href":"https:\/\/atanga.de\/index.php?rest_route=\/wp\/v2\/posts\/3175\/revisions\/3188"}],"wp:attachment":[{"href":"https:\/\/atanga.de\/index.php?rest_route=%2Fwp%2Fv2%2Fmedia&parent=3175"}],"wp:term":[{"taxonomy":"category","embeddable":true,"href":"https:\/\/atanga.de\/index.php?rest_route=%2Fwp%2Fv2%2Fcategories&post=3175"},{"taxonomy":"post_tag","embeddable":true,"href":"https:\/\/atanga.de\/index.php?rest_route=%2Fwp%2Fv2%2Ftags&post=3175"}],"curies":[{"name":"wp","href":"https:\/\/api.w.org\/{rel}","templated":true}]}}