{"id":3205,"date":"2015-03-15T20:18:59","date_gmt":"2015-03-15T20:18:59","guid":{"rendered":"http:\/\/atanga.de\/?p=3205"},"modified":"2015-03-15T21:10:26","modified_gmt":"2015-03-15T21:10:26","slug":"von-gran-canaria-nach-teneriffa","status":"publish","type":"post","link":"https:\/\/atanga.de\/?p=3205","title":{"rendered":"Von Gran Canaria nach Teneriffa"},"content":{"rendered":"<p><em>Do., 12.Mrz.15, Teneriffa, Tag 285, 2.477 sm von HH<\/em><\/p>\n<p>Das war mal eine richtig geile \u00dcberfahrt. <img src=\"https:\/\/atanga.de\/wp-content\/plugins\/classic-smilies\/img\/icon_smile.gif\" alt=\":-)\" class=\"wp-smiley\" style=\"height: 1em; max-height: 1em;\" \/> <img src=\"https:\/\/atanga.de\/wp-content\/plugins\/classic-smilies\/img\/icon_smile.gif\" alt=\":-)\" class=\"wp-smiley\" style=\"height: 1em; max-height: 1em;\" \/><\/p>\n<p>Um\u00a07:15 Uhrmorgens ist noch nicht viel Wind und das ist auch gut so, denn wir m\u00fcssen zun\u00e4chst 5 sm Richtung Norden, ums Eck von Gran Canaria herum. Der Wind kommt aus 10 Grad Nord, uns somit genau auf die Nase.<br \/>\nDas Wellenbild ist flach, aber konfus und wir wackeln m\u00e4chtig hin und her.<\/p>\n<p>Als wir dann nach einer Stunde unseren Kurs auf West \u00e4ndern k\u00f6nnen, ist der Wind mit unter 10 kn zu schwach, um zu segeln.<br \/>\nGro\u00df und Fock fallen in den Wellent\u00e4lern ein. Wir laufen also noch zwei Stunden unter Maschine weiter und lassen beide Segel als St\u00fctze stehen.<br \/>\nW\u00e4hrend wir auf den Wind warten, besucht uns eine gro\u00dfe Schule Delphine. Immer wieder toll.<\/p>\n\n\t\t<style type=\"text\/css\">\n\t\t\t#gallery-1 {\n\t\t\t\tmargin: auto;\n\t\t\t}\n\t\t\t#gallery-1 .gallery-item {\n\t\t\t\tfloat: left;\n\t\t\t\tmargin-top: 10px;\n\t\t\t\ttext-align: center;\n\t\t\t\twidth: 33%;\n\t\t\t}\n\t\t\t#gallery-1 img {\n\t\t\t\tborder: 2px solid #cfcfcf;\n\t\t\t}\n\t\t\t#gallery-1 .gallery-caption {\n\t\t\t\tmargin-left: 0;\n\t\t\t}\n\t\t\t\/* see gallery_shortcode() in wp-includes\/media.php *\/\n\t\t<\/style>\n\t\t<div id='gallery-1' class='gallery galleryid-3205 gallery-columns-3 gallery-size-thumbnail'><dl class='gallery-item'>\n\t\t\t<dt class='gallery-icon landscape'>\n\t\t\t\t<a class=\"boxersandswipers\" title=\"\" href='https:\/\/atanga.de\/wp-content\/uploads\/2015\/03\/delphin.jpg'><img decoding=\"async\" width=\"150\" height=\"150\" src=\"https:\/\/atanga.de\/wp-content\/uploads\/2015\/03\/delphin-150x150.jpg\" class=\"attachment-thumbnail size-thumbnail\" alt=\"\" \/><\/a>\n\t\t\t<\/dt><\/dl>\n\t\t\t<br style='clear: both' \/>\n\t\t<\/div>\n\n<p>&nbsp;<\/p>\n<p>Endlich nimmt dann auch der Wind zu, erst nur verhalten, aber dann bleibt er f\u00fcr Stunden auf 19 kn wie festgenagelt stehen. Es entsteht schon der Eindruck, dass die Nadel vom Windmesser h\u00e4ngen geblieben ist.<br \/>\nF\u00fcr uns sind durchschnittlich 7 Knoten eine extrem gute Rauschefahrt.<br \/>\nDazu strahlender Sonnenschein und fast keine Welle, die einem das Leben unn\u00f6tig schwer macht. Es besteht zwar noch Jackenpflicht, aber die Socken k\u00f6nnen schon mal im Schrank bleiben.<br \/>\nSo ist Segeln wirklich sch\u00f6n!<\/p>\n<p>Gegen sp\u00e4teren Nachmittag legt der Wind noch zu, so dass wir das Gro\u00df um ein Reff kleiner machen. Wenn auch auf dieser Seite von Gran Canaria nur eine schmale D\u00fcse existiert, so ist es so doch besser.<br \/>\nAber wir rauschen trotz Reff unbeirrt weiter. Atanga ger\u00e4t offensichtlich in einen Geschwindigkeits-Rausch. In der Spitze haben wir ganz knapp 8 kn Fahrt durchs Wasser (f\u00fcr Erbsenz\u00e4hler: 7,93). Das haben wir nur selten erreicht (Rekord steht immer noch bei 8,9).<br \/>\nWegen dieser Raserei sind wir drei Stunden vor erwarteter Ankunft bereits in Santa Cruz de Tenerife.<br \/>\nHammer!<\/p>\n<p>Au\u00dferdem bei\u00dft heute das erste Mal ein Fisch an unserer Schleppangel. Ob wegen oder trotz der gro\u00dfen Geschwindigkeit ist noch unklar.<br \/>\nDie Bremse an der Angel rasselt, Achim sprintet nach achtern, seine Mine zeigt Entschlossenheit zum T\u00f6ten eines gro\u00dfen Tieres. Aber kaum dreht er an der Rolle, ist Ruhe. <img src=\"https:\/\/atanga.de\/wp-content\/plugins\/classic-smilies\/img\/icon_eek.gif\" alt=\":shock:\" class=\"wp-smiley\" style=\"height: 1em; max-height: 1em;\" \/><br \/>\nDie Schnur ist durchgebissen, der K\u00f6der weg, Adrenalin umsonst ausgesch\u00fcttet und auch ich disponiere im Geiste von Fisch satt wieder auf Gulasch um.<\/p>\n<div class=\"pld-like-dislike-wrap pld-template-1\">\r\n    <div class=\"pld-like-wrap  pld-common-wrap\">\r\n    <a href=\"javascript:void(0)\" class=\"pld-like-trigger pld-like-dislike-trigger  \" title=\"gef\u00e4llt mir\" data-post-id=\"3205\" data-trigger-type=\"like\" data-restriction=\"cookie\" data-already-liked=\"0\">\r\n                        <i class=\"fas fa-thumbs-up\"><\/i>\r\n                <\/a>\r\n    <span class=\"pld-like-count-wrap pld-count-wrap\">    <\/span>\r\n<\/div><div class=\"pld-dislike-wrap  pld-common-wrap\">\r\n    <a href=\"javascript:void(0)\" class=\"pld-dislike-trigger pld-like-dislike-trigger  \" title=\"doof\" data-post-id=\"3205\" data-trigger-type=\"dislike\" data-restriction=\"cookie\" data-already-liked=\"0\">\r\n                        <i class=\"fas fa-thumbs-down\"><\/i>\r\n                <\/a>\r\n    <span class=\"pld-dislike-count-wrap pld-count-wrap\"><\/span>\r\n<\/div><\/div>","protected":false},"excerpt":{"rendered":"<p>Do., 12.Mrz.15, Teneriffa, Tag 285, 2.477 sm von HH Das war mal eine richtig geile \u00dcberfahrt. Um\u00a07:15 Uhrmorgens ist noch nicht viel Wind und das ist auch gut so, denn wir m\u00fcssen zun\u00e4chst 5 sm Richtung Norden, ums Eck von Gran Canaria herum. Der Wind kommt aus 10 Grad Nord, uns somit genau auf die [&hellip;]<\/p>\n","protected":false},"author":4,"featured_media":0,"comment_status":"open","ping_status":"closed","sticky":false,"template":"","format":"standard","meta":{"footnotes":""},"categories":[35,26],"tags":[],"class_list":["post-3205","post","type-post","status-publish","format-standard","hentry","category-auf-see","category-spanien"],"_links":{"self":[{"href":"https:\/\/atanga.de\/index.php?rest_route=\/wp\/v2\/posts\/3205","targetHints":{"allow":["GET"]}}],"collection":[{"href":"https:\/\/atanga.de\/index.php?rest_route=\/wp\/v2\/posts"}],"about":[{"href":"https:\/\/atanga.de\/index.php?rest_route=\/wp\/v2\/types\/post"}],"author":[{"embeddable":true,"href":"https:\/\/atanga.de\/index.php?rest_route=\/wp\/v2\/users\/4"}],"replies":[{"embeddable":true,"href":"https:\/\/atanga.de\/index.php?rest_route=%2Fwp%2Fv2%2Fcomments&post=3205"}],"version-history":[{"count":4,"href":"https:\/\/atanga.de\/index.php?rest_route=\/wp\/v2\/posts\/3205\/revisions"}],"predecessor-version":[{"id":3210,"href":"https:\/\/atanga.de\/index.php?rest_route=\/wp\/v2\/posts\/3205\/revisions\/3210"}],"wp:attachment":[{"href":"https:\/\/atanga.de\/index.php?rest_route=%2Fwp%2Fv2%2Fmedia&parent=3205"}],"wp:term":[{"taxonomy":"category","embeddable":true,"href":"https:\/\/atanga.de\/index.php?rest_route=%2Fwp%2Fv2%2Fcategories&post=3205"},{"taxonomy":"post_tag","embeddable":true,"href":"https:\/\/atanga.de\/index.php?rest_route=%2Fwp%2Fv2%2Ftags&post=3205"}],"curies":[{"name":"wp","href":"https:\/\/api.w.org\/{rel}","templated":true}]}}