{"id":3226,"date":"2015-03-21T22:12:38","date_gmt":"2015-03-21T22:12:38","guid":{"rendered":"http:\/\/atanga.de\/?p=3226"},"modified":"2015-12-18T16:56:58","modified_gmt":"2015-12-18T16:56:58","slug":"ungewoehnliche-dinge-an-bord","status":"publish","type":"post","link":"https:\/\/atanga.de\/?p=3226","title":{"rendered":"Ungew\u00f6hnliche Dinge an Bord&#8230;"},"content":{"rendered":"<p><em>Mi.\/Do., 17.\/18..Mrz.15, Teneriffa, Tag 291\/292, 2.477 sm von HH<\/em><\/p>\n<p>&#8230;geschehen dieser Tage auf Atanga:<br \/>\nWir r\u00f6deln im Schiff alles zusammen, nur um zum Spa\u00df\u00a0drau\u00dfen\u00a0in der Bucht zu segeln.<br \/>\nUnd anschlie\u00dfend \u00a0fahren mit dem Schiff im Hafen auf und\u00a0ab.<br \/>\nUnd wer ist schuld an diesem ungew\u00f6hnlichen Treiben?<br \/>\nZwei super nette Herren, die uns f\u00fcr zwei Tage einen Besuch abstatten, um\u00a0allerlei Dinge mit uns zu unternehmen.<\/p>\n<p>Bei den Herren handelt sich um Peter Sandmeyer und Harald Schmitt.<br \/>\nPeter Sandmeyer war fast 30 Jahre festangestellter Journalist beim <em><strong>stern<\/strong><\/em>, hat erfolgreich mehrere B\u00fccher geschrieben und ist seit ein paar Jahren freiberuflich als Autor unterwegs. Er hat \u00fcber uns bereits den gelungenen Artikel in der Yacht verfasst.<\/p>\n<p>Sein Kollege und Freund, Harald Schmitt, hat mindestens ebenso lange beim <em><strong>stern<\/strong><\/em> als angestellter Fotograf gearbeitet. Er hat ein halbes Dutzend Mal international renommierte Preise f\u00fcr seine\u00a0Fotos erhalten und ist\u00a0nun ebenfalls freiberuflich unterwegs.<br \/>\nMan darf mit Fug und Recht behaupten, dass es sich bei den beiden nicht um Provinz-Reporter handelt.<\/p>\n<p>Beide Jungs sind weltweit unglaublich viel\u00a0umher gereist, haben \u00fcber Prominenz, Politiker und andere Zeitgenossen in Wort und Bild berichtet.<br \/>\nIhr letztes gro\u00dfes, gemeinsames Projekt war eine\u00a0Reise auf dem Haikutter Dagmar Aaen von Arved Fuchs (das wunderbare Buch zu dieser Reise: <em><span id=\"productTitle\" class=\"a-size-large\">Polarlicht in den Segeln: Eine Winterreise zu den Lofoten).<br \/>\n<\/span><\/em><br \/>\nGestern noch auf der Dagmar Aaen, heute auf Atanga. <img src=\"https:\/\/atanga.de\/wp-content\/plugins\/classic-smilies\/img\/icon_wink.gif\" alt=\";-)\" class=\"wp-smiley\" style=\"height: 1em; max-height: 1em;\" \/><\/p>\n<p>Am Dienstagvormittag erscheinen sie bei uns an Bord und wir d\u00fcrfen erst mal ausf\u00fchrlich berichten:<br \/>\nWie ist es uns in den letzten Monaten ergangen?<br \/>\nWas waren die Highlights?<br \/>\nWie kommt man auf engem Raum miteinander aus?<br \/>\nWie sieht unser Tagesablauf aus?<br \/>\nWeitere Pl\u00e4ne?<br \/>\n\u00c4ngste, Tr\u00e4ume, Fehler?<\/p>\n<p>Unsere Erz\u00e4hlungen werden von Peter und Harald (wir sind schnell beim Du) durch eigene Anekdoten und abenteuerliche Geschichten erg\u00e4nzt.<\/p>\n<p>Am Nachmittag erfolgt dann das erste Shooting auf Atanga und ein weiteres in der Stadt vor dem markanten Auditorium von Santa Cruz.<br \/>\nDanach trennen sich unsere Wege, aber Achim und ich werden abends zum Essen eingeladen und es folgt ein total unterhaltsamer Abend mit weiteren Geschichten der weitgereisten Journalisten. Dass Peter sich nebenher immer mal Notizen macht, merkt man kaum.<\/p>\n<p>Den Mittwochvormittag beginnen wir mit einem Treffen auf dem wundersch\u00f6nen Markt von Santa Cruz zu einem weiteren Shooting. Nutzen die Gelegenheit aber auch zum Einkaufen, denn heute Abend wird auf Atanga gekocht und wir laden Peter und Harald an Bord zum Essen ein.<\/p>\n<p>Anschlie\u00dfend geht es gemeinsam zum Schiff und jetzt ist Atanga der Fotostar. Zum Gl\u00fcck h\u00f6rt es gerade rechtzeitig zu regnen auf als wir die Marina verlassen.<br \/>\nHaralds Idee, ihn mit unserem Schlauchboot neben Atanga fahren zu lassen, wird durch eine kabbelige See und zu viel Wind vereitelt.<\/p>\n<p>Im Hafen setzten wir Peter dann noch an einer Mole ab, drehen ein paar Hafenkreise, so dass er Atanga von Land aus gut vor die Linse bekommt.<\/p>\n<p>Ein sehr unterhaltsamer Tag wird durch das gemeinsame Abendessen an Bord abgerundet. Die beiden sind wirklich extrem nett, unkompliziert\u00a0und stre\u00dfbefreit, es macht viel Spa\u00df mit\u00a0ihnen zusammen zu sitzen.<br \/>\nSie versprechen in f\u00fcnf Jahren wieder zu kommen, um eine weitere Reportage \u00fcber uns zu machen.\u00a0 <img src=\"https:\/\/atanga.de\/wp-content\/plugins\/classic-smilies\/img\/icon_smile.gif\" alt=\":-)\" class=\"wp-smiley\" style=\"height: 1em; max-height: 1em;\" \/><\/p>\n<p>Ach ja, der ganze Aufwand, der nun betrieben wurde, soll im Sommer im <strong><em>stern<\/em><\/strong>-Ableger <strong><em>&#8218;viva&#8216;<\/em><\/strong> in Schrift und Bild nachzulesen sein.<br \/>\nWir sagen rechtzeitig Bescheid, wenn wir genaueres erfahren.<br \/>\nNach Erscheinen der Reportage erhalten wir von Harald die Fotos unserer Shootings\u00a0(gef\u00fchlt hat er 1.000 Bilder geschossen) und d\u00fcrfen sie dann an dieser Stelle ver\u00f6ffentlichen.<\/p>\n\n\t\t<style type=\"text\/css\">\n\t\t\t#gallery-1 {\n\t\t\t\tmargin: auto;\n\t\t\t}\n\t\t\t#gallery-1 .gallery-item {\n\t\t\t\tfloat: left;\n\t\t\t\tmargin-top: 10px;\n\t\t\t\ttext-align: center;\n\t\t\t\twidth: 33%;\n\t\t\t}\n\t\t\t#gallery-1 img {\n\t\t\t\tborder: 2px solid #cfcfcf;\n\t\t\t}\n\t\t\t#gallery-1 .gallery-caption {\n\t\t\t\tmargin-left: 0;\n\t\t\t}\n\t\t\t\/* see gallery_shortcode() in wp-includes\/media.php *\/\n\t\t<\/style>\n\t\t<div id='gallery-1' class='gallery galleryid-3226 gallery-columns-3 gallery-size-thumbnail'><dl class='gallery-item'>\n\t\t\t<dt class='gallery-icon landscape'>\n\t\t\t\t<a class=\"boxersandswipers\" title=\"Peter Sandmeyer und Harald Schmitt\" href='https:\/\/atanga.de\/wp-content\/uploads\/2015\/03\/Peter-und-Harald.jpg'><img decoding=\"async\" width=\"150\" height=\"150\" src=\"https:\/\/atanga.de\/wp-content\/uploads\/2015\/03\/Peter-und-Harald-150x150.jpg\" class=\"attachment-thumbnail size-thumbnail\" alt=\"\" aria-describedby=\"gallery-1-3227\" \/><\/a>\n\t\t\t<\/dt>\n\t\t\t\t<dd class='wp-caption-text gallery-caption' id='gallery-1-3227'>\n\t\t\t\tPeter Sandmeyer und Harald Schmitt\n\t\t\t\t<\/dd><\/dl>\n\t\t\t<br style='clear: both' \/>\n\t\t<\/div>\n\n<p>&nbsp;<\/p>\n<p>&nbsp;<\/p>\n<div class=\"pld-like-dislike-wrap pld-template-1\">\r\n    <div class=\"pld-like-wrap  pld-common-wrap\">\r\n    <a href=\"javascript:void(0)\" class=\"pld-like-trigger pld-like-dislike-trigger  \" title=\"gef\u00e4llt mir\" data-post-id=\"3226\" data-trigger-type=\"like\" data-restriction=\"cookie\" data-already-liked=\"0\">\r\n                        <i class=\"fas fa-thumbs-up\"><\/i>\r\n                <\/a>\r\n    <span class=\"pld-like-count-wrap pld-count-wrap\">1    <\/span>\r\n<\/div><div class=\"pld-dislike-wrap  pld-common-wrap\">\r\n    <a href=\"javascript:void(0)\" class=\"pld-dislike-trigger pld-like-dislike-trigger  \" title=\"doof\" data-post-id=\"3226\" data-trigger-type=\"dislike\" data-restriction=\"cookie\" data-already-liked=\"0\">\r\n                        <i class=\"fas fa-thumbs-down\"><\/i>\r\n                <\/a>\r\n    <span class=\"pld-dislike-count-wrap pld-count-wrap\"><\/span>\r\n<\/div><\/div>","protected":false},"excerpt":{"rendered":"<p>Mi.\/Do., 17.\/18..Mrz.15, Teneriffa, Tag 291\/292, 2.477 sm von HH &#8230;geschehen dieser Tage auf Atanga: Wir r\u00f6deln im Schiff alles zusammen, nur um zum Spa\u00df\u00a0drau\u00dfen\u00a0in der Bucht zu segeln. Und anschlie\u00dfend \u00a0fahren mit dem Schiff im Hafen auf und\u00a0ab. Und wer ist schuld an diesem ungew\u00f6hnlichen Treiben? Zwei super nette Herren, die uns f\u00fcr zwei Tage [&hellip;]<\/p>\n","protected":false},"author":4,"featured_media":0,"comment_status":"open","ping_status":"closed","sticky":false,"template":"","format":"standard","meta":{"footnotes":""},"categories":[58,26,45],"tags":[],"class_list":["post-3226","post","type-post","status-publish","format-standard","hentry","category-teneriffa","category-spanien","category-allgemein"],"_links":{"self":[{"href":"https:\/\/atanga.de\/index.php?rest_route=\/wp\/v2\/posts\/3226","targetHints":{"allow":["GET"]}}],"collection":[{"href":"https:\/\/atanga.de\/index.php?rest_route=\/wp\/v2\/posts"}],"about":[{"href":"https:\/\/atanga.de\/index.php?rest_route=\/wp\/v2\/types\/post"}],"author":[{"embeddable":true,"href":"https:\/\/atanga.de\/index.php?rest_route=\/wp\/v2\/users\/4"}],"replies":[{"embeddable":true,"href":"https:\/\/atanga.de\/index.php?rest_route=%2Fwp%2Fv2%2Fcomments&post=3226"}],"version-history":[{"count":9,"href":"https:\/\/atanga.de\/index.php?rest_route=\/wp\/v2\/posts\/3226\/revisions"}],"predecessor-version":[{"id":3237,"href":"https:\/\/atanga.de\/index.php?rest_route=\/wp\/v2\/posts\/3226\/revisions\/3237"}],"wp:attachment":[{"href":"https:\/\/atanga.de\/index.php?rest_route=%2Fwp%2Fv2%2Fmedia&parent=3226"}],"wp:term":[{"taxonomy":"category","embeddable":true,"href":"https:\/\/atanga.de\/index.php?rest_route=%2Fwp%2Fv2%2Fcategories&post=3226"},{"taxonomy":"post_tag","embeddable":true,"href":"https:\/\/atanga.de\/index.php?rest_route=%2Fwp%2Fv2%2Ftags&post=3226"}],"curies":[{"name":"wp","href":"https:\/\/api.w.org\/{rel}","templated":true}]}}