{"id":3276,"date":"2015-03-28T20:18:21","date_gmt":"2015-03-28T20:18:21","guid":{"rendered":"http:\/\/atanga.de\/?p=3276"},"modified":"2015-12-18T16:55:59","modified_gmt":"2015-12-18T16:55:59","slug":"windex-verklicker-oder-windrichtungsanzeiger","status":"publish","type":"post","link":"https:\/\/atanga.de\/?p=3276","title":{"rendered":"Windex, Verklicker oder Windrichtungsanzeiger!"},"content":{"rendered":"<p><em>Do., 26.Mrz.15, Teneriffa, Tag 299, 2.477 sm von HH<\/em><\/p>\n<p>Auf praktisch jedem Segelboot, ob Jolle oder Dickschiff, gibt es so ein Ger\u00e4t.<br \/>\nDiese sind meistens oben im Masttop angebracht und zeigen dem Segler viele Meter weiter unten an, aus welcher Richtung der Wind weht.<br \/>\nH\u00e4ufig muss man daf\u00fcr den Kopf in den Nacken legen, um sich den Verklicker in der Mastspitze zu betrachten. Dies ist nicht nur Halswirbel belastend, sondern, wenn die Sonne hoch steht, auch noch Netzhaut gef\u00e4hrdend.<\/p>\n<p>Wir haben Gl\u00fcck, denn bei uns wird die Richtung des Windes im Cockpit \u00fcber gute, alte, analoge Schaufenster mit echten Zeigern angezeigt.<br \/>\nBeziehungsweise wurde angezeigt. Diese Anzeige ist kaputt. Leider bereits seit Lissabon.<\/p>\n<p>Jetzt k\u00f6nnte man nat\u00fcrlich argumentieren, wof\u00fcr braucht man einen Windrichtungsanzeiger auf einem Segelschiff? Man braucht ja schlie\u00dflich nur das Gesicht in den Wind zu halten und w\u00fcrde ja f\u00fchlen woher er geblasen kommt.<\/p>\n<p>Das ist richtig.<br \/>\nDas ist aber auch falsch.<\/p>\n<p>Wenn\u00a0ich am Ruder stehe und das Schiff genau in den Wind halten soll (zum Gro\u00dfsegel bergen, reffen oder hissen), dann stehe ich dort so gesch\u00fctzt, dass ich gar nichts merke.<br \/>\nUnsere Sprayhood ist zu hoch, so dass ich keinen Wind mehr abbekomme. Ich kann nat\u00fcrlich auch auf das Segel achten, wann es anf\u00e4ngt im Wind zu flattern. Das funktioniert aber nur verl\u00e4sslich im Hellen und auch dann nicht wirklich gut, denn wieder ist die besagte Sprayhood im Weg.<\/p>\n<p>Somit werde ich von vorne angebr\u00fcllt.<br \/>\nWer Achim kennt, der wei\u00df, dass der ruhigste Mann auf dieser Welt nur aus akustischen Gr\u00fcnden br\u00fcllt.<br \/>\nAber er br\u00fcllt! Und er br\u00fcllt seit Lissabon: \u201eHalt das Schiff im Wind\u2026\u201c <em>(\u201eals ob ich das nicht selber w\u00fcste\u201c),<\/em> \u201e\u2026in den Wind\u2026\u201c, <em>(\u201ejaaa\u201c),<\/em> \u201edie andere Seite\u201c <em>(\u201eja, hab ich selbst schon gemerkt\u2026\u201c). <img src=\"https:\/\/atanga.de\/wp-content\/plugins\/classic-smilies\/img\/icon_evil.gif\" alt=\":evil:\" class=\"wp-smiley\" style=\"height: 1em; max-height: 1em;\" \/><\/em><\/p>\n<p>Also braucht man (Frau auch, also ich) einen Windrichtungsanzeiger.<\/p>\n<p>&nbsp;<\/p>\n<div class=\"pld-like-dislike-wrap pld-template-1\">\r\n    <div class=\"pld-like-wrap  pld-common-wrap\">\r\n    <a href=\"javascript:void(0)\" class=\"pld-like-trigger pld-like-dislike-trigger  \" title=\"gef\u00e4llt mir\" data-post-id=\"3276\" data-trigger-type=\"like\" data-restriction=\"cookie\" data-already-liked=\"0\">\r\n                        <i class=\"fas fa-thumbs-up\"><\/i>\r\n                <\/a>\r\n    <span class=\"pld-like-count-wrap pld-count-wrap\">    <\/span>\r\n<\/div><div class=\"pld-dislike-wrap  pld-common-wrap\">\r\n    <a href=\"javascript:void(0)\" class=\"pld-dislike-trigger pld-like-dislike-trigger  \" title=\"doof\" data-post-id=\"3276\" data-trigger-type=\"dislike\" data-restriction=\"cookie\" data-already-liked=\"0\">\r\n                        <i class=\"fas fa-thumbs-down\"><\/i>\r\n                <\/a>\r\n    <span class=\"pld-dislike-count-wrap pld-count-wrap\"><\/span>\r\n<\/div><\/div>","protected":false},"excerpt":{"rendered":"<p>Do., 26.Mrz.15, Teneriffa, Tag 299, 2.477 sm von HH Auf praktisch jedem Segelboot, ob Jolle oder Dickschiff, gibt es so ein Ger\u00e4t. Diese sind meistens oben im Masttop angebracht und zeigen dem Segler viele Meter weiter unten an, aus welcher Richtung der Wind weht. H\u00e4ufig muss man daf\u00fcr den Kopf in den Nacken legen, um [&hellip;]<\/p>\n","protected":false},"author":4,"featured_media":0,"comment_status":"open","ping_status":"closed","sticky":false,"template":"","format":"standard","meta":{"footnotes":""},"categories":[58,26,45],"tags":[],"class_list":["post-3276","post","type-post","status-publish","format-standard","hentry","category-teneriffa","category-spanien","category-allgemein"],"_links":{"self":[{"href":"https:\/\/atanga.de\/index.php?rest_route=\/wp\/v2\/posts\/3276","targetHints":{"allow":["GET"]}}],"collection":[{"href":"https:\/\/atanga.de\/index.php?rest_route=\/wp\/v2\/posts"}],"about":[{"href":"https:\/\/atanga.de\/index.php?rest_route=\/wp\/v2\/types\/post"}],"author":[{"embeddable":true,"href":"https:\/\/atanga.de\/index.php?rest_route=\/wp\/v2\/users\/4"}],"replies":[{"embeddable":true,"href":"https:\/\/atanga.de\/index.php?rest_route=%2Fwp%2Fv2%2Fcomments&post=3276"}],"version-history":[{"count":7,"href":"https:\/\/atanga.de\/index.php?rest_route=\/wp\/v2\/posts\/3276\/revisions"}],"predecessor-version":[{"id":3289,"href":"https:\/\/atanga.de\/index.php?rest_route=\/wp\/v2\/posts\/3276\/revisions\/3289"}],"wp:attachment":[{"href":"https:\/\/atanga.de\/index.php?rest_route=%2Fwp%2Fv2%2Fmedia&parent=3276"}],"wp:term":[{"taxonomy":"category","embeddable":true,"href":"https:\/\/atanga.de\/index.php?rest_route=%2Fwp%2Fv2%2Fcategories&post=3276"},{"taxonomy":"post_tag","embeddable":true,"href":"https:\/\/atanga.de\/index.php?rest_route=%2Fwp%2Fv2%2Ftags&post=3276"}],"curies":[{"name":"wp","href":"https:\/\/api.w.org\/{rel}","templated":true}]}}