{"id":3304,"date":"2015-04-02T17:50:59","date_gmt":"2015-04-02T17:50:59","guid":{"rendered":"http:\/\/atanga.de\/?p=3304"},"modified":"2015-12-18T16:56:47","modified_gmt":"2015-12-18T16:56:47","slug":"teide-teide-teide","status":"publish","type":"post","link":"https:\/\/atanga.de\/?p=3304","title":{"rendered":"Teide, Teide, Teide"},"content":{"rendered":"<p><em>Di., 31.Mrz.15, Teneriffa, Tag 304, 2.477 sm von HH<\/em><\/p>\n<p>In Santa Cruz ein Auto zu mieten, ist genau so einfach wie in Las Palmas. Nur teurer.<br \/>\nDie Vermietung hat ihr B\u00fcro hier im Hafen und der Parkplatz liegt direkt vor der Haust\u00fcr.<br \/>\nLeider k\u00f6nnen wir erst um10:00 Uhr unser Auto f\u00fcr die n\u00e4chsten zwei Tage abholen.<\/p>\n<p>Das ist zwar schon ganz sch\u00f6n sp\u00e4t, aber der Chef will zum Teide. Das Wetter gibt ihm recht &#8211; nur wenige Wolken von links nach rechts.<br \/>\nDer Weg zum Vulkan durch eine kilometerlange Serpentinen-Pinien-Wald-Strecke ist wundersch\u00f6n.\u00a0Hinter jeder Ecke ist die Aussicht noch besser, und nach ein paar Kurven nochmal besser.<\/p>\n\n\t\t<style type=\"text\/css\">\n\t\t\t#gallery-1 {\n\t\t\t\tmargin: auto;\n\t\t\t}\n\t\t\t#gallery-1 .gallery-item {\n\t\t\t\tfloat: left;\n\t\t\t\tmargin-top: 10px;\n\t\t\t\ttext-align: center;\n\t\t\t\twidth: 33%;\n\t\t\t}\n\t\t\t#gallery-1 img {\n\t\t\t\tborder: 2px solid #cfcfcf;\n\t\t\t}\n\t\t\t#gallery-1 .gallery-caption {\n\t\t\t\tmargin-left: 0;\n\t\t\t}\n\t\t\t\/* see gallery_shortcode() in wp-includes\/media.php *\/\n\t\t<\/style>\n\t\t<div id='gallery-1' class='gallery galleryid-3304 gallery-columns-3 gallery-size-thumbnail'><dl class='gallery-item'>\n\t\t\t<dt class='gallery-icon landscape'>\n\t\t\t\t<a class=\"boxersandswipers\" title=\"Anaga-Gebirge im Norden\" href='https:\/\/atanga.de\/wp-content\/uploads\/2015\/04\/Norden.jpg'><img decoding=\"async\" width=\"150\" height=\"150\" src=\"https:\/\/atanga.de\/wp-content\/uploads\/2015\/04\/Norden-150x150.jpg\" class=\"attachment-thumbnail size-thumbnail\" alt=\"\" aria-describedby=\"gallery-1-3309\" \/><\/a>\n\t\t\t<\/dt>\n\t\t\t\t<dd class='wp-caption-text gallery-caption' id='gallery-1-3309'>\n\t\t\t\tAnaga-Gebirge im Norden\n\t\t\t\t<\/dd><\/dl><dl class='gallery-item'>\n\t\t\t<dt class='gallery-icon landscape'>\n\t\t\t\t<a class=\"boxersandswipers\" title=\"Osten\" href='https:\/\/atanga.de\/wp-content\/uploads\/2015\/04\/Osten.jpg'><img decoding=\"async\" width=\"150\" height=\"150\" src=\"https:\/\/atanga.de\/wp-content\/uploads\/2015\/04\/Osten-150x150.jpg\" class=\"attachment-thumbnail size-thumbnail\" alt=\"\" aria-describedby=\"gallery-1-3310\" \/><\/a>\n\t\t\t<\/dt>\n\t\t\t\t<dd class='wp-caption-text gallery-caption' id='gallery-1-3310'>\n\t\t\t\tBlick auf Gran Canaria\n\t\t\t\t<\/dd><\/dl>\n\t\t\t<br style='clear: both' \/>\n\t\t<\/div>\n\n<p>&nbsp;<\/p>\n<p>Nach langer Zeit endlich mal wieder Wald. Wie der duftet. Gierig sauge ich die harzige Luft ein.<br \/>\nWir sind auf 1.800 Meter, die Baumgrenze ist noch nicht erreicht und wir haben angenehme 20 Grad im Pinienschatten.<br \/>\nUnd dann folgt der erste Blick auf den Teide. An der Nordflanke noch kr\u00e4ftig schneebedeckt erhebt er sich 3.718 Meter hoch.<\/p>\n\n\t\t<style type=\"text\/css\">\n\t\t\t#gallery-2 {\n\t\t\t\tmargin: auto;\n\t\t\t}\n\t\t\t#gallery-2 .gallery-item {\n\t\t\t\tfloat: left;\n\t\t\t\tmargin-top: 10px;\n\t\t\t\ttext-align: center;\n\t\t\t\twidth: 33%;\n\t\t\t}\n\t\t\t#gallery-2 img {\n\t\t\t\tborder: 2px solid #cfcfcf;\n\t\t\t}\n\t\t\t#gallery-2 .gallery-caption {\n\t\t\t\tmargin-left: 0;\n\t\t\t}\n\t\t\t\/* see gallery_shortcode() in wp-includes\/media.php *\/\n\t\t<\/style>\n\t\t<div id='gallery-2' class='gallery galleryid-3304 gallery-columns-3 gallery-size-thumbnail'><dl class='gallery-item'>\n\t\t\t<dt class='gallery-icon landscape'>\n\t\t\t\t<a class=\"boxersandswipers\" title=\"Teide\" href='https:\/\/atanga.de\/wp-content\/uploads\/2015\/04\/Teide.jpg'><img decoding=\"async\" width=\"150\" height=\"150\" src=\"https:\/\/atanga.de\/wp-content\/uploads\/2015\/04\/Teide-150x150.jpg\" class=\"attachment-thumbnail size-thumbnail\" alt=\"\" aria-describedby=\"gallery-2-3314\" \/><\/a>\n\t\t\t<\/dt>\n\t\t\t\t<dd class='wp-caption-text gallery-caption' id='gallery-2-3314'>\n\t\t\t\tTeide\n\t\t\t\t<\/dd><\/dl><dl class='gallery-item'>\n\t\t\t<dt class='gallery-icon landscape'>\n\t\t\t\t<a class=\"boxersandswipers\" title=\"Teide 2\" href='https:\/\/atanga.de\/wp-content\/uploads\/2015\/04\/Teide-2.jpg'><img decoding=\"async\" width=\"150\" height=\"150\" src=\"https:\/\/atanga.de\/wp-content\/uploads\/2015\/04\/Teide-2-150x150.jpg\" class=\"attachment-thumbnail size-thumbnail\" alt=\"\" \/><\/a>\n\t\t\t<\/dt><\/dl>\n\t\t\t<br style='clear: both' \/>\n\t\t<\/div>\n\n<p>&nbsp;<\/p>\n<p>Eine halbe Stunde Fahrt weiter, erreichen wir die Talstation der Seilbahn, die uns zum Gipfel bringen soll.<br \/>\nPuh, wir sind allerdings nicht alleine. Einen Parkplatz finden wir Kilometer weit entfernt.<br \/>\nAchim und ich haben beide &#8218;Geduld&#8216; als zweiten Vornamen, aber heute bin \u00a0ich wild entschlossen bei dieser absoluten Traumsicht auszuharren, um nach oben fahren zu k\u00f6nnen.<\/p>\n<p>Achim guckt genervt, geht zur Toilette, w\u00e4hrend ich mich ans Ende der betr\u00e4chtlichen Schlange stelle.<br \/>\nIch komme zu stehen zwischen einem Paar aus England mit\u00a0drei Kindern zwischen 3 und 12 Jahren und einem \u00e4lteren Ehepaar aus Deutschland. Wir alle stehen in der prallen Sonne und es ist selbst hier auf 2.350 Meter H\u00f6he sehr sommerlich warm.<\/p>\n<p>Die englische Familie wirkt eigentlich sympathisch.<br \/>\nF\u00e4ngt aber trotzdem nach 10 Minuten an zu nerven. Der Vater cremt nacheinander seine Kinder mit Sonnenschutz ein und erkl\u00e4rt lautstark, vollumf\u00e4nglich und jeweils altersgerecht, warum es besser ist, sich in der H\u00f6he vor der Sonne zu sch\u00fctzen (wo sind roth\u00e4utige Engl\u00e4nder, wenn man sie mal braucht? <img src=\"https:\/\/atanga.de\/wp-content\/plugins\/classic-smilies\/img\/icon_mrgreen.gif\" alt=\":mrgreen:\" class=\"wp-smiley\" style=\"height: 1em; max-height: 1em;\" \/> ).<\/p>\n<p>Achim kommt von seinem Rundgang wieder zur\u00fcck: &#8222;Hat die Schlange sich \u00fcberhaupt schon bewegt?&#8220;<br \/>\n&#8222;Nein, aber ich m\u00f6chte gerne da hoch&#8230;&#8220;<br \/>\nIch sehe ihm an, er anf\u00e4ngt an zu rechnen, wie viele Menschen mit den beiden l\u00e4cherlichen Gondeln pro Stunde auf den Gipfel gekarrt werden k\u00f6nnen. Und dann kommt es auch schon: &#8222;Wenn das in dem Tempo weitergeht, warten \u00a0wir bis 16:00 Uhr\u00a0(letzte Gondel) und k\u00f6nnen gleich wieder runter.&#8220;<br \/>\nIch sage nur &#8222;Quatsch&#8220; \u00a0und lausche was der englische Erkl\u00e4r-B\u00e4r noch zu berichten hat.<\/p>\n<p>Die Dame hinter uns nervt nun ebenfalls. Sie r\u00fcckt viel zu nah ran und steht so dicht hinter uns, dass ihre Jacke \u00fcberm Arm an unseren Rucks\u00e4cken scheuert.<br \/>\nMir kommen gerade erste Zweifel, ob mein Gipfel-Wille noch stark genug ist, als Achim die Dame hinter uns h\u00f6flich bittet, etwas mehr Abstand zu halten. Sie wirft ihm vor, dass er r\u00fcckw\u00e4rts gegangen sei.<\/p>\n<p>Abpfiff, Kapitulation, R\u00fcckzug &#8211; wir scheren aus dem Glied aus und unsere L\u00fccke wird sofort von der Jacken-Frau geschlossen.<\/p>\n<p>An dieser Stelle muss ich es jetzt schreiben, sonst w\u00e4re die Geschichte unvollst\u00e4ndig:<br \/>\nIch hatte im Vorwege bei meiner Recherche \u00fcber den Teide darauf hingewiesen, dass man fr\u00fch morgens dort sein muss, da sonst Wartezeiten von Stunden entstehen k\u00f6nnen. Mehrfach!\u00a0Ich wurde nicht angeh\u00f6rt! <img src=\"https:\/\/atanga.de\/wp-content\/plugins\/classic-smilies\/img\/icon_evil.gif\" alt=\":evil:\" class=\"wp-smiley\" style=\"height: 1em; max-height: 1em;\" \/><\/p>\n<p>Wir grummeln etwas miteinander, einigen uns aber darauf, es Morgen noch einmal zu versuchen.<br \/>\nUm 9:00 Uhr, wenn die Gondeln \u00f6ffnen. Deal! Hand drauf!<br \/>\nIch bin bes\u00e4nftigt. <img src=\"https:\/\/atanga.de\/wp-content\/plugins\/classic-smilies\/img\/icon_smile.gif\" alt=\":-)\" class=\"wp-smiley\" style=\"height: 1em; max-height: 1em;\" \/><\/p>\n<p>Auf dem Weg zum Auto zur\u00fcck, h\u00f6re ich neben mir das Gemurmel von Gebeten: &#8222;Lieber Gott, lass Morgen den Teide nicht in Wolken sein, sonst bin ich tot&#8220;.<\/p>\n<p>Statt auf dem Gipfel, machen wir nun ein St\u00fcck Abseits in der Lavaw\u00fcste unser Mittagspicknick. Die tolle Sicht auf die kilometerlange Kraterwand entsch\u00e4digt.<br \/>\nDas Wetter ist zu gut, um zu streiten und wir disponieren einfach um.<\/p>\n\n\t\t<style type=\"text\/css\">\n\t\t\t#gallery-3 {\n\t\t\t\tmargin: auto;\n\t\t\t}\n\t\t\t#gallery-3 .gallery-item {\n\t\t\t\tfloat: left;\n\t\t\t\tmargin-top: 10px;\n\t\t\t\ttext-align: center;\n\t\t\t\twidth: 50%;\n\t\t\t}\n\t\t\t#gallery-3 img {\n\t\t\t\tborder: 2px solid #cfcfcf;\n\t\t\t}\n\t\t\t#gallery-3 .gallery-caption {\n\t\t\t\tmargin-left: 0;\n\t\t\t}\n\t\t\t\/* see gallery_shortcode() in wp-includes\/media.php *\/\n\t\t<\/style>\n\t\t<div id='gallery-3' class='gallery galleryid-3304 gallery-columns-2 gallery-size-thumbnail'><dl class='gallery-item'>\n\t\t\t<dt class='gallery-icon landscape'>\n\t\t\t\t<a class=\"boxersandswipers\" title=\"Gast beim Mittag\" href='https:\/\/atanga.de\/wp-content\/uploads\/2015\/04\/Gecko.jpg'><img decoding=\"async\" width=\"150\" height=\"150\" src=\"https:\/\/atanga.de\/wp-content\/uploads\/2015\/04\/Gecko-150x150.jpg\" class=\"attachment-thumbnail size-thumbnail\" alt=\"\" aria-describedby=\"gallery-3-3307\" \/><\/a>\n\t\t\t<\/dt>\n\t\t\t\t<dd class='wp-caption-text gallery-caption' id='gallery-3-3307'>\n\t\t\t\tGast beim Mittag\n\t\t\t\t<\/dd><\/dl><dl class='gallery-item'>\n\t\t\t<dt class='gallery-icon portrait'>\n\t\t\t\t<a class=\"boxersandswipers\" title=\"Noch nie Schnee gesehen?\" href='https:\/\/atanga.de\/wp-content\/uploads\/2015\/04\/Schnee.jpg'><img decoding=\"async\" width=\"150\" height=\"150\" src=\"https:\/\/atanga.de\/wp-content\/uploads\/2015\/04\/Schnee-150x150.jpg\" class=\"attachment-thumbnail size-thumbnail\" alt=\"\" aria-describedby=\"gallery-3-3312\" \/><\/a>\n\t\t\t<\/dt>\n\t\t\t\t<dd class='wp-caption-text gallery-caption' id='gallery-3-3312'>\n\t\t\t\tNoch nie Schnee gesehen?\n\t\t\t\t<\/dd><\/dl><br style=\"clear: both\" \/>\n\t\t<\/div>\n\n<p>&nbsp;<\/p>\n<p>Unser weiterer Weg f\u00fchrt uns Richtung S\u00fcden einmal quer durch den gigantischen Krater. Mit 17 km Durchmesser soll er der zweitgr\u00f6\u00dfte Vulkankrater der Welt sein.<br \/>\nBeim Pico del Teide handelt es sich um eine stehen gebliebene Spitze dieses Kraters.<\/p>\n<p>Wir machen einen Stopp an erloschenen, bizarren Vulkanschloten. Die bekannteste Formation ist hier der Roque Cinchado, der fr\u00fcher die 1.000 Peseten-Scheine zierte.<br \/>\nHier treffen wir witziger Weise auf die englische Familie.<br \/>\nSomit d\u00fcrfte es der Jacken-Frau gelungen, sich bis an die Spitze der Schlange gewedelt zu haben.<\/p>\n\n\t\t<style type=\"text\/css\">\n\t\t\t#gallery-4 {\n\t\t\t\tmargin: auto;\n\t\t\t}\n\t\t\t#gallery-4 .gallery-item {\n\t\t\t\tfloat: left;\n\t\t\t\tmargin-top: 10px;\n\t\t\t\ttext-align: center;\n\t\t\t\twidth: 33%;\n\t\t\t}\n\t\t\t#gallery-4 img {\n\t\t\t\tborder: 2px solid #cfcfcf;\n\t\t\t}\n\t\t\t#gallery-4 .gallery-caption {\n\t\t\t\tmargin-left: 0;\n\t\t\t}\n\t\t\t\/* see gallery_shortcode() in wp-includes\/media.php *\/\n\t\t<\/style>\n\t\t<div id='gallery-4' class='gallery galleryid-3304 gallery-columns-3 gallery-size-thumbnail'><dl class='gallery-item'>\n\t\t\t<dt class='gallery-icon landscape'>\n\t\t\t\t<a class=\"boxersandswipers\" title=\"Roque Cinchado\" href='https:\/\/atanga.de\/wp-content\/uploads\/2015\/04\/Smoker.jpg'><img decoding=\"async\" width=\"150\" height=\"150\" src=\"https:\/\/atanga.de\/wp-content\/uploads\/2015\/04\/Smoker-150x150.jpg\" class=\"attachment-thumbnail size-thumbnail\" alt=\"\" aria-describedby=\"gallery-4-3313\" \/><\/a>\n\t\t\t<\/dt>\n\t\t\t\t<dd class='wp-caption-text gallery-caption' id='gallery-4-3313'>\n\t\t\t\tRoque Cinchado\n\t\t\t\t<\/dd><\/dl><dl class='gallery-item'>\n\t\t\t<dt class='gallery-icon landscape'>\n\t\t\t\t<a class=\"boxersandswipers\" title=\"\" href='https:\/\/atanga.de\/wp-content\/uploads\/2015\/04\/Westen-2.jpg'><img decoding=\"async\" width=\"150\" height=\"150\" src=\"https:\/\/atanga.de\/wp-content\/uploads\/2015\/04\/Westen-2-150x150.jpg\" class=\"attachment-thumbnail size-thumbnail\" alt=\"\" \/><\/a>\n\t\t\t<\/dt><\/dl>\n\t\t\t<br style='clear: both' \/>\n\t\t<\/div>\n\n<p>&nbsp;<\/p>\n<p>Auch au\u00dferhalb des Nationalparks bleibt die Landschaft traumhaft sch\u00f6n.<\/p>\n<p>\n\t\t<style type=\"text\/css\">\n\t\t\t#gallery-5 {\n\t\t\t\tmargin: auto;\n\t\t\t}\n\t\t\t#gallery-5 .gallery-item {\n\t\t\t\tfloat: left;\n\t\t\t\tmargin-top: 10px;\n\t\t\t\ttext-align: center;\n\t\t\t\twidth: 33%;\n\t\t\t}\n\t\t\t#gallery-5 img {\n\t\t\t\tborder: 2px solid #cfcfcf;\n\t\t\t}\n\t\t\t#gallery-5 .gallery-caption {\n\t\t\t\tmargin-left: 0;\n\t\t\t}\n\t\t\t\/* see gallery_shortcode() in wp-includes\/media.php *\/\n\t\t<\/style>\n\t\t<div id='gallery-5' class='gallery galleryid-3304 gallery-columns-3 gallery-size-thumbnail'><dl class='gallery-item'>\n\t\t\t<dt class='gallery-icon landscape'>\n\t\t\t\t<a class=\"boxersandswipers\" title=\"Blick auf Gomera\" href='https:\/\/atanga.de\/wp-content\/uploads\/2015\/04\/Gomera.jpg'><img decoding=\"async\" width=\"150\" height=\"150\" src=\"https:\/\/atanga.de\/wp-content\/uploads\/2015\/04\/Gomera-150x150.jpg\" class=\"attachment-thumbnail size-thumbnail\" alt=\"\" aria-describedby=\"gallery-5-3319\" \/><\/a>\n\t\t\t<\/dt>\n\t\t\t\t<dd class='wp-caption-text gallery-caption' id='gallery-5-3319'>\n\t\t\t\tBlick auf Gomera\n\t\t\t\t<\/dd><\/dl><dl class='gallery-item'>\n\t\t\t<dt class='gallery-icon landscape'>\n\t\t\t\t<a class=\"boxersandswipers\" title=\"\" href='https:\/\/atanga.de\/wp-content\/uploads\/2015\/04\/Westen.jpg'><img decoding=\"async\" width=\"150\" height=\"150\" src=\"https:\/\/atanga.de\/wp-content\/uploads\/2015\/04\/Westen-150x150.jpg\" class=\"attachment-thumbnail size-thumbnail\" alt=\"\" \/><\/a>\n\t\t\t<\/dt><\/dl><dl class='gallery-item'>\n\t\t\t<dt class='gallery-icon landscape'>\n\t\t\t\t<a class=\"boxersandswipers\" title=\"Westen 3\" href='https:\/\/atanga.de\/wp-content\/uploads\/2015\/04\/Westen-3.jpg'><img decoding=\"async\" width=\"150\" height=\"150\" src=\"https:\/\/atanga.de\/wp-content\/uploads\/2015\/04\/Westen-3-150x150.jpg\" class=\"attachment-thumbnail size-thumbnail\" alt=\"\" \/><\/a>\n\t\t\t<\/dt><\/dl><br style=\"clear: both\" \/>\n\t\t<\/div>\n<br \/>\nAn der steilen Nordwestk\u00fcste machen wir vom Plateau aus einen Abstecher nach Garachico.\u00a0Dieser 5.000 Seelenort ist von den Vulkanausbr\u00fcchen im 18. Jahrhundert verschont geblieben und hat noch einen ansehnlichen Altstadtkern.<\/p>\n<p>Die Hauptattraktion ist aber zweifelsohne der Weg dorthin.<br \/>\n300 Meter Stra\u00dfe, 180 Grad Kehre, 300 Meter Stra\u00dfe. Der Luv-Gewinn pro Schleife betr\u00e4gt zeitweise nur 10 Meter, so dass etliche Spitzkehren n\u00f6tig sind.<br \/>\nWarum man aber auf die Idee kommt, ausgerechnet eine Siedlung an einer Stelle zu gr\u00fcnden. die weder zu Fu\u00df noch mit Pferd und Wagen zu erreichen ist, ist uns ein R\u00e4tsel.<\/p>\n\n\t\t<style type=\"text\/css\">\n\t\t\t#gallery-6 {\n\t\t\t\tmargin: auto;\n\t\t\t}\n\t\t\t#gallery-6 .gallery-item {\n\t\t\t\tfloat: left;\n\t\t\t\tmargin-top: 10px;\n\t\t\t\ttext-align: center;\n\t\t\t\twidth: 33%;\n\t\t\t}\n\t\t\t#gallery-6 img {\n\t\t\t\tborder: 2px solid #cfcfcf;\n\t\t\t}\n\t\t\t#gallery-6 .gallery-caption {\n\t\t\t\tmargin-left: 0;\n\t\t\t}\n\t\t\t\/* see gallery_shortcode() in wp-includes\/media.php *\/\n\t\t<\/style>\n\t\t<div id='gallery-6' class='gallery galleryid-3304 gallery-columns-3 gallery-size-thumbnail'><dl class='gallery-item'>\n\t\t\t<dt class='gallery-icon landscape'>\n\t\t\t\t<a class=\"boxersandswipers\" title=\"Garachico\" href='https:\/\/atanga.de\/wp-content\/uploads\/2015\/04\/Chicho.jpg'><img decoding=\"async\" width=\"150\" height=\"150\" src=\"https:\/\/atanga.de\/wp-content\/uploads\/2015\/04\/Chicho-150x150.jpg\" class=\"attachment-thumbnail size-thumbnail\" alt=\"\" aria-describedby=\"gallery-6-3305\" \/><\/a>\n\t\t\t<\/dt>\n\t\t\t\t<dd class='wp-caption-text gallery-caption' id='gallery-6-3305'>\n\t\t\t\tGarachico\n\t\t\t\t<\/dd><\/dl><dl class='gallery-item'>\n\t\t\t<dt class='gallery-icon landscape'>\n\t\t\t\t<a class=\"boxersandswipers\" title=\"\" href='https:\/\/atanga.de\/wp-content\/uploads\/2015\/04\/Chicho-2.jpg'><img decoding=\"async\" width=\"150\" height=\"150\" src=\"https:\/\/atanga.de\/wp-content\/uploads\/2015\/04\/Chicho-2-150x150.jpg\" class=\"attachment-thumbnail size-thumbnail\" alt=\"\" \/><\/a>\n\t\t\t<\/dt><\/dl>\n\t\t\t<br style='clear: both' \/>\n\t\t<\/div>\n\n<p>Ausgerechnet hier an der Steilwand, in 100 bis 400 Meter H\u00f6he, sto\u00dfen wir auf die ersten Wolken des Tages. Auf Meeresniveau ist es 5 Grad k\u00e4lter als oben an der Seilbahn.<\/p>\n<p>Die erste Tour auf Teneriffa, l\u00e4sst die Insel schon jetzt zum bisherigen Kanaren Favoriten aufsteigen.<br \/>\nAuf \u00a0Atanga gibt es dann den zweiten Tag Gulasch (mit Charlotten, Orangensaft- und Schale, Rotwein &#8211; mein Lieblings-Gulasch (danke Olaf))<\/p>\n<p>Und beim Einschlafen h\u00f6re ich wieder ein kleines Gebet neben mir&#8230;<\/p>\n<p>&nbsp;<\/p>\n<div class=\"pld-like-dislike-wrap pld-template-1\">\r\n    <div class=\"pld-like-wrap  pld-common-wrap\">\r\n    <a href=\"javascript:void(0)\" class=\"pld-like-trigger pld-like-dislike-trigger  \" title=\"gef\u00e4llt mir\" data-post-id=\"3304\" data-trigger-type=\"like\" data-restriction=\"cookie\" data-already-liked=\"0\">\r\n                        <i class=\"fas fa-thumbs-up\"><\/i>\r\n                <\/a>\r\n    <span class=\"pld-like-count-wrap pld-count-wrap\">1    <\/span>\r\n<\/div><div class=\"pld-dislike-wrap  pld-common-wrap\">\r\n    <a href=\"javascript:void(0)\" class=\"pld-dislike-trigger pld-like-dislike-trigger  \" title=\"doof\" data-post-id=\"3304\" data-trigger-type=\"dislike\" data-restriction=\"cookie\" data-already-liked=\"0\">\r\n                        <i class=\"fas fa-thumbs-down\"><\/i>\r\n                <\/a>\r\n    <span class=\"pld-dislike-count-wrap pld-count-wrap\"><\/span>\r\n<\/div><\/div>","protected":false},"excerpt":{"rendered":"<p>Di., 31.Mrz.15, Teneriffa, Tag 304, 2.477 sm von HH In Santa Cruz ein Auto zu mieten, ist genau so einfach wie in Las Palmas. Nur teurer. Die Vermietung hat ihr B\u00fcro hier im Hafen und der Parkplatz liegt direkt vor der Haust\u00fcr. Leider k\u00f6nnen wir erst um10:00 Uhr unser Auto f\u00fcr die n\u00e4chsten zwei Tage [&hellip;]<\/p>\n","protected":false},"author":4,"featured_media":0,"comment_status":"open","ping_status":"closed","sticky":false,"template":"","format":"standard","meta":{"footnotes":""},"categories":[58,36,26],"tags":[],"class_list":["post-3304","post","type-post","status-publish","format-standard","hentry","category-teneriffa","category-landausfluege","category-spanien"],"_links":{"self":[{"href":"https:\/\/atanga.de\/index.php?rest_route=\/wp\/v2\/posts\/3304","targetHints":{"allow":["GET"]}}],"collection":[{"href":"https:\/\/atanga.de\/index.php?rest_route=\/wp\/v2\/posts"}],"about":[{"href":"https:\/\/atanga.de\/index.php?rest_route=\/wp\/v2\/types\/post"}],"author":[{"embeddable":true,"href":"https:\/\/atanga.de\/index.php?rest_route=\/wp\/v2\/users\/4"}],"replies":[{"embeddable":true,"href":"https:\/\/atanga.de\/index.php?rest_route=%2Fwp%2Fv2%2Fcomments&post=3304"}],"version-history":[{"count":7,"href":"https:\/\/atanga.de\/index.php?rest_route=\/wp\/v2\/posts\/3304\/revisions"}],"predecessor-version":[{"id":3326,"href":"https:\/\/atanga.de\/index.php?rest_route=\/wp\/v2\/posts\/3304\/revisions\/3326"}],"wp:attachment":[{"href":"https:\/\/atanga.de\/index.php?rest_route=%2Fwp%2Fv2%2Fmedia&parent=3304"}],"wp:term":[{"taxonomy":"category","embeddable":true,"href":"https:\/\/atanga.de\/index.php?rest_route=%2Fwp%2Fv2%2Fcategories&post=3304"},{"taxonomy":"post_tag","embeddable":true,"href":"https:\/\/atanga.de\/index.php?rest_route=%2Fwp%2Fv2%2Ftags&post=3304"}],"curies":[{"name":"wp","href":"https:\/\/api.w.org\/{rel}","templated":true}]}}