{"id":3380,"date":"2015-04-09T20:24:01","date_gmt":"2015-04-09T20:24:01","guid":{"rendered":"http:\/\/atanga.de\/?p=3380"},"modified":"2015-12-18T16:53:28","modified_gmt":"2015-12-18T16:53:28","slug":"kursaenderung","status":"publish","type":"post","link":"https:\/\/atanga.de\/?p=3380","title":{"rendered":"Kurs\u00e4nderung"},"content":{"rendered":"<p>Mi.\/Do., 08.\/09..Apr.15, Teneriffa, Tag 312\/313, 2.477 sm von HH<\/p>\n<p><strong>Es gibt eine gute und eine schlechte Nachricht.<\/strong><br \/>\nDie gute: wir haben seit heute nur noch Unterricht zu dritt.<br \/>\nDie schlechte: wir haben seit heute nur noch Unterricht zu dritt.<\/p>\n<p>Am Mittwoch in der Mittagspause\u00a0hatten Achim und ich schon \u00fcberlegt, ob es Sinn macht,\u00a0unseren Spanisch Kurs wirklich um eine Woche zu verl\u00e4ngern.<br \/>\nIn aller Offenheit muss man sagen, dass Thomas und Peter das Niveau so runter gedr\u00fcckt haben, dass wir f\u00fcr uns der Nutzen etwas in Frage gestellt haben.<br \/>\nAriane, unsere Deutsch-Amerikanische Mitsch\u00fclerin, ist gleich ganz fern geblieben.<br \/>\nAber Vicente hat das auch erkannt und somit wurde uns vom Chef der Schule das Angebot eines\u00a0Wechsels des Kurs gemacht.<\/p>\n<p>Somit unterrichtet Vicente seit heute nur noch Ariane und uns beide.<br \/>\nDas hat zur Folge, dass Achim und ich nun die Rolle von Peter \u00fcbernommen haben. <img src=\"https:\/\/atanga.de\/wp-content\/plugins\/classic-smilies\/img\/icon_mrgreen.gif\" alt=\":mrgreen:\" class=\"wp-smiley\" style=\"height: 1em; max-height: 1em;\" \/><br \/>\nNicht so staubtrocken, aber genau so doof.<\/p>\n<p>Nicht nur, dass man doppelt so oft dran ist, wenn die Teilnehmerzahl sich halbiert.<br \/>\nNein, Ariane ist so schnell in ihren Antworten und Erz\u00e4hlungen, dass man sogar dreimal so h\u00e4ufig sprechen muss. Das ist schon heftig.<\/p>\n<p>Vicente verzichtet jetzt komplett auf Erkl\u00e4rungen auf Englisch, sondern es wird nur noch Spanisch gesprochen. Aber es geht. Zumindest meistens\u2026<br \/>\nZwischendurch wegtr\u00e4umen ist nicht, weil man dann sofort raus ist. Das macht Spa\u00df, ist aber auch wirklich anstrengend.<\/p>\n<p>Zu Hause machen wir dann unsere Hausaufgaben und sprechen auch die \u00fcbrige Zeit \u201enur\u201c noch Spanisch miteinander. Da kann es beim Tisch decken, kochen und essen jetzt schon mal f\u00fcnf Minuten dauern, bevor man bekommt, was man m\u00f6chte. <img src=\"https:\/\/atanga.de\/wp-content\/plugins\/classic-smilies\/img\/icon_wink.gif\" alt=\";-)\" class=\"wp-smiley\" style=\"height: 1em; max-height: 1em;\" \/><\/p>\n<p>&nbsp;<\/p>\n<p><strong>Apropos kochen:<br \/>\n<\/strong> Damit ich \u00fcberhaupt noch ein bisschen Spa\u00df am Leben habe <img src=\"https:\/\/atanga.de\/wp-content\/plugins\/classic-smilies\/img\/icon_wink.gif\" alt=\";-)\" class=\"wp-smiley\" style=\"height: 1em; max-height: 1em;\" \/> , gab es heute eine k\u00f6stliche Fischsuppe.<br \/>\nIn Spanien ist es \u00fcblich, dass man einen ganzen Fisch kauft und nicht das einzelne Filet. Der Fischmann schneidet dann die Filets aus dem Fisch der Wahl und man bekommt, so man will, den Kopf und die Gr\u00e4ten mit eingepackt.<br \/>\nGestern gab es gebratenes Filet bei uns und heute habe ich aus der Karkasse und dem Kopf eine Suppe gekocht (mit ein paar Scampis, Fenchel, Tomatenw\u00fcrfeln, Lorbeer, Wei\u00dfwein usw.). Achim fand die Suppe leider nicht so gro\u00dfartig wie ich.\u00a0 <img src=\"https:\/\/atanga.de\/wp-content\/plugins\/classic-smilies\/img\/icon_sad.gif\" alt=\":-(\" class=\"wp-smiley\" style=\"height: 1em; max-height: 1em;\" \/> Also werde ich n\u00e4chstes Mal den Fenchel in gro\u00dfen St\u00fccken nur mit kochen und dann aus dem Sud fischen.<\/p>\n\n\t\t<style type=\"text\/css\">\n\t\t\t#gallery-1 {\n\t\t\t\tmargin: auto;\n\t\t\t}\n\t\t\t#gallery-1 .gallery-item {\n\t\t\t\tfloat: left;\n\t\t\t\tmargin-top: 10px;\n\t\t\t\ttext-align: center;\n\t\t\t\twidth: 33%;\n\t\t\t}\n\t\t\t#gallery-1 img {\n\t\t\t\tborder: 2px solid #cfcfcf;\n\t\t\t}\n\t\t\t#gallery-1 .gallery-caption {\n\t\t\t\tmargin-left: 0;\n\t\t\t}\n\t\t\t\/* see gallery_shortcode() in wp-includes\/media.php *\/\n\t\t<\/style>\n\t\t<div id='gallery-1' class='gallery galleryid-3380 gallery-columns-3 gallery-size-thumbnail'><dl class='gallery-item'>\n\t\t\t<dt class='gallery-icon landscape'>\n\t\t\t\t<a class=\"boxersandswipers\" title=\"Zu viel Fenchel f\u00fcr den Skipper\" href='https:\/\/atanga.de\/wp-content\/uploads\/2015\/04\/Fischsuppe.jpg'><img decoding=\"async\" width=\"150\" height=\"150\" src=\"https:\/\/atanga.de\/wp-content\/uploads\/2015\/04\/Fischsuppe-150x150.jpg\" class=\"attachment-thumbnail size-thumbnail\" alt=\"\" aria-describedby=\"gallery-1-3381\" \/><\/a>\n\t\t\t<\/dt>\n\t\t\t\t<dd class='wp-caption-text gallery-caption' id='gallery-1-3381'>\n\t\t\t\tZu viel Fenchel f\u00fcr den Skipper\n\t\t\t\t<\/dd><\/dl>\n\t\t\t<br style='clear: both' \/>\n\t\t<\/div>\n\n<div class=\"pld-like-dislike-wrap pld-template-1\">\r\n    <div class=\"pld-like-wrap  pld-common-wrap\">\r\n    <a href=\"javascript:void(0)\" class=\"pld-like-trigger pld-like-dislike-trigger  \" title=\"gef\u00e4llt mir\" data-post-id=\"3380\" data-trigger-type=\"like\" data-restriction=\"cookie\" data-already-liked=\"0\">\r\n                        <i class=\"fas fa-thumbs-up\"><\/i>\r\n                <\/a>\r\n    <span class=\"pld-like-count-wrap pld-count-wrap\">1    <\/span>\r\n<\/div><div class=\"pld-dislike-wrap  pld-common-wrap\">\r\n    <a href=\"javascript:void(0)\" class=\"pld-dislike-trigger pld-like-dislike-trigger  \" title=\"doof\" data-post-id=\"3380\" data-trigger-type=\"dislike\" data-restriction=\"cookie\" data-already-liked=\"0\">\r\n                        <i class=\"fas fa-thumbs-down\"><\/i>\r\n                <\/a>\r\n    <span class=\"pld-dislike-count-wrap pld-count-wrap\"><\/span>\r\n<\/div><\/div>","protected":false},"excerpt":{"rendered":"<p>Mi.\/Do., 08.\/09..Apr.15, Teneriffa, Tag 312\/313, 2.477 sm von HH Es gibt eine gute und eine schlechte Nachricht. Die gute: wir haben seit heute nur noch Unterricht zu dritt. Die schlechte: wir haben seit heute nur noch Unterricht zu dritt. Am Mittwoch in der Mittagspause\u00a0hatten Achim und ich schon \u00fcberlegt, ob es Sinn macht,\u00a0unseren Spanisch Kurs [&hellip;]<\/p>\n","protected":false},"author":4,"featured_media":0,"comment_status":"open","ping_status":"closed","sticky":false,"template":"","format":"standard","meta":{"footnotes":""},"categories":[58,26,45],"tags":[],"class_list":["post-3380","post","type-post","status-publish","format-standard","hentry","category-teneriffa","category-spanien","category-allgemein"],"_links":{"self":[{"href":"https:\/\/atanga.de\/index.php?rest_route=\/wp\/v2\/posts\/3380","targetHints":{"allow":["GET"]}}],"collection":[{"href":"https:\/\/atanga.de\/index.php?rest_route=\/wp\/v2\/posts"}],"about":[{"href":"https:\/\/atanga.de\/index.php?rest_route=\/wp\/v2\/types\/post"}],"author":[{"embeddable":true,"href":"https:\/\/atanga.de\/index.php?rest_route=\/wp\/v2\/users\/4"}],"replies":[{"embeddable":true,"href":"https:\/\/atanga.de\/index.php?rest_route=%2Fwp%2Fv2%2Fcomments&post=3380"}],"version-history":[{"count":4,"href":"https:\/\/atanga.de\/index.php?rest_route=\/wp\/v2\/posts\/3380\/revisions"}],"predecessor-version":[{"id":3385,"href":"https:\/\/atanga.de\/index.php?rest_route=\/wp\/v2\/posts\/3380\/revisions\/3385"}],"wp:attachment":[{"href":"https:\/\/atanga.de\/index.php?rest_route=%2Fwp%2Fv2%2Fmedia&parent=3380"}],"wp:term":[{"taxonomy":"category","embeddable":true,"href":"https:\/\/atanga.de\/index.php?rest_route=%2Fwp%2Fv2%2Fcategories&post=3380"},{"taxonomy":"post_tag","embeddable":true,"href":"https:\/\/atanga.de\/index.php?rest_route=%2Fwp%2Fv2%2Ftags&post=3380"}],"curies":[{"name":"wp","href":"https:\/\/api.w.org\/{rel}","templated":true}]}}