{"id":3386,"date":"2015-04-12T20:17:22","date_gmt":"2015-04-12T20:17:22","guid":{"rendered":"http:\/\/atanga.de\/?p=3386"},"modified":"2015-12-18T16:53:20","modified_gmt":"2015-12-18T16:53:20","slug":"das-kommt-mir-spanisch-vor","status":"publish","type":"post","link":"https:\/\/atanga.de\/?p=3386","title":{"rendered":"Das kommt mir Spanisch vor"},"content":{"rendered":"<p><em>Fr.-So., 10.-12. Apr.15, Teneriffa, Tag 314-316, 2.477 sm von HH<\/em><\/p>\n<p>Am Freitag, nach Schulschluss gibt es ein gemeinsames Tapas-Essen mit Sch\u00fclern und Lehrern unserer Schule.<br \/>\nDer Vorschlag kam vom Chef der Schule und die meisten sind seiner Idee gefolgt. So sitzen wir in einem netten Lokal in der Altstadt in einer ca. 15 Personen-Runde, die bunter nicht sein k\u00f6nnte. Unsere Mitsch\u00fcler lernen aus den unterschiedlichsten Gr\u00fcnden Spanisch: die einen wollen hier auf den Kanaren arbeiten, andere machen zwei Wochen Bildungsurlaub (Peter) oder ein Schweizer, der gerade \u00fcber 3.000 km den Jacobsweg gewandert ist, m\u00f6chte seine F\u00e4higkeiten verbessern.<\/p>\n<p>Alle versuchen, ihre gro\u00dfen oder mickrigen (&#8230;. <img src=\"https:\/\/atanga.de\/wp-content\/plugins\/classic-smilies\/img\/icon_wink.gif\" alt=\";-)\" class=\"wp-smiley\" style=\"height: 1em; max-height: 1em;\" \/> ) Kenntnisse, so gut es geht an den Mann zu bringen. Eine nette Idee mit tollen Tapas, die wir uns alleine wohl nicht bestellt h\u00e4tten. Zum Beispiel, gebackene Aubergine mit Palmen-Sirup und gehackten N\u00fcssen.<\/p>\n<p>Am Samstag machen wir brav unsere Hausaufgaben und lernen eifrig Vokabeln.<br \/>\nIn einer Lernpause am Nachmittag machen wir einen kleinen Spaziergang durch die Stadt und finden beim Zur\u00fcckkommen die La Joya drei Pl\u00e4tze neben uns vor.<\/p>\n<p>Was f\u00fcr eine nette \u00dcberraschung.<br \/>\nGabi, Petra und Michael segeln uns ja nun bereits seit Fuerteventura hinterher. <img src=\"https:\/\/atanga.de\/wp-content\/plugins\/classic-smilies\/img\/icon_wink.gif\" alt=\";-)\" class=\"wp-smiley\" style=\"height: 1em; max-height: 1em;\" \/><br \/>\nDie Wiedersehensfreude ist gro\u00df und wird geb\u00fchrend mit einem Sundowner auf der La Joya gefeiert. Die Zeit vergeht wie im Fluge und wir beschlie\u00dfen kurzentschlossen unsere Abendessen zusammen zu legen. Der Zufall will es, dass wir noch kleine H\u00e4hnchenschenkel in sweet Chiliesauce haben und die La Joja hat gebratene H\u00fchnerbeine. Somit ist ein Zusammenwerfen mit Reis kochen und einem Salat schnell gemacht.<br \/>\nDieses spontane Abendessen dauert dann allerdings bis heute Morgen um halb zwei. \u00a0<img src=\"https:\/\/atanga.de\/wp-content\/plugins\/classic-smilies\/img\/icon_eek.gif\" alt=\":shock:\" class=\"wp-smiley\" style=\"height: 1em; max-height: 1em;\" \/><\/p>\n<p>Dementsprechend f\u00e4ngt heute die Fortsetzung unseres Spanisch-Studiums sp\u00e4ter an und f\u00e4llt nicht auf so fruchtbaren Boden. Aber Morgen sind wir wieder richtig fit f\u00fcr die zweite Woche Power-Spanisch.<\/p>\n<div class=\"pld-like-dislike-wrap pld-template-1\">\r\n    <div class=\"pld-like-wrap  pld-common-wrap\">\r\n    <a href=\"javascript:void(0)\" class=\"pld-like-trigger pld-like-dislike-trigger  \" title=\"gef\u00e4llt mir\" data-post-id=\"3386\" data-trigger-type=\"like\" data-restriction=\"cookie\" data-already-liked=\"0\">\r\n                        <i class=\"fas fa-thumbs-up\"><\/i>\r\n                <\/a>\r\n    <span class=\"pld-like-count-wrap pld-count-wrap\">    <\/span>\r\n<\/div><div class=\"pld-dislike-wrap  pld-common-wrap\">\r\n    <a href=\"javascript:void(0)\" class=\"pld-dislike-trigger pld-like-dislike-trigger  \" title=\"doof\" data-post-id=\"3386\" data-trigger-type=\"dislike\" data-restriction=\"cookie\" data-already-liked=\"0\">\r\n                        <i class=\"fas fa-thumbs-down\"><\/i>\r\n                <\/a>\r\n    <span class=\"pld-dislike-count-wrap pld-count-wrap\"><\/span>\r\n<\/div><\/div>","protected":false},"excerpt":{"rendered":"<p>Fr.-So., 10.-12. Apr.15, Teneriffa, Tag 314-316, 2.477 sm von HH Am Freitag, nach Schulschluss gibt es ein gemeinsames Tapas-Essen mit Sch\u00fclern und Lehrern unserer Schule. Der Vorschlag kam vom Chef der Schule und die meisten sind seiner Idee gefolgt. So sitzen wir in einem netten Lokal in der Altstadt in einer ca. 15 Personen-Runde, die [&hellip;]<\/p>\n","protected":false},"author":4,"featured_media":0,"comment_status":"open","ping_status":"closed","sticky":false,"template":"","format":"standard","meta":{"footnotes":""},"categories":[58,26,45],"tags":[],"class_list":["post-3386","post","type-post","status-publish","format-standard","hentry","category-teneriffa","category-spanien","category-allgemein"],"_links":{"self":[{"href":"https:\/\/atanga.de\/index.php?rest_route=\/wp\/v2\/posts\/3386","targetHints":{"allow":["GET"]}}],"collection":[{"href":"https:\/\/atanga.de\/index.php?rest_route=\/wp\/v2\/posts"}],"about":[{"href":"https:\/\/atanga.de\/index.php?rest_route=\/wp\/v2\/types\/post"}],"author":[{"embeddable":true,"href":"https:\/\/atanga.de\/index.php?rest_route=\/wp\/v2\/users\/4"}],"replies":[{"embeddable":true,"href":"https:\/\/atanga.de\/index.php?rest_route=%2Fwp%2Fv2%2Fcomments&post=3386"}],"version-history":[{"count":5,"href":"https:\/\/atanga.de\/index.php?rest_route=\/wp\/v2\/posts\/3386\/revisions"}],"predecessor-version":[{"id":3398,"href":"https:\/\/atanga.de\/index.php?rest_route=\/wp\/v2\/posts\/3386\/revisions\/3398"}],"wp:attachment":[{"href":"https:\/\/atanga.de\/index.php?rest_route=%2Fwp%2Fv2%2Fmedia&parent=3386"}],"wp:term":[{"taxonomy":"category","embeddable":true,"href":"https:\/\/atanga.de\/index.php?rest_route=%2Fwp%2Fv2%2Fcategories&post=3386"},{"taxonomy":"post_tag","embeddable":true,"href":"https:\/\/atanga.de\/index.php?rest_route=%2Fwp%2Fv2%2Ftags&post=3386"}],"curies":[{"name":"wp","href":"https:\/\/api.w.org\/{rel}","templated":true}]}}