{"id":3393,"date":"2015-04-14T20:14:58","date_gmt":"2015-04-14T20:14:58","guid":{"rendered":"http:\/\/atanga.de\/?p=3393"},"modified":"2015-12-18T16:53:53","modified_gmt":"2015-12-18T16:53:53","slug":"wetter-und-wolken","status":"publish","type":"post","link":"https:\/\/atanga.de\/?p=3393","title":{"rendered":"Wetter und Wolken"},"content":{"rendered":"<p><em>Di., 14. Apr.15, Teneriffa, Tag 319, 2.477 sm von HH<\/em><\/p>\n<p>Wetter ist ja f\u00fcr jedermann zu jeder Zeit ein Gespr\u00e4chsthema wert.<br \/>\nImmer unverf\u00e4nglich im Fahrstuhl und immer obligatorisch die erste Frage nach Ende eines Urlaubs.<\/p>\n<p>F\u00fcr uns hat Wetter, seit wir unterwegs sind, aber noch an Wichtigkeit zugenommen.<br \/>\nZum einen nat\u00fcrlich wegen der Segelei, aber das sind ja die wenigsten Tage.<br \/>\nVielmehr ist es auch extrem wichtig f\u00fcr unsere Hafentage.<\/p>\n<p>Dadurch, dass wir unter Deck nur einen kleinen Lebensraum haben, halten wir uns nat\u00fcrlich auch gerne im Cockpit auf.<br \/>\nDas bietet einen zus\u00e4tzlichen Wohnraum und im Prinzip die einzige M\u00f6glichkeit zu sehen, was in der Nachbarschaft und im Hafen so los ist. Hier sitzt man aber nur gem\u00fctlich, wenn es nicht zu kalt ist und nicht regnet.<br \/>\nDurch die Kuchenbude (Verdeck \u00fcber dem Cockpit) tr\u00f6pfelt es an einigen N\u00e4hten nach stundenlangen Regeng\u00fcssen etwas rein. <img src=\"https:\/\/atanga.de\/wp-content\/plugins\/classic-smilies\/img\/icon_cry.gif\" alt=\":cry:\" class=\"wp-smiley\" style=\"height: 1em; max-height: 1em;\" \/><\/p>\n<p>Da wir alle Landg\u00e4nge nur zu Fu\u00df oder per Rad unternehmen k\u00f6nnen, ist es auch hier wichtig zu wissen, ob es regnen wird.<br \/>\nMangels Trockner und Keller, k\u00f6nnen wir unsere W\u00e4sche nur an Deck oder manchmal auch in s\u00fcndhaft teuren T\u00fcmmlern im Hafen trocknen.<\/p>\n<p>Somit ist der erste Blick morgens ins Internet, wie das Wetter wird.<br \/>\nDa die Vorhersagen hier genauso wenig korrekt wie zu Hause sind, hat Achim daf\u00fcr in letzter Zeit h\u00e4ufig das aktuelle Satellitenbild zu Rate gezogen. Wir machen uns dann unseren eigene Wettervorhersage:<br \/>\nWolken auf dem Atlantik zu sehen: Vorsicht!<br \/>\nKeine Wolken: alles ist m\u00f6glich.<\/p>\n<p>Dabei ist uns aufgefallen, dass man auf dem Satellitenbild ganz deutlich sehen kann, warum es auf den Kanarischen Inseln im Norden meistens bew\u00f6lkt und im S\u00fcden bestes Wetter ist. Der Wind und somit ggf. vorhandene Wolken kommen meistens aus Nordosten.<br \/>\nDie Gebirge auf den einzelnen Inseln rei\u00dfen ein so gro\u00dfes Loch in die Wolkendecke, dass dieses noch\u00a0100te Kilometer s\u00fcdlich der Inseln zu erkennen es. Dort wo die Wolken sich wieder zusammenf\u00fcgen, kann man gut die Verwirbelungen erkennen, die dieser Prozess mit sich bringt.<br \/>\nNur auf Lanzarote und Fuerteventura klappt das nicht, da die Berge zu niedrig sind.<\/p>\n<p>Diese Erkenntnis hilft uns nun auch nicht wirklich bei einer bessern Vorhersage, aber wir sind \u00fcberrascht, dass dies so deutlich zu erkennen ist. <img src=\"https:\/\/atanga.de\/wp-content\/plugins\/classic-smilies\/img\/icon_smile.gif\" alt=\":-)\" class=\"wp-smiley\" style=\"height: 1em; max-height: 1em;\" \/><\/p>\n<p>&nbsp;<\/p>\n\n\t\t<style type=\"text\/css\">\n\t\t\t#gallery-1 {\n\t\t\t\tmargin: auto;\n\t\t\t}\n\t\t\t#gallery-1 .gallery-item {\n\t\t\t\tfloat: left;\n\t\t\t\tmargin-top: 10px;\n\t\t\t\ttext-align: center;\n\t\t\t\twidth: 33%;\n\t\t\t}\n\t\t\t#gallery-1 img {\n\t\t\t\tborder: 2px solid #cfcfcf;\n\t\t\t}\n\t\t\t#gallery-1 .gallery-caption {\n\t\t\t\tmargin-left: 0;\n\t\t\t}\n\t\t\t\/* see gallery_shortcode() in wp-includes\/media.php *\/\n\t\t<\/style>\n\t\t<div id='gallery-1' class='gallery galleryid-3393 gallery-columns-3 gallery-size-thumbnail'><dl class='gallery-item'>\n\t\t\t<dt class='gallery-icon landscape'>\n\t\t\t\t<a class=\"boxersandswipers\" title=\"Wolkendecke \u00fcber dem Atlantik\" href='https:\/\/atanga.de\/wp-content\/uploads\/2015\/04\/Satellitenbild.jpg'><img decoding=\"async\" width=\"150\" height=\"150\" src=\"https:\/\/atanga.de\/wp-content\/uploads\/2015\/04\/Satellitenbild-150x150.jpg\" class=\"attachment-thumbnail size-thumbnail\" alt=\"\" aria-describedby=\"gallery-1-3394\" \/><\/a>\n\t\t\t<\/dt>\n\t\t\t\t<dd class='wp-caption-text gallery-caption' id='gallery-1-3394'>\n\t\t\t\tWolkendecke \u00fcber dem Atlantik\n\t\t\t\t<\/dd><\/dl>\n\t\t\t<br style='clear: both' \/>\n\t\t<\/div>\n\n<p>&nbsp;<\/p>\n<p><strong><em>P.S. Spanisch, die zweite Woche l\u00e4uft\u2026<\/em><\/strong><\/p>\n<div class=\"pld-like-dislike-wrap pld-template-1\">\r\n    <div class=\"pld-like-wrap  pld-common-wrap\">\r\n    <a href=\"javascript:void(0)\" class=\"pld-like-trigger pld-like-dislike-trigger  \" title=\"gef\u00e4llt mir\" data-post-id=\"3393\" data-trigger-type=\"like\" data-restriction=\"cookie\" data-already-liked=\"0\">\r\n                        <i class=\"fas fa-thumbs-up\"><\/i>\r\n                <\/a>\r\n    <span class=\"pld-like-count-wrap pld-count-wrap\">1    <\/span>\r\n<\/div><div class=\"pld-dislike-wrap  pld-common-wrap\">\r\n    <a href=\"javascript:void(0)\" class=\"pld-dislike-trigger pld-like-dislike-trigger  \" title=\"doof\" data-post-id=\"3393\" data-trigger-type=\"dislike\" data-restriction=\"cookie\" data-already-liked=\"0\">\r\n                        <i class=\"fas fa-thumbs-down\"><\/i>\r\n                <\/a>\r\n    <span class=\"pld-dislike-count-wrap pld-count-wrap\"><\/span>\r\n<\/div><\/div>","protected":false},"excerpt":{"rendered":"<p>Di., 14. Apr.15, Teneriffa, Tag 319, 2.477 sm von HH Wetter ist ja f\u00fcr jedermann zu jeder Zeit ein Gespr\u00e4chsthema wert. Immer unverf\u00e4nglich im Fahrstuhl und immer obligatorisch die erste Frage nach Ende eines Urlaubs. F\u00fcr uns hat Wetter, seit wir unterwegs sind, aber noch an Wichtigkeit zugenommen. Zum einen nat\u00fcrlich wegen der Segelei, aber [&hellip;]<\/p>\n","protected":false},"author":4,"featured_media":0,"comment_status":"open","ping_status":"closed","sticky":false,"template":"","format":"standard","meta":{"footnotes":""},"categories":[58,26,45],"tags":[],"class_list":["post-3393","post","type-post","status-publish","format-standard","hentry","category-teneriffa","category-spanien","category-allgemein"],"_links":{"self":[{"href":"https:\/\/atanga.de\/index.php?rest_route=\/wp\/v2\/posts\/3393","targetHints":{"allow":["GET"]}}],"collection":[{"href":"https:\/\/atanga.de\/index.php?rest_route=\/wp\/v2\/posts"}],"about":[{"href":"https:\/\/atanga.de\/index.php?rest_route=\/wp\/v2\/types\/post"}],"author":[{"embeddable":true,"href":"https:\/\/atanga.de\/index.php?rest_route=\/wp\/v2\/users\/4"}],"replies":[{"embeddable":true,"href":"https:\/\/atanga.de\/index.php?rest_route=%2Fwp%2Fv2%2Fcomments&post=3393"}],"version-history":[{"count":4,"href":"https:\/\/atanga.de\/index.php?rest_route=\/wp\/v2\/posts\/3393\/revisions"}],"predecessor-version":[{"id":3662,"href":"https:\/\/atanga.de\/index.php?rest_route=\/wp\/v2\/posts\/3393\/revisions\/3662"}],"wp:attachment":[{"href":"https:\/\/atanga.de\/index.php?rest_route=%2Fwp%2Fv2%2Fmedia&parent=3393"}],"wp:term":[{"taxonomy":"category","embeddable":true,"href":"https:\/\/atanga.de\/index.php?rest_route=%2Fwp%2Fv2%2Fcategories&post=3393"},{"taxonomy":"post_tag","embeddable":true,"href":"https:\/\/atanga.de\/index.php?rest_route=%2Fwp%2Fv2%2Ftags&post=3393"}],"curies":[{"name":"wp","href":"https:\/\/api.w.org\/{rel}","templated":true}]}}