{"id":3433,"date":"2015-04-23T16:01:16","date_gmt":"2015-04-23T16:01:16","guid":{"rendered":"http:\/\/atanga.de\/?p=3433"},"modified":"2015-12-18T16:53:06","modified_gmt":"2015-12-18T16:53:06","slug":"sommer-in-der-stadt","status":"publish","type":"post","link":"https:\/\/atanga.de\/?p=3433","title":{"rendered":"Sommer in der Stadt"},"content":{"rendered":"<p><em>Do., 23. Apr.15, Teneriffa, Tag 327, 2.477 sm von HH<\/em><\/p>\n<p>Die Kanaren haben den Beinamen \u201eInseln des ewigen Fr\u00fchlings\u201c. Obwohl sie geografisch zum afrikanischen Kontinent geh\u00f6ren, gelten die subtropischen Temperaturen das ganze Jahr \u00fcber als angenehm.<br \/>\nDer k\u00fchle Kanarenstrom und die Passatwinde halten die Temperaturen ganzj\u00e4hrig auf einem gleichm\u00e4\u00dfigen Niveau.<\/p>\n<p>Nicht so in diesem Jahr!<\/p>\n<p>Nach f\u00fcnf Jahren au\u00dfergew\u00f6hnlich milder Winter, war der Winter 2014\/2015 der k\u00e4lteste seit 20 bis 50 Jahren. Die Zeitspanne schwankt so stark, da sie davon abh\u00e4ngig ist, wie alt die Person ist, die sich gerade \u00fcber diese Tatsache aufregt.<br \/>\nEgal, es war auf jeden Fall seit Ewigkeiten der schlechteste Winter, da sind sich alle einig.<\/p>\n<p>Das haben wir nat\u00fcrlich auch kr\u00e4ftig zu sp\u00fcren bekommen. Aber schlimmer als f\u00fcr uns ist es nat\u00fcrlich f\u00fcr Urlauber, die in zwei kurzen Wochen Ferien, nicht das erwartet sch\u00f6ne Wetter vorgefunden haben.<\/p>\n<p>Aber jetzt haben wir es geschafft.<br \/>\nDer Sommer ist endlich da. Mit ihm Temperaturen so um die 23 Grad, grad richtig, dass es nicht zu hei\u00df ist, um noch in der Stadt einzukaufen oder etwas zu unternehmen. Dazu ein blauer Himmel von einem Horizont zum anderen. Im Spanischen gibt es extra ein Wort daf\u00fcr: despejado.<\/p>\n\n\t\t<style type=\"text\/css\">\n\t\t\t#gallery-1 {\n\t\t\t\tmargin: auto;\n\t\t\t}\n\t\t\t#gallery-1 .gallery-item {\n\t\t\t\tfloat: left;\n\t\t\t\tmargin-top: 10px;\n\t\t\t\ttext-align: center;\n\t\t\t\twidth: 33%;\n\t\t\t}\n\t\t\t#gallery-1 img {\n\t\t\t\tborder: 2px solid #cfcfcf;\n\t\t\t}\n\t\t\t#gallery-1 .gallery-caption {\n\t\t\t\tmargin-left: 0;\n\t\t\t}\n\t\t\t\/* see gallery_shortcode() in wp-includes\/media.php *\/\n\t\t<\/style>\n\t\t<div id='gallery-1' class='gallery galleryid-3433 gallery-columns-3 gallery-size-thumbnail'><dl class='gallery-item'>\n\t\t\t<dt class='gallery-icon landscape'>\n\t\t\t\t<a class=\"boxersandswipers\" title=\"Sommerliches Santa Cruz\" href='https:\/\/atanga.de\/wp-content\/uploads\/2015\/04\/Santa-Cruz.jpg'><img decoding=\"async\" width=\"150\" height=\"150\" src=\"https:\/\/atanga.de\/wp-content\/uploads\/2015\/04\/Santa-Cruz-150x150.jpg\" class=\"attachment-thumbnail size-thumbnail\" alt=\"\" aria-describedby=\"gallery-1-3437\" \/><\/a>\n\t\t\t<\/dt>\n\t\t\t\t<dd class='wp-caption-text gallery-caption' id='gallery-1-3437'>\n\t\t\t\tSommerliches Santa Cruz\n\t\t\t\t<\/dd><\/dl>\n\t\t\t<br style='clear: both' \/>\n\t\t<\/div>\n\n<p>&nbsp;<\/p>\n<p>In Santa Cruz f\u00fchrt dieser Jahreszeitenwechsel allerdings zu einem verwirrenden Stra\u00dfenbild. W\u00e4hrend die Touristen sich in ihrer, weltweit einheitlichen, Uniform in die Stadt begeben, m\u00f6chten die Einheimischen es noch gar nicht wahrhaben, dass jetzt Sommer ist. Sie k\u00f6nnen sich noch nicht recht von ihren Stiefeln, Jacken und T\u00fcchern trennen. Vor allem die Damenwelt flaniert, vielfach ganz in schwarz, dick verpackt durch die Stra\u00dfen.<\/p>\n\n\t\t<style type=\"text\/css\">\n\t\t\t#gallery-2 {\n\t\t\t\tmargin: auto;\n\t\t\t}\n\t\t\t#gallery-2 .gallery-item {\n\t\t\t\tfloat: left;\n\t\t\t\tmargin-top: 10px;\n\t\t\t\ttext-align: center;\n\t\t\t\twidth: 33%;\n\t\t\t}\n\t\t\t#gallery-2 img {\n\t\t\t\tborder: 2px solid #cfcfcf;\n\t\t\t}\n\t\t\t#gallery-2 .gallery-caption {\n\t\t\t\tmargin-left: 0;\n\t\t\t}\n\t\t\t\/* see gallery_shortcode() in wp-includes\/media.php *\/\n\t\t<\/style>\n\t\t<div id='gallery-2' class='gallery galleryid-3433 gallery-columns-3 gallery-size-thumbnail'><dl class='gallery-item'>\n\t\t\t<dt class='gallery-icon portrait'>\n\t\t\t\t<a class=\"boxersandswipers\" title=\"Abgesteller Touri-Mann\" href='https:\/\/atanga.de\/wp-content\/uploads\/2015\/04\/Tourist.jpg'><img decoding=\"async\" width=\"150\" height=\"150\" src=\"https:\/\/atanga.de\/wp-content\/uploads\/2015\/04\/Tourist-150x150.jpg\" class=\"attachment-thumbnail size-thumbnail\" alt=\"\" aria-describedby=\"gallery-2-3438\" \/><\/a>\n\t\t\t<\/dt>\n\t\t\t\t<dd class='wp-caption-text gallery-caption' id='gallery-2-3438'>\n\t\t\t\tAbgesteller Touri-Mann\n\t\t\t\t<\/dd><\/dl><dl class='gallery-item'>\n\t\t\t<dt class='gallery-icon portrait'>\n\t\t\t\t<a class=\"boxersandswipers\" title=\"Touri -Uniform\" href='https:\/\/atanga.de\/wp-content\/uploads\/2015\/04\/Tourist-2.jpg'><img decoding=\"async\" width=\"150\" height=\"150\" src=\"https:\/\/atanga.de\/wp-content\/uploads\/2015\/04\/Tourist-2-150x150.jpg\" class=\"attachment-thumbnail size-thumbnail\" alt=\"\" aria-describedby=\"gallery-2-3439\" \/><\/a>\n\t\t\t<\/dt>\n\t\t\t\t<dd class='wp-caption-text gallery-caption' id='gallery-2-3439'>\n\t\t\t\tTouri -Uniform\n\t\t\t\t<\/dd><\/dl><dl class='gallery-item'>\n\t\t\t<dt class='gallery-icon landscape'>\n\t\t\t\t<a class=\"boxersandswipers\" title=\"Tourist 3\" href='https:\/\/atanga.de\/wp-content\/uploads\/2015\/04\/Tourist-3.jpg'><img decoding=\"async\" width=\"150\" height=\"150\" src=\"https:\/\/atanga.de\/wp-content\/uploads\/2015\/04\/Tourist-3-150x150.jpg\" class=\"attachment-thumbnail size-thumbnail\" alt=\"\" \/><\/a>\n\t\t\t<\/dt><\/dl><br style=\"clear: both\" \/>\n\t\t<\/div>\n\n<p>\n\t\t<style type=\"text\/css\">\n\t\t\t#gallery-3 {\n\t\t\t\tmargin: auto;\n\t\t\t}\n\t\t\t#gallery-3 .gallery-item {\n\t\t\t\tfloat: left;\n\t\t\t\tmargin-top: 10px;\n\t\t\t\ttext-align: center;\n\t\t\t\twidth: 33%;\n\t\t\t}\n\t\t\t#gallery-3 img {\n\t\t\t\tborder: 2px solid #cfcfcf;\n\t\t\t}\n\t\t\t#gallery-3 .gallery-caption {\n\t\t\t\tmargin-left: 0;\n\t\t\t}\n\t\t\t\/* see gallery_shortcode() in wp-includes\/media.php *\/\n\t\t<\/style>\n\t\t<div id='gallery-3' class='gallery galleryid-3433 gallery-columns-3 gallery-size-thumbnail'><dl class='gallery-item'>\n\t\t\t<dt class='gallery-icon portrait'>\n\t\t\t\t<a class=\"boxersandswipers\" title=\"Tiger-Lilli\" href='https:\/\/atanga.de\/wp-content\/uploads\/2015\/04\/Einheimische.jpg'><img decoding=\"async\" width=\"150\" height=\"150\" src=\"https:\/\/atanga.de\/wp-content\/uploads\/2015\/04\/Einheimische-150x150.jpg\" class=\"attachment-thumbnail size-thumbnail\" alt=\"\" aria-describedby=\"gallery-3-3434\" \/><\/a>\n\t\t\t<\/dt>\n\t\t\t\t<dd class='wp-caption-text gallery-caption' id='gallery-3-3434'>\n\t\t\t\tTiger-Lilli\n\t\t\t\t<\/dd><\/dl><dl class='gallery-item'>\n\t\t\t<dt class='gallery-icon portrait'>\n\t\t\t\t<a class=\"boxersandswipers\" title=\"und ihre\" href='https:\/\/atanga.de\/wp-content\/uploads\/2015\/04\/Einheimische-2.jpg'><img decoding=\"async\" width=\"150\" height=\"150\" src=\"https:\/\/atanga.de\/wp-content\/uploads\/2015\/04\/Einheimische-2-150x150.jpg\" class=\"attachment-thumbnail size-thumbnail\" alt=\"\" aria-describedby=\"gallery-3-3435\" \/><\/a>\n\t\t\t<\/dt>\n\t\t\t\t<dd class='wp-caption-text gallery-caption' id='gallery-3-3435'>\n\t\t\t\tund ihre\n\t\t\t\t<\/dd><\/dl><dl class='gallery-item'>\n\t\t\t<dt class='gallery-icon portrait'>\n\t\t\t\t<a class=\"boxersandswipers\" title=\"Stiefel-Freundinnen\" href='https:\/\/atanga.de\/wp-content\/uploads\/2015\/04\/Einheimische-3.jpg'><img decoding=\"async\" width=\"150\" height=\"150\" src=\"https:\/\/atanga.de\/wp-content\/uploads\/2015\/04\/Einheimische-3-150x150.jpg\" class=\"attachment-thumbnail size-thumbnail\" alt=\"\" aria-describedby=\"gallery-3-3436\" \/><\/a>\n\t\t\t<\/dt>\n\t\t\t\t<dd class='wp-caption-text gallery-caption' id='gallery-3-3436'>\n\t\t\t\tStiefel-Freundinnen\n\t\t\t\t<\/dd><\/dl><br style=\"clear: both\" \/>\n\t\t<\/div>\n<br \/>\nWir merken es auf dem Schiff aber ganz deutlich, denn nach Sonnenuntergang brauche ich jetzt seit 14 Tagen keine Socken mehr und ben\u00f6tige, wenn wir abends unter Deck einen Film schauen, keine Wolldecke mehr. Frostk\u00f6del Achim braucht wahrscheinlich noch weitere 14 Tage.<br \/>\nAber immerhin l\u00e4sst er nachts schon die zweite Decke weg. <img src=\"https:\/\/atanga.de\/wp-content\/plugins\/classic-smilies\/img\/icon_mrgreen.gif\" alt=\":mrgreen:\" class=\"wp-smiley\" style=\"height: 1em; max-height: 1em;\" \/><\/p>\n<p>Die Kuchenbude haben wir aber noch immer aufgebaut. Da drunter ist es zwar tags\u00fcber jetzt bullig warm, aber zur windzugewandten Seite k\u00f6nnen wir sie trotzdem nur an den seltensten Tagen aufmachen.<br \/>\nEs sind eben doch nur die Inseln des ewigen Fr\u00fchlings. <img src=\"https:\/\/atanga.de\/wp-content\/plugins\/classic-smilies\/img\/icon_smile.gif\" alt=\":-)\" class=\"wp-smiley\" style=\"height: 1em; max-height: 1em;\" \/><\/p>\n<p>Und au\u00dferdem kommt nachher die La Joya Crew zum Essen r\u00fcber und wir wollen doch nicht, dass die Herrschaften bei uns frieren m\u00fcssen.<\/p>\n<div class=\"pld-like-dislike-wrap pld-template-1\">\r\n    <div class=\"pld-like-wrap  pld-common-wrap\">\r\n    <a href=\"javascript:void(0)\" class=\"pld-like-trigger pld-like-dislike-trigger  \" title=\"gef\u00e4llt mir\" data-post-id=\"3433\" data-trigger-type=\"like\" data-restriction=\"cookie\" data-already-liked=\"0\">\r\n                        <i class=\"fas fa-thumbs-up\"><\/i>\r\n                <\/a>\r\n    <span class=\"pld-like-count-wrap pld-count-wrap\">1    <\/span>\r\n<\/div><div class=\"pld-dislike-wrap  pld-common-wrap\">\r\n    <a href=\"javascript:void(0)\" class=\"pld-dislike-trigger pld-like-dislike-trigger  \" title=\"doof\" data-post-id=\"3433\" data-trigger-type=\"dislike\" data-restriction=\"cookie\" data-already-liked=\"0\">\r\n                        <i class=\"fas fa-thumbs-down\"><\/i>\r\n                <\/a>\r\n    <span class=\"pld-dislike-count-wrap pld-count-wrap\"><\/span>\r\n<\/div><\/div>","protected":false},"excerpt":{"rendered":"<p>Do., 23. Apr.15, Teneriffa, Tag 327, 2.477 sm von HH Die Kanaren haben den Beinamen \u201eInseln des ewigen Fr\u00fchlings\u201c. Obwohl sie geografisch zum afrikanischen Kontinent geh\u00f6ren, gelten die subtropischen Temperaturen das ganze Jahr \u00fcber als angenehm. Der k\u00fchle Kanarenstrom und die Passatwinde halten die Temperaturen ganzj\u00e4hrig auf einem gleichm\u00e4\u00dfigen Niveau. Nicht so in diesem Jahr! [&hellip;]<\/p>\n","protected":false},"author":4,"featured_media":0,"comment_status":"open","ping_status":"closed","sticky":false,"template":"","format":"standard","meta":{"footnotes":""},"categories":[58,26,45],"tags":[],"class_list":["post-3433","post","type-post","status-publish","format-standard","hentry","category-teneriffa","category-spanien","category-allgemein"],"_links":{"self":[{"href":"https:\/\/atanga.de\/index.php?rest_route=\/wp\/v2\/posts\/3433","targetHints":{"allow":["GET"]}}],"collection":[{"href":"https:\/\/atanga.de\/index.php?rest_route=\/wp\/v2\/posts"}],"about":[{"href":"https:\/\/atanga.de\/index.php?rest_route=\/wp\/v2\/types\/post"}],"author":[{"embeddable":true,"href":"https:\/\/atanga.de\/index.php?rest_route=\/wp\/v2\/users\/4"}],"replies":[{"embeddable":true,"href":"https:\/\/atanga.de\/index.php?rest_route=%2Fwp%2Fv2%2Fcomments&post=3433"}],"version-history":[{"count":4,"href":"https:\/\/atanga.de\/index.php?rest_route=\/wp\/v2\/posts\/3433\/revisions"}],"predecessor-version":[{"id":3664,"href":"https:\/\/atanga.de\/index.php?rest_route=\/wp\/v2\/posts\/3433\/revisions\/3664"}],"wp:attachment":[{"href":"https:\/\/atanga.de\/index.php?rest_route=%2Fwp%2Fv2%2Fmedia&parent=3433"}],"wp:term":[{"taxonomy":"category","embeddable":true,"href":"https:\/\/atanga.de\/index.php?rest_route=%2Fwp%2Fv2%2Fcategories&post=3433"},{"taxonomy":"post_tag","embeddable":true,"href":"https:\/\/atanga.de\/index.php?rest_route=%2Fwp%2Fv2%2Ftags&post=3433"}],"curies":[{"name":"wp","href":"https:\/\/api.w.org\/{rel}","templated":true}]}}