{"id":3515,"date":"2015-05-04T19:32:50","date_gmt":"2015-05-04T19:32:50","guid":{"rendered":"http:\/\/atanga.de\/?p=3515"},"modified":"2015-12-18T16:52:31","modified_gmt":"2015-12-18T16:52:31","slug":"fiestas-de-mayo","status":"publish","type":"post","link":"https:\/\/atanga.de\/?p=3515","title":{"rendered":"Fiestas de Mayo"},"content":{"rendered":"<p><em>Fr.\/Sa., 01.\/02. Mai 15, Teneriffa, Tag 335\/6, 2.477 sm von HH<\/em><\/p>\n<p>Hierbei handelt es sich nicht etwa um Feierlichkeiten rund um die Mayonnaise, sondern um Festivit\u00e4ten aufgrund der Gr\u00fcndung von Santa Cruz am 03. Mai 1494.<br \/>\nZur Er\u00f6ffnung der Feier gibt es\u00a0einen Blumen- und Kunsthandwerksmarkt im gr\u00f6\u00dften Park vor Ort.<br \/>\nDa Achim sich ja nicht so f\u00fcr \u201eson Zeugs\u201c interessiert, gehe ich mit Gabi zum Bummeln.<br \/>\nDer Markt ist ganz nett und es gibt \u00fcber die Blumenauststellungen hinaus, noch viele Fre\u00dfst\u00e4nde mit lokalen Spezialit\u00e4ten.<\/p>\n\n\t\t<style type=\"text\/css\">\n\t\t\t#gallery-1 {\n\t\t\t\tmargin: auto;\n\t\t\t}\n\t\t\t#gallery-1 .gallery-item {\n\t\t\t\tfloat: left;\n\t\t\t\tmargin-top: 10px;\n\t\t\t\ttext-align: center;\n\t\t\t\twidth: 33%;\n\t\t\t}\n\t\t\t#gallery-1 img {\n\t\t\t\tborder: 2px solid #cfcfcf;\n\t\t\t}\n\t\t\t#gallery-1 .gallery-caption {\n\t\t\t\tmargin-left: 0;\n\t\t\t}\n\t\t\t\/* see gallery_shortcode() in wp-includes\/media.php *\/\n\t\t<\/style>\n\t\t<div id='gallery-1' class='gallery galleryid-3515 gallery-columns-3 gallery-size-thumbnail'><dl class='gallery-item'>\n\t\t\t<dt class='gallery-icon landscape'>\n\t\t\t\t<a class=\"boxersandswipers\" title=\"Nette Stimmung\" href='https:\/\/atanga.de\/wp-content\/uploads\/2015\/05\/Markt.jpg'><img decoding=\"async\" width=\"150\" height=\"150\" src=\"https:\/\/atanga.de\/wp-content\/uploads\/2015\/05\/Markt-150x150.jpg\" class=\"attachment-thumbnail size-thumbnail\" alt=\"\" aria-describedby=\"gallery-1-3526\" \/><\/a>\n\t\t\t<\/dt>\n\t\t\t\t<dd class='wp-caption-text gallery-caption' id='gallery-1-3526'>\n\t\t\t\tNette Stimmung\n\t\t\t\t<\/dd><\/dl><dl class='gallery-item'>\n\t\t\t<dt class='gallery-icon landscape'>\n\t\t\t\t<a class=\"boxersandswipers\" title=\"Gleiche Mode wie in Deutschland\" href='https:\/\/atanga.de\/wp-content\/uploads\/2015\/05\/Markt-3.jpg'><img decoding=\"async\" width=\"150\" height=\"150\" src=\"https:\/\/atanga.de\/wp-content\/uploads\/2015\/05\/Markt-3-150x150.jpg\" class=\"attachment-thumbnail size-thumbnail\" alt=\"\" aria-describedby=\"gallery-1-3518\" \/><\/a>\n\t\t\t<\/dt>\n\t\t\t\t<dd class='wp-caption-text gallery-caption' id='gallery-1-3518'>\n\t\t\t\tGleiche Mode wie in Deutschland\n\t\t\t\t<\/dd><\/dl><dl class='gallery-item'>\n\t\t\t<dt class='gallery-icon portrait'>\n\t\t\t\t<a class=\"boxersandswipers\" title=\"60+ ist mit dabei\" href='https:\/\/atanga.de\/wp-content\/uploads\/2015\/05\/Markt-2.jpg'><img decoding=\"async\" width=\"150\" height=\"150\" src=\"https:\/\/atanga.de\/wp-content\/uploads\/2015\/05\/Markt-2-150x150.jpg\" class=\"attachment-thumbnail size-thumbnail\" alt=\"\" aria-describedby=\"gallery-1-3517\" srcset=\"https:\/\/atanga.de\/wp-content\/uploads\/2015\/05\/Markt-2-150x150.jpg 150w, https:\/\/atanga.de\/wp-content\/uploads\/2015\/05\/Markt-2-300x300.jpg 300w, https:\/\/atanga.de\/wp-content\/uploads\/2015\/05\/Markt-2-624x627.jpg 624w, https:\/\/atanga.de\/wp-content\/uploads\/2015\/05\/Markt-2.jpg 800w\" sizes=\"(max-width: 150px) 100vw, 150px\" \/><\/a>\n\t\t\t<\/dt>\n\t\t\t\t<dd class='wp-caption-text gallery-caption' id='gallery-1-3517'>\n\t\t\t\t60+ ist mit dabei\n\t\t\t\t<\/dd><\/dl><br style=\"clear: both\" \/>\n\t\t<\/div>\n\n<p>&nbsp;<\/p>\n<p>Der H\u00f6hepunkt der Gr\u00fcndungsfeierlichkeiten ist allerdings der Baile de Magos.<br \/>\nDiese Einladung zum Tanz findet im sch\u00f6nsten Altstadtviertel von Santa Cruz satt und bereits mittags ist der gesamte Bereich gesperrt.<br \/>\nHunderte von Tischen mit St\u00fchlen stehen bereit, wie ich nach dem Einkauf entdecke.<\/p>\n<p>Da man zu den Feierlichkeiten nur Zugang hat, wenn man in einer kanarischen Bauerntracht erscheint, bleibt f\u00fcr uns der Bereich gesperrt.<br \/>\nAber von einer Br\u00fccke aus kann man gut von oben zuschauen. Das hat dann zwar etwas den Charakter eines Zoobesuches, aber die Tinerfe\u00f1os scheint das nicht zu st\u00f6ren.<\/p>\n<p>Zu tausenden str\u00f6men sie in ihren Trachten herbei.<br \/>\nHierbei kommen die Frauen noch ganz gut weg. Ihre Tracht besteht aus dreifarbig gestreiften R\u00f6cken in Wadenl\u00e4nge unter denen ein wei\u00dfer, spitzenges\u00e4umter Unterrock hervor scheint. Dazu tragen sie ein besticktes, westenartiges Bustier \u00fcber wei\u00dfer, schlichter Bluse.<br \/>\nDen Kopf ziert ein Strohhut. Entweder ist der winzig klein, dann wird ein Tuch darunter getragen, welches den Nacken bedeckt oder er ist gro\u00df, dann kommt er alleine.<\/p>\n<p>Die Kluft der M\u00e4nner dagegen ist etwas bedenklich.<br \/>\nDie Herren tragen schwarze, knielange Hosen, die an der Seite geschlitzt und zu allem \u00dcberflu\u00df noch mit roter Stickerei eingefasst sind. Darunter tr\u00e4gt Mann wei\u00dfe, lange Unterhosen, die ebenfalls deutlich hervor lugen. Wollwei\u00dfe Garmaschen mit Strickbommeln an der Seite machen den Herren untenrum nicht schicker.<br \/>\nOben rum ist es dann besser. Er tr\u00e4gt Weste zum wei\u00dfen Hemd und einen schwarzen Hut.<\/p>\n<p>Die Familien haben alle einen Tisch reserviert. Da ist der Spanier geradezu \u00fcberorganisiert. An jedem Eingang zum Tanzplatz befindet sich ein Plan \u00fcber die 611 Tische und es steht eine Hostess bereit, die behilflich ist, den korrekten Tisch zu finden.<\/p>\n\n\t\t<style type=\"text\/css\">\n\t\t\t#gallery-2 {\n\t\t\t\tmargin: auto;\n\t\t\t}\n\t\t\t#gallery-2 .gallery-item {\n\t\t\t\tfloat: left;\n\t\t\t\tmargin-top: 10px;\n\t\t\t\ttext-align: center;\n\t\t\t\twidth: 33%;\n\t\t\t}\n\t\t\t#gallery-2 img {\n\t\t\t\tborder: 2px solid #cfcfcf;\n\t\t\t}\n\t\t\t#gallery-2 .gallery-caption {\n\t\t\t\tmargin-left: 0;\n\t\t\t}\n\t\t\t\/* see gallery_shortcode() in wp-includes\/media.php *\/\n\t\t<\/style>\n\t\t<div id='gallery-2' class='gallery galleryid-3515 gallery-columns-3 gallery-size-thumbnail'><dl class='gallery-item'>\n\t\t\t<dt class='gallery-icon landscape'>\n\t\t\t\t<a class=\"boxersandswipers\" title=\"Baile de Magos\" href='https:\/\/atanga.de\/wp-content\/uploads\/2015\/05\/Mayo-T\u00e4nzer.jpg'><img decoding=\"async\" width=\"150\" height=\"150\" src=\"https:\/\/atanga.de\/wp-content\/uploads\/2015\/05\/Mayo-T\u00e4nzer-150x150.jpg\" class=\"attachment-thumbnail size-thumbnail\" alt=\"\" aria-describedby=\"gallery-2-3522\" \/><\/a>\n\t\t\t<\/dt>\n\t\t\t\t<dd class='wp-caption-text gallery-caption' id='gallery-2-3522'>\n\t\t\t\tBaile de Magos\n\t\t\t\t<\/dd><\/dl><dl class='gallery-item'>\n\t\t\t<dt class='gallery-icon landscape'>\n\t\t\t\t<a class=\"boxersandswipers\" title=\"Gesperrte Altstadt\" href='https:\/\/atanga.de\/wp-content\/uploads\/2015\/05\/Mayo-totale.jpg'><img decoding=\"async\" width=\"150\" height=\"150\" src=\"https:\/\/atanga.de\/wp-content\/uploads\/2015\/05\/Mayo-totale-150x150.jpg\" class=\"attachment-thumbnail size-thumbnail\" alt=\"\" aria-describedby=\"gallery-2-3524\" \/><\/a>\n\t\t\t<\/dt>\n\t\t\t\t<dd class='wp-caption-text gallery-caption' id='gallery-2-3524'>\n\t\t\t\tGesperrte Altstadt\n\t\t\t\t<\/dd><\/dl><dl class='gallery-item'>\n\t\t\t<dt class='gallery-icon landscape'>\n\t\t\t\t<a class=\"boxersandswipers\" title=\"Anreise mit ausgestopfter Ziege\" href='https:\/\/atanga.de\/wp-content\/uploads\/2015\/05\/Mayo-Ziege.jpg'><img decoding=\"async\" width=\"150\" height=\"150\" src=\"https:\/\/atanga.de\/wp-content\/uploads\/2015\/05\/Mayo-Ziege-150x150.jpg\" class=\"attachment-thumbnail size-thumbnail\" alt=\"\" aria-describedby=\"gallery-2-3525\" \/><\/a>\n\t\t\t<\/dt>\n\t\t\t\t<dd class='wp-caption-text gallery-caption' id='gallery-2-3525'>\n\t\t\t\tAnreise mit ausgestopfter Ziege\n\t\t\t\t<\/dd><\/dl><br style=\"clear: both\" \/>\n\t\t<\/div>\n\n<p>&nbsp;<\/p>\n<p>Die G\u00e4ste bringen sich ihr Essen und Getr\u00e4nke mit. Meistens sogar stilecht zur Tracht, in h\u00fcbschen K\u00f6rben, abgedeckt mit einem Leinentuch.<br \/>\nUnd Essen wird in Massen herbeigeschleppt. Auf die Tische kommen Papier- oder Stofftischdecken und bald schon biegen sich die Tische von den Lasten der Fressalien f\u00f6rmlich durch. Der absolute Wahnsinn.<br \/>\nDies ist noch umso erstaunlicher, da sich die Veranstaltung in einer absoluten Restaurant-Gegend abspielt. Das w\u00e4re in Deutschland undenkbar. Ob die Gastst\u00e4tten geschlossen haben oder zumindest noch Getr\u00e4nke ausschenken, k\u00f6nnen wir nicht erkennen.<br \/>\nWer neben Gesottenem und Gebratenem noch eine Hand zum Tragen freit hat, schleppt eine Gitarre herbei.<\/p>\n<p>W\u00e4hrend sich das Areal langsam f\u00fcllt, fangen die ersten schon an zu essen.<\/p>\n\n\t\t<style type=\"text\/css\">\n\t\t\t#gallery-3 {\n\t\t\t\tmargin: auto;\n\t\t\t}\n\t\t\t#gallery-3 .gallery-item {\n\t\t\t\tfloat: left;\n\t\t\t\tmargin-top: 10px;\n\t\t\t\ttext-align: center;\n\t\t\t\twidth: 33%;\n\t\t\t}\n\t\t\t#gallery-3 img {\n\t\t\t\tborder: 2px solid #cfcfcf;\n\t\t\t}\n\t\t\t#gallery-3 .gallery-caption {\n\t\t\t\tmargin-left: 0;\n\t\t\t}\n\t\t\t\/* see gallery_shortcode() in wp-includes\/media.php *\/\n\t\t<\/style>\n\t\t<div id='gallery-3' class='gallery galleryid-3515 gallery-columns-3 gallery-size-thumbnail'><dl class='gallery-item'>\n\t\t\t<dt class='gallery-icon landscape'>\n\t\t\t\t<a class=\"boxersandswipers\" title=\"Szenen\" href='https:\/\/atanga.de\/wp-content\/uploads\/2015\/05\/Mayo-Beugl.jpg'><img decoding=\"async\" width=\"150\" height=\"150\" src=\"https:\/\/atanga.de\/wp-content\/uploads\/2015\/05\/Mayo-Beugl-150x150.jpg\" class=\"attachment-thumbnail size-thumbnail\" alt=\"\" aria-describedby=\"gallery-3-3519\" \/><\/a>\n\t\t\t<\/dt>\n\t\t\t\t<dd class='wp-caption-text gallery-caption' id='gallery-3-3519'>\n\t\t\t\tSzenen\n\t\t\t\t<\/dd><\/dl><dl class='gallery-item'>\n\t\t\t<dt class='gallery-icon landscape'>\n\t\t\t\t<a class=\"boxersandswipers\" title=\"wie bei\" href='https:\/\/atanga.de\/wp-content\/uploads\/2015\/05\/Mayo-Beugl-2.jpg'><img decoding=\"async\" width=\"150\" height=\"150\" src=\"https:\/\/atanga.de\/wp-content\/uploads\/2015\/05\/Mayo-Beugl-2-150x150.jpg\" class=\"attachment-thumbnail size-thumbnail\" alt=\"\" aria-describedby=\"gallery-3-3520\" \/><\/a>\n\t\t\t<\/dt>\n\t\t\t\t<dd class='wp-caption-text gallery-caption' id='gallery-3-3520'>\n\t\t\t\twie bei\n\t\t\t\t<\/dd><\/dl><dl class='gallery-item'>\n\t\t\t<dt class='gallery-icon landscape'>\n\t\t\t\t<a class=\"boxersandswipers\" title=\"Bruegel dem \u00c4lteren\" href='https:\/\/atanga.de\/wp-content\/uploads\/2015\/05\/Mayo-Topfgucker.jpg'><img decoding=\"async\" width=\"150\" height=\"150\" src=\"https:\/\/atanga.de\/wp-content\/uploads\/2015\/05\/Mayo-Topfgucker-150x150.jpg\" class=\"attachment-thumbnail size-thumbnail\" alt=\"\" aria-describedby=\"gallery-3-3523\" \/><\/a>\n\t\t\t<\/dt>\n\t\t\t\t<dd class='wp-caption-text gallery-caption' id='gallery-3-3523'>\n\t\t\t\tBruegel dem \u00c4lteren\n\t\t\t\t<\/dd><\/dl><br style=\"clear: both\" \/>\n\t\t<\/div>\n\n<p>Wir \u00fcberbr\u00fccken die Wartezeit bis zum Tanz in einer kleinen Kneipe, die keinen Kost\u00fcmzwang hat.<\/p>\n<p>Aber als wir gegen\u00a023:00 Uhr wieder auf unserem Br\u00fcckenplatz erscheinen, wird noch immer gegessen. An vielen Tischen wird schon Gitarre gespielt und gesungen. Aber jede Gruppe spielt da ihr eigenes Ding und zu uns schallt ein kurioses Durcheinander verschiedener Melodien nach oben.<\/p>\n\n\t\t<style type=\"text\/css\">\n\t\t\t#gallery-4 {\n\t\t\t\tmargin: auto;\n\t\t\t}\n\t\t\t#gallery-4 .gallery-item {\n\t\t\t\tfloat: left;\n\t\t\t\tmargin-top: 10px;\n\t\t\t\ttext-align: center;\n\t\t\t\twidth: 33%;\n\t\t\t}\n\t\t\t#gallery-4 img {\n\t\t\t\tborder: 2px solid #cfcfcf;\n\t\t\t}\n\t\t\t#gallery-4 .gallery-caption {\n\t\t\t\tmargin-left: 0;\n\t\t\t}\n\t\t\t\/* see gallery_shortcode() in wp-includes\/media.php *\/\n\t\t<\/style>\n\t\t<div id='gallery-4' class='gallery galleryid-3515 gallery-columns-3 gallery-size-thumbnail'><dl class='gallery-item'>\n\t\t\t<dt class='gallery-icon landscape'>\n\t\t\t\t<a class=\"boxersandswipers\" title=\"Gesang, aber kein Tanz\" href='https:\/\/atanga.de\/wp-content\/uploads\/2015\/05\/Mayo-S\u00e4nger.jpg'><img decoding=\"async\" width=\"150\" height=\"150\" src=\"https:\/\/atanga.de\/wp-content\/uploads\/2015\/05\/Mayo-S\u00e4nger-150x150.jpg\" class=\"attachment-thumbnail size-thumbnail\" alt=\"\" aria-describedby=\"gallery-4-3521\" \/><\/a>\n\t\t\t<\/dt>\n\t\t\t\t<dd class='wp-caption-text gallery-caption' id='gallery-4-3521'>\n\t\t\t\tGesang, aber kein Tanz\n\t\t\t\t<\/dd><\/dl>\n\t\t\t<br style='clear: both' \/>\n\t\t<\/div>\n\n<p>Von Tanz weit und breit noch keine Spur.<\/p>\n<p>Wir \u00fcberlassen somit unsere Zoo-Tinefa\u00f1os sich selbst und machen uns tanzend auf den Heimweg.<\/p>\n<div class=\"pld-like-dislike-wrap pld-template-1\">\r\n    <div class=\"pld-like-wrap  pld-common-wrap\">\r\n    <a href=\"javascript:void(0)\" class=\"pld-like-trigger pld-like-dislike-trigger  \" title=\"gef\u00e4llt mir\" data-post-id=\"3515\" data-trigger-type=\"like\" data-restriction=\"cookie\" data-already-liked=\"0\">\r\n                        <i class=\"fas fa-thumbs-up\"><\/i>\r\n                <\/a>\r\n    <span class=\"pld-like-count-wrap pld-count-wrap\">    <\/span>\r\n<\/div><div class=\"pld-dislike-wrap  pld-common-wrap\">\r\n    <a href=\"javascript:void(0)\" class=\"pld-dislike-trigger pld-like-dislike-trigger  \" title=\"doof\" data-post-id=\"3515\" data-trigger-type=\"dislike\" data-restriction=\"cookie\" data-already-liked=\"0\">\r\n                        <i class=\"fas fa-thumbs-down\"><\/i>\r\n                <\/a>\r\n    <span class=\"pld-dislike-count-wrap pld-count-wrap\"><\/span>\r\n<\/div><\/div>","protected":false},"excerpt":{"rendered":"<p>Fr.\/Sa., 01.\/02. Mai 15, Teneriffa, Tag 335\/6, 2.477 sm von HH Hierbei handelt es sich nicht etwa um Feierlichkeiten rund um die Mayonnaise, sondern um Festivit\u00e4ten aufgrund der Gr\u00fcndung von Santa Cruz am 03. Mai 1494. Zur Er\u00f6ffnung der Feier gibt es\u00a0einen Blumen- und Kunsthandwerksmarkt im gr\u00f6\u00dften Park vor Ort. Da Achim sich ja nicht [&hellip;]<\/p>\n","protected":false},"author":4,"featured_media":0,"comment_status":"open","ping_status":"closed","sticky":false,"template":"","format":"standard","meta":{"footnotes":""},"categories":[58,36,26],"tags":[],"class_list":["post-3515","post","type-post","status-publish","format-standard","hentry","category-teneriffa","category-landausfluege","category-spanien"],"_links":{"self":[{"href":"https:\/\/atanga.de\/index.php?rest_route=\/wp\/v2\/posts\/3515","targetHints":{"allow":["GET"]}}],"collection":[{"href":"https:\/\/atanga.de\/index.php?rest_route=\/wp\/v2\/posts"}],"about":[{"href":"https:\/\/atanga.de\/index.php?rest_route=\/wp\/v2\/types\/post"}],"author":[{"embeddable":true,"href":"https:\/\/atanga.de\/index.php?rest_route=\/wp\/v2\/users\/4"}],"replies":[{"embeddable":true,"href":"https:\/\/atanga.de\/index.php?rest_route=%2Fwp%2Fv2%2Fcomments&post=3515"}],"version-history":[{"count":2,"href":"https:\/\/atanga.de\/index.php?rest_route=\/wp\/v2\/posts\/3515\/revisions"}],"predecessor-version":[{"id":3670,"href":"https:\/\/atanga.de\/index.php?rest_route=\/wp\/v2\/posts\/3515\/revisions\/3670"}],"wp:attachment":[{"href":"https:\/\/atanga.de\/index.php?rest_route=%2Fwp%2Fv2%2Fmedia&parent=3515"}],"wp:term":[{"taxonomy":"category","embeddable":true,"href":"https:\/\/atanga.de\/index.php?rest_route=%2Fwp%2Fv2%2Fcategories&post=3515"},{"taxonomy":"post_tag","embeddable":true,"href":"https:\/\/atanga.de\/index.php?rest_route=%2Fwp%2Fv2%2Ftags&post=3515"}],"curies":[{"name":"wp","href":"https:\/\/api.w.org\/{rel}","templated":true}]}}