{"id":3569,"date":"2015-05-11T18:03:56","date_gmt":"2015-05-11T18:03:56","guid":{"rendered":"http:\/\/atanga.de\/?p=3569"},"modified":"2015-12-18T16:51:45","modified_gmt":"2015-12-18T16:51:45","slug":"noch-einmal-wandern","status":"publish","type":"post","link":"https:\/\/atanga.de\/?p=3569","title":{"rendered":"Noch einmal wandern"},"content":{"rendered":"<p><em>Fr., 8. Mai 15, Teneriffa, Tag 342, 2.477 sm von HH<\/em><\/p>\n<p>Da uns der letzte Ausflug so gut gefallen hat, wollen wir noch einmal ins Anaga-Gebirge.<br \/>\nDie Anfahrt ist die gleiche, nur diesmal fahren wir in den Norden der Berge. Um 14:00 Uhr steigen wir an der Endstation vom Bus mitten im Nirgendwo aus.<br \/>\nIch bin froh, dass ein kleines Hinweisschild meine Recherche, dass es hier einen tollen Wanderweg geben soll, best\u00e4tigt. Und Achim ist noch viel froher.<\/p>\n<p>An der Nordflanke vom Anaga bleiben fast jeden Tag die Wolken h\u00e4ngen, aber wir haben Gl\u00fcck und es sind nur hin und wieder ein paar leichte Nebelschwaden unterwegs. Allerdings reichen diese aus, um es auf 800 Meter und im Schatten der Lorbeerb\u00e4ume deutlich frischer als letzte Woche sein zu lassen.<\/p>\n\n\t\t<style type=\"text\/css\">\n\t\t\t#gallery-1 {\n\t\t\t\tmargin: auto;\n\t\t\t}\n\t\t\t#gallery-1 .gallery-item {\n\t\t\t\tfloat: left;\n\t\t\t\tmargin-top: 10px;\n\t\t\t\ttext-align: center;\n\t\t\t\twidth: 25%;\n\t\t\t}\n\t\t\t#gallery-1 img {\n\t\t\t\tborder: 2px solid #cfcfcf;\n\t\t\t}\n\t\t\t#gallery-1 .gallery-caption {\n\t\t\t\tmargin-left: 0;\n\t\t\t}\n\t\t\t\/* see gallery_shortcode() in wp-includes\/media.php *\/\n\t\t<\/style>\n\t\t<div id='gallery-1' class='gallery galleryid-3569 gallery-columns-4 gallery-size-thumbnail'><dl class='gallery-item'>\n\t\t\t<dt class='gallery-icon landscape'>\n\t\t\t\t<a class=\"boxersandswipers\" title=\"Camino\" href='https:\/\/atanga.de\/wp-content\/uploads\/2015\/05\/Camino.jpg'><img decoding=\"async\" width=\"150\" height=\"150\" src=\"https:\/\/atanga.de\/wp-content\/uploads\/2015\/05\/Camino-150x150.jpg\" class=\"attachment-thumbnail size-thumbnail\" alt=\"\" aria-describedby=\"gallery-1-3571\" \/><\/a>\n\t\t\t<\/dt>\n\t\t\t\t<dd class='wp-caption-text gallery-caption' id='gallery-1-3571'>\n\t\t\t\tCamino\n\t\t\t\t<\/dd><\/dl><dl class='gallery-item'>\n\t\t\t<dt class='gallery-icon landscape'>\n\t\t\t\t<a class=\"boxersandswipers\" title=\"\" href='https:\/\/atanga.de\/wp-content\/uploads\/2015\/05\/Camino-2.jpg'><img decoding=\"async\" width=\"150\" height=\"150\" src=\"https:\/\/atanga.de\/wp-content\/uploads\/2015\/05\/Camino-2-150x150.jpg\" class=\"attachment-thumbnail size-thumbnail\" alt=\"\" \/><\/a>\n\t\t\t<\/dt><\/dl><dl class='gallery-item'>\n\t\t\t<dt class='gallery-icon landscape'>\n\t\t\t\t<a class=\"boxersandswipers\" title=\"\" href='https:\/\/atanga.de\/wp-content\/uploads\/2015\/05\/Camino-3.jpg'><img decoding=\"async\" width=\"150\" height=\"150\" src=\"https:\/\/atanga.de\/wp-content\/uploads\/2015\/05\/Camino-3-150x150.jpg\" class=\"attachment-thumbnail size-thumbnail\" alt=\"\" \/><\/a>\n\t\t\t<\/dt><\/dl><dl class='gallery-item'>\n\t\t\t<dt class='gallery-icon landscape'>\n\t\t\t\t<a class=\"boxersandswipers\" title=\"Der Weg hat es in sich\" href='https:\/\/atanga.de\/wp-content\/uploads\/2015\/05\/Rast.jpg'><img decoding=\"async\" width=\"150\" height=\"150\" src=\"https:\/\/atanga.de\/wp-content\/uploads\/2015\/05\/Rast-150x150.jpg\" class=\"attachment-thumbnail size-thumbnail\" alt=\"\" aria-describedby=\"gallery-1-3577\" \/><\/a>\n\t\t\t<\/dt>\n\t\t\t\t<dd class='wp-caption-text gallery-caption' id='gallery-1-3577'>\n\t\t\t\tDer Weg hat es in sich\n\t\t\t\t<\/dd><\/dl><br style=\"clear: both\" \/>\n\t\t<\/div>\n\n<p>Bedingt durch die viele Feuchtigkeit der Wolken ist die Wanderstrecke nicht so lieblich. Es dominiert Farn in allen Gr\u00f6\u00dfen und Blattformen. Dazwischen wuchert Moos und \u00fcberzeiht alles mit dicken Schichten. Wie ein Pelz sind B\u00e4ume und \u00c4ste umh\u00fcllt.<\/p>\n\n\t\t<style type=\"text\/css\">\n\t\t\t#gallery-2 {\n\t\t\t\tmargin: auto;\n\t\t\t}\n\t\t\t#gallery-2 .gallery-item {\n\t\t\t\tfloat: left;\n\t\t\t\tmargin-top: 10px;\n\t\t\t\ttext-align: center;\n\t\t\t\twidth: 33%;\n\t\t\t}\n\t\t\t#gallery-2 img {\n\t\t\t\tborder: 2px solid #cfcfcf;\n\t\t\t}\n\t\t\t#gallery-2 .gallery-caption {\n\t\t\t\tmargin-left: 0;\n\t\t\t}\n\t\t\t\/* see gallery_shortcode() in wp-includes\/media.php *\/\n\t\t<\/style>\n\t\t<div id='gallery-2' class='gallery galleryid-3569 gallery-columns-3 gallery-size-thumbnail'><dl class='gallery-item'>\n\t\t\t<dt class='gallery-icon landscape'>\n\t\t\t\t<a class=\"boxersandswipers\" title=\"Moos und Farn\" href='https:\/\/atanga.de\/wp-content\/uploads\/2015\/05\/Farn-2.jpg'><img decoding=\"async\" width=\"150\" height=\"150\" src=\"https:\/\/atanga.de\/wp-content\/uploads\/2015\/05\/Farn-2-150x150.jpg\" class=\"attachment-thumbnail size-thumbnail\" alt=\"\" aria-describedby=\"gallery-2-3576\" \/><\/a>\n\t\t\t<\/dt>\n\t\t\t\t<dd class='wp-caption-text gallery-caption' id='gallery-2-3576'>\n\t\t\t\tMoos und Farn\n\t\t\t\t<\/dd><\/dl><dl class='gallery-item'>\n\t\t\t<dt class='gallery-icon landscape'>\n\t\t\t\t<a class=\"boxersandswipers\" title=\"Farn und Moos\" href='https:\/\/atanga.de\/wp-content\/uploads\/2015\/05\/Farn.jpg'><img decoding=\"async\" width=\"150\" height=\"150\" src=\"https:\/\/atanga.de\/wp-content\/uploads\/2015\/05\/Farn-150x150.jpg\" class=\"attachment-thumbnail size-thumbnail\" alt=\"\" aria-describedby=\"gallery-2-3575\" \/><\/a>\n\t\t\t<\/dt>\n\t\t\t\t<dd class='wp-caption-text gallery-caption' id='gallery-2-3575'>\n\t\t\t\tFarn und Moos\n\t\t\t\t<\/dd><\/dl><dl class='gallery-item'>\n\t\t\t<dt class='gallery-icon landscape'>\n\t\t\t\t<a class=\"boxersandswipers\" title=\"und B\u00e4ume\" href='https:\/\/atanga.de\/wp-content\/uploads\/2015\/05\/Baum.jpg'><img decoding=\"async\" width=\"150\" height=\"150\" src=\"https:\/\/atanga.de\/wp-content\/uploads\/2015\/05\/Baum-150x150.jpg\" class=\"attachment-thumbnail size-thumbnail\" alt=\"\" aria-describedby=\"gallery-2-3570\" \/><\/a>\n\t\t\t<\/dt>\n\t\t\t\t<dd class='wp-caption-text gallery-caption' id='gallery-2-3570'>\n\t\t\t\tund B\u00e4ume\n\t\t\t\t<\/dd><\/dl><br style=\"clear: both\" \/>\n\t\t<\/div>\n\n<p>Im Norden ist das Gebirge schroff, steil und so entsprechend ist unser Weg deutlich anstrengend. Zahlreiche Serpentinen nehmen zwar etwas Gef\u00e4lle aus dem Weg, aber wir m\u00fcssen permanent abbremsen. Dieser Weg, der Camino de las Vueltas, diente fr\u00fcher zum Transport von Zuckerrohr nach La Laguna. Bereits 1502 wurde im abgelegenen Taganana-Tal eine Zuckerrohrfabrik gegr\u00fcndet und die Gegend wurde zur Hochburg des Zuckerrohr-Anbaus. Man sagt, dass der Camino so viele Kurven habe, wie das Jahr Tage hat.<\/p>\n<p>Nach einer Stunde kommen wir aus dem Wald heraus und an den ersten Terrassenfeldern vorbei. Heute werden diese nicht mehr f\u00fcr Zuckerrohr, sondern zum Weinanbau genutzt. Die abgeschiedene Lage hat bis heute die Weinst\u00f6cke vor Krankheiten, wie der Reblaus verschont. Daher gedeihen hier noch viele alte Rebsorten.<\/p>\n<p>Nach drei Stunden und 700 H\u00f6henmeter tiefer, erreichen wir Taganana. Ein h\u00fcbscher Ort, der sich an die Flanken der steilen Berge schmiegt. Die Stra\u00dfen zwischen den H\u00e4usern sind aus Beton und haben ein unglaubliches Gef\u00e4lle. Auf den steilsten Erhebungen, die seitlich nicht bebaubar sind, hat man einfach eine H\u00e4userreihe auf den Grad des H\u00fcgels gebaut.<\/p>\n\n\t\t<style type=\"text\/css\">\n\t\t\t#gallery-3 {\n\t\t\t\tmargin: auto;\n\t\t\t}\n\t\t\t#gallery-3 .gallery-item {\n\t\t\t\tfloat: left;\n\t\t\t\tmargin-top: 10px;\n\t\t\t\ttext-align: center;\n\t\t\t\twidth: 25%;\n\t\t\t}\n\t\t\t#gallery-3 img {\n\t\t\t\tborder: 2px solid #cfcfcf;\n\t\t\t}\n\t\t\t#gallery-3 .gallery-caption {\n\t\t\t\tmargin-left: 0;\n\t\t\t}\n\t\t\t\/* see gallery_shortcode() in wp-includes\/media.php *\/\n\t\t<\/style>\n\t\t<div id='gallery-3' class='gallery galleryid-3569 gallery-columns-4 gallery-size-thumbnail'><dl class='gallery-item'>\n\t\t\t<dt class='gallery-icon landscape'>\n\t\t\t\t<a class=\"boxersandswipers\" title=\"Weinbau und Kartoffeln\" href='https:\/\/atanga.de\/wp-content\/uploads\/2015\/05\/Camino-4.jpg'><img decoding=\"async\" width=\"150\" height=\"150\" src=\"https:\/\/atanga.de\/wp-content\/uploads\/2015\/05\/Camino-4-150x150.jpg\" class=\"attachment-thumbnail size-thumbnail\" alt=\"\" aria-describedby=\"gallery-3-3574\" \/><\/a>\n\t\t\t<\/dt>\n\t\t\t\t<dd class='wp-caption-text gallery-caption' id='gallery-3-3574'>\n\t\t\t\tWeinbau und Kartoffeln\n\t\t\t\t<\/dd><\/dl><dl class='gallery-item'>\n\t\t\t<dt class='gallery-icon landscape'>\n\t\t\t\t<a class=\"boxersandswipers\" title=\"Bald ist es geschafft\" href='https:\/\/atanga.de\/wp-content\/uploads\/2015\/05\/Selfie.jpg'><img decoding=\"async\" width=\"150\" height=\"150\" src=\"https:\/\/atanga.de\/wp-content\/uploads\/2015\/05\/Selfie-150x150.jpg\" class=\"attachment-thumbnail size-thumbnail\" alt=\"\" aria-describedby=\"gallery-3-3578\" \/><\/a>\n\t\t\t<\/dt>\n\t\t\t\t<dd class='wp-caption-text gallery-caption' id='gallery-3-3578'>\n\t\t\t\tBald ist es geschafft\n\t\t\t\t<\/dd><\/dl><dl class='gallery-item'>\n\t\t\t<dt class='gallery-icon landscape'>\n\t\t\t\t<a class=\"boxersandswipers\" title=\"Taganana\" href='https:\/\/atanga.de\/wp-content\/uploads\/2015\/05\/Taganana.jpg'><img decoding=\"async\" width=\"150\" height=\"150\" src=\"https:\/\/atanga.de\/wp-content\/uploads\/2015\/05\/Taganana-150x150.jpg\" class=\"attachment-thumbnail size-thumbnail\" alt=\"\" aria-describedby=\"gallery-3-3579\" \/><\/a>\n\t\t\t<\/dt>\n\t\t\t\t<dd class='wp-caption-text gallery-caption' id='gallery-3-3579'>\n\t\t\t\tTaganana\n\t\t\t\t<\/dd><\/dl><dl class='gallery-item'>\n\t\t\t<dt class='gallery-icon portrait'>\n\t\t\t\t<a class=\"boxersandswipers\" title=\"Taganana 2\" href='https:\/\/atanga.de\/wp-content\/uploads\/2015\/05\/Taganana-2.jpg'><img decoding=\"async\" width=\"150\" height=\"150\" src=\"https:\/\/atanga.de\/wp-content\/uploads\/2015\/05\/Taganana-2-150x150.jpg\" class=\"attachment-thumbnail size-thumbnail\" alt=\"\" aria-describedby=\"gallery-3-3580\" \/><\/a>\n\t\t\t<\/dt>\n\t\t\t\t<dd class='wp-caption-text gallery-caption' id='gallery-3-3580'>\n\t\t\t\tTaganana\n\t\t\t\t<\/dd><\/dl><br style=\"clear: both\" \/>\n\t\t<\/div>\n\n<p>Um 18:20 kommt dann der vorletzte Bus und bringt uns durch den sch\u00f6nsten Teil des Anaga-Gebirges wieder nach Hause.<\/p>\n<p>&nbsp;<\/p>\n<p>P.S. Heute, an Tag drei nach der Tour, k\u00f6nnen wir noch immer nicht schmerzfrei den Niedergang runter kommen. Schlimmer Muskelkater, schlimm, schlimm\u2026<\/p>\n<div class=\"pld-like-dislike-wrap pld-template-1\">\r\n    <div class=\"pld-like-wrap  pld-common-wrap\">\r\n    <a href=\"javascript:void(0)\" class=\"pld-like-trigger pld-like-dislike-trigger  \" title=\"gef\u00e4llt mir\" data-post-id=\"3569\" data-trigger-type=\"like\" data-restriction=\"cookie\" data-already-liked=\"0\">\r\n                        <i class=\"fas fa-thumbs-up\"><\/i>\r\n                <\/a>\r\n    <span class=\"pld-like-count-wrap pld-count-wrap\">2    <\/span>\r\n<\/div><div class=\"pld-dislike-wrap  pld-common-wrap\">\r\n    <a href=\"javascript:void(0)\" class=\"pld-dislike-trigger pld-like-dislike-trigger  \" title=\"doof\" data-post-id=\"3569\" data-trigger-type=\"dislike\" data-restriction=\"cookie\" data-already-liked=\"0\">\r\n                        <i class=\"fas fa-thumbs-down\"><\/i>\r\n                <\/a>\r\n    <span class=\"pld-dislike-count-wrap pld-count-wrap\"><\/span>\r\n<\/div><\/div>","protected":false},"excerpt":{"rendered":"<p>Fr., 8. Mai 15, Teneriffa, Tag 342, 2.477 sm von HH Da uns der letzte Ausflug so gut gefallen hat, wollen wir noch einmal ins Anaga-Gebirge. Die Anfahrt ist die gleiche, nur diesmal fahren wir in den Norden der Berge. Um 14:00 Uhr steigen wir an der Endstation vom Bus mitten im Nirgendwo aus. Ich [&hellip;]<\/p>\n","protected":false},"author":4,"featured_media":0,"comment_status":"open","ping_status":"closed","sticky":false,"template":"","format":"standard","meta":{"footnotes":""},"categories":[58,36,26],"tags":[],"class_list":["post-3569","post","type-post","status-publish","format-standard","hentry","category-teneriffa","category-landausfluege","category-spanien"],"_links":{"self":[{"href":"https:\/\/atanga.de\/index.php?rest_route=\/wp\/v2\/posts\/3569","targetHints":{"allow":["GET"]}}],"collection":[{"href":"https:\/\/atanga.de\/index.php?rest_route=\/wp\/v2\/posts"}],"about":[{"href":"https:\/\/atanga.de\/index.php?rest_route=\/wp\/v2\/types\/post"}],"author":[{"embeddable":true,"href":"https:\/\/atanga.de\/index.php?rest_route=\/wp\/v2\/users\/4"}],"replies":[{"embeddable":true,"href":"https:\/\/atanga.de\/index.php?rest_route=%2Fwp%2Fv2%2Fcomments&post=3569"}],"version-history":[{"count":2,"href":"https:\/\/atanga.de\/index.php?rest_route=\/wp\/v2\/posts\/3569\/revisions"}],"predecessor-version":[{"id":3674,"href":"https:\/\/atanga.de\/index.php?rest_route=\/wp\/v2\/posts\/3569\/revisions\/3674"}],"wp:attachment":[{"href":"https:\/\/atanga.de\/index.php?rest_route=%2Fwp%2Fv2%2Fmedia&parent=3569"}],"wp:term":[{"taxonomy":"category","embeddable":true,"href":"https:\/\/atanga.de\/index.php?rest_route=%2Fwp%2Fv2%2Fcategories&post=3569"},{"taxonomy":"post_tag","embeddable":true,"href":"https:\/\/atanga.de\/index.php?rest_route=%2Fwp%2Fv2%2Ftags&post=3569"}],"curies":[{"name":"wp","href":"https:\/\/api.w.org\/{rel}","templated":true}]}}