{"id":3602,"date":"2015-05-15T17:09:42","date_gmt":"2015-05-15T17:09:42","guid":{"rendered":"http:\/\/atanga.de\/?p=3602"},"modified":"2015-12-18T16:50:04","modified_gmt":"2015-12-18T16:50:04","slug":"hafen-graffiti","status":"publish","type":"post","link":"https:\/\/atanga.de\/?p=3602","title":{"rendered":"Hafen-Graffiti"},"content":{"rendered":"<p><em>Fr., 15. Mai 15, Teneriffa, Tag 349, 2.477 sm von HH<\/em><\/p>\n<p>H\u00f6chstwahrscheinlich ist die Hafen-Malerei auf den Azoren, genauer in Horta auf der Insel Faial entstanden. In Horta gibt es das gr\u00f6\u00dfte, maritime Gem\u00e4lde der Welt.<br \/>\nEs existiert sogar einen Bildband dar\u00fcber (Hafen-Graffiti hei\u00dft es). Es m\u00fcssen hunderte von Bildern sein. Seit zig Jahren ist es dort bereits Tradition, dass Segler sich mit einem Gem\u00e4lde an der Hafenmauer verewigen.<\/p>\n<p>Da Weltenbummler aber meistens erst auf ihrem R\u00fcckweg ihrer Weltumsegelung die Azoren erreichen, hat sich ein zweites, riesiges Gem\u00e4lde auf Madeira entwickelt.<br \/>\nWetterbedingt haben wir Madeira ja leider auslassen m\u00fcssen und konnten somit unseren Namen nicht auf einer der Mauern verewigen.<\/p>\n<p>Hier in Santa Cruz auf Tenerife gibt es eine kleine Subkultur dieser sch\u00f6nen Sitte. Im Vergleich zu den gro\u00dfen Wirkst\u00e4tten sind es nur wenige Bilder.<br \/>\nAber auch hier sind, je nach Talent des K\u00fcnstlers, sehr sch\u00f6ne Exemplare darunter.<\/p>\n<p>Damit wir in der alten Welt wenigstens auf einer Mauer zu finden sind, habe ich kurz entschlossen Farbe besorgt.<br \/>\nGrundierung in Wei\u00df und mit Hilfe von selbstgeschnippelten Schablonen, damit es das Werk nicht allzu schief wird, habe ich uns nun hier verewigt.<\/p>\n\n\t\t<style type=\"text\/css\">\n\t\t\t#gallery-1 {\n\t\t\t\tmargin: auto;\n\t\t\t}\n\t\t\t#gallery-1 .gallery-item {\n\t\t\t\tfloat: left;\n\t\t\t\tmargin-top: 10px;\n\t\t\t\ttext-align: center;\n\t\t\t\twidth: 33%;\n\t\t\t}\n\t\t\t#gallery-1 img {\n\t\t\t\tborder: 2px solid #cfcfcf;\n\t\t\t}\n\t\t\t#gallery-1 .gallery-caption {\n\t\t\t\tmargin-left: 0;\n\t\t\t}\n\t\t\t\/* see gallery_shortcode() in wp-includes\/media.php *\/\n\t\t<\/style>\n\t\t<div id='gallery-1' class='gallery galleryid-3602 gallery-columns-3 gallery-size-thumbnail'><dl class='gallery-item'>\n\t\t\t<dt class='gallery-icon landscape'>\n\t\t\t\t<a class=\"boxersandswipers\" title=\"Entwurf mit Schablone\" href='https:\/\/atanga.de\/wp-content\/uploads\/2015\/05\/Schablone.jpg'><img decoding=\"async\" width=\"150\" height=\"150\" src=\"https:\/\/atanga.de\/wp-content\/uploads\/2015\/05\/Schablone-150x150.jpg\" class=\"attachment-thumbnail size-thumbnail\" alt=\"\" aria-describedby=\"gallery-1-3618\" \/><\/a>\n\t\t\t<\/dt>\n\t\t\t\t<dd class='wp-caption-text gallery-caption' id='gallery-1-3618'>\n\t\t\t\tEntwurf mit Schablone\n\t\t\t\t<\/dd><\/dl><dl class='gallery-item'>\n\t\t\t<dt class='gallery-icon landscape'>\n\t\t\t\t<a class=\"boxersandswipers\" title=\"Es wird&#8230;\" href='https:\/\/atanga.de\/wp-content\/uploads\/2015\/05\/Logo-im-werden.jpg'><img decoding=\"async\" width=\"150\" height=\"150\" src=\"https:\/\/atanga.de\/wp-content\/uploads\/2015\/05\/Logo-im-werden-150x150.jpg\" class=\"attachment-thumbnail size-thumbnail\" alt=\"\" aria-describedby=\"gallery-1-3612\" \/><\/a>\n\t\t\t<\/dt>\n\t\t\t\t<dd class='wp-caption-text gallery-caption' id='gallery-1-3612'>\n\t\t\t\tEs wird&#8230;\n\t\t\t\t<\/dd><\/dl><dl class='gallery-item'>\n\t\t\t<dt class='gallery-icon landscape'>\n\t\t\t\t<a class=\"boxersandswipers\" title=\"&#8230;langsam etwas\" href='https:\/\/atanga.de\/wp-content\/uploads\/2015\/05\/Entwurf-.jpg'><img decoding=\"async\" width=\"150\" height=\"150\" src=\"https:\/\/atanga.de\/wp-content\/uploads\/2015\/05\/Entwurf--150x150.jpg\" class=\"attachment-thumbnail size-thumbnail\" alt=\"\" aria-describedby=\"gallery-1-3608\" \/><\/a>\n\t\t\t<\/dt>\n\t\t\t\t<dd class='wp-caption-text gallery-caption' id='gallery-1-3608'>\n\t\t\t\t&#8230;langsam etwas\n\t\t\t\t<\/dd><\/dl><br style=\"clear: both\" \/>\n\t\t<\/div>\n\n<p>Gar nicht so einfach. Denn die Wand ist alles andere als glatt.<br \/>\nWas erst noch wie sauber verputzt wirkt, stellt sich beim Feinzeichen als Kraterlandschaft heraus. Aber der schwierigste Part ist, dass mein Arbeitsplatz im Hafenschwell hin- und herschwankt.<br \/>\nAu\u00dferdem muss ich immer auf Flut warten, da sonst unser Namenszug in unerreichbare H\u00f6hen entschwindet. Aber ein paar Gezeiten-Zyklen sp\u00e4ter ist es jetzt vollendet.\u00a0<img src=\"https:\/\/atanga.de\/wp-content\/plugins\/classic-smilies\/img\/icon_smile.gif\" alt=\":-)\" class=\"wp-smiley\" style=\"height: 1em; max-height: 1em;\" \/><br \/>\nZwei Schichten Klarlack sollen daf\u00fcr sorgen, dass das Kunstwerk f\u00fcr die Ewigkeit erhalten bleibt. Oder zumindest solange, bis wir auf unserem R\u00fcckweg hier wieder vorbei kommen.<\/p>\n\n\t\t<style type=\"text\/css\">\n\t\t\t#gallery-2 {\n\t\t\t\tmargin: auto;\n\t\t\t}\n\t\t\t#gallery-2 .gallery-item {\n\t\t\t\tfloat: left;\n\t\t\t\tmargin-top: 10px;\n\t\t\t\ttext-align: center;\n\t\t\t\twidth: 33%;\n\t\t\t}\n\t\t\t#gallery-2 img {\n\t\t\t\tborder: 2px solid #cfcfcf;\n\t\t\t}\n\t\t\t#gallery-2 .gallery-caption {\n\t\t\t\tmargin-left: 0;\n\t\t\t}\n\t\t\t\/* see gallery_shortcode() in wp-includes\/media.php *\/\n\t\t<\/style>\n\t\t<div id='gallery-2' class='gallery galleryid-3602 gallery-columns-3 gallery-size-thumbnail'><dl class='gallery-item'>\n\t\t\t<dt class='gallery-icon landscape'>\n\t\t\t\t<a class=\"boxersandswipers\" title=\"Das Meisterwerk\" href='https:\/\/atanga.de\/wp-content\/uploads\/2015\/05\/Logo.jpg'><img decoding=\"async\" width=\"150\" height=\"150\" src=\"https:\/\/atanga.de\/wp-content\/uploads\/2015\/05\/Logo-150x150.jpg\" class=\"attachment-thumbnail size-thumbnail\" alt=\"\" aria-describedby=\"gallery-2-3611\" \/><\/a>\n\t\t\t<\/dt>\n\t\t\t\t<dd class='wp-caption-text gallery-caption' id='gallery-2-3611'>\n\t\t\t\tDas Meisterwerk\n\t\t\t\t<\/dd><\/dl><dl class='gallery-item'>\n\t\t\t<dt class='gallery-icon landscape'>\n\t\t\t\t<a class=\"boxersandswipers\" title=\"f\u00fcgt sich in die Riege ein\" href='https:\/\/atanga.de\/wp-content\/uploads\/2015\/05\/alle-Graffi.jpg'><img decoding=\"async\" width=\"150\" height=\"150\" src=\"https:\/\/atanga.de\/wp-content\/uploads\/2015\/05\/alle-Graffi-150x150.jpg\" class=\"attachment-thumbnail size-thumbnail\" alt=\"\" aria-describedby=\"gallery-2-3607\" \/><\/a>\n\t\t\t<\/dt>\n\t\t\t\t<dd class='wp-caption-text gallery-caption' id='gallery-2-3607'>\n\t\t\t\tf\u00fcgt sich in die Riege ein\n\t\t\t\t<\/dd><\/dl>\n\t\t\t<br style='clear: both' \/>\n\t\t<\/div>\n\n<div class=\"pld-like-dislike-wrap pld-template-1\">\r\n    <div class=\"pld-like-wrap  pld-common-wrap\">\r\n    <a href=\"javascript:void(0)\" class=\"pld-like-trigger pld-like-dislike-trigger  \" title=\"gef\u00e4llt mir\" data-post-id=\"3602\" data-trigger-type=\"like\" data-restriction=\"cookie\" data-already-liked=\"0\">\r\n                        <i class=\"fas fa-thumbs-up\"><\/i>\r\n                <\/a>\r\n    <span class=\"pld-like-count-wrap pld-count-wrap\">    <\/span>\r\n<\/div><div class=\"pld-dislike-wrap  pld-common-wrap\">\r\n    <a href=\"javascript:void(0)\" class=\"pld-dislike-trigger pld-like-dislike-trigger  \" title=\"doof\" data-post-id=\"3602\" data-trigger-type=\"dislike\" data-restriction=\"cookie\" data-already-liked=\"0\">\r\n                        <i class=\"fas fa-thumbs-down\"><\/i>\r\n                <\/a>\r\n    <span class=\"pld-dislike-count-wrap pld-count-wrap\"><\/span>\r\n<\/div><\/div>","protected":false},"excerpt":{"rendered":"<p>Fr., 15. Mai 15, Teneriffa, Tag 349, 2.477 sm von HH H\u00f6chstwahrscheinlich ist die Hafen-Malerei auf den Azoren, genauer in Horta auf der Insel Faial entstanden. In Horta gibt es das gr\u00f6\u00dfte, maritime Gem\u00e4lde der Welt. Es existiert sogar einen Bildband dar\u00fcber (Hafen-Graffiti hei\u00dft es). Es m\u00fcssen hunderte von Bildern sein. Seit zig Jahren ist [&hellip;]<\/p>\n","protected":false},"author":4,"featured_media":0,"comment_status":"open","ping_status":"closed","sticky":false,"template":"","format":"standard","meta":{"footnotes":""},"categories":[58,26,45],"tags":[],"class_list":["post-3602","post","type-post","status-publish","format-standard","hentry","category-teneriffa","category-spanien","category-allgemein"],"_links":{"self":[{"href":"https:\/\/atanga.de\/index.php?rest_route=\/wp\/v2\/posts\/3602","targetHints":{"allow":["GET"]}}],"collection":[{"href":"https:\/\/atanga.de\/index.php?rest_route=\/wp\/v2\/posts"}],"about":[{"href":"https:\/\/atanga.de\/index.php?rest_route=\/wp\/v2\/types\/post"}],"author":[{"embeddable":true,"href":"https:\/\/atanga.de\/index.php?rest_route=\/wp\/v2\/users\/4"}],"replies":[{"embeddable":true,"href":"https:\/\/atanga.de\/index.php?rest_route=%2Fwp%2Fv2%2Fcomments&post=3602"}],"version-history":[{"count":6,"href":"https:\/\/atanga.de\/index.php?rest_route=\/wp\/v2\/posts\/3602\/revisions"}],"predecessor-version":[{"id":3635,"href":"https:\/\/atanga.de\/index.php?rest_route=\/wp\/v2\/posts\/3602\/revisions\/3635"}],"wp:attachment":[{"href":"https:\/\/atanga.de\/index.php?rest_route=%2Fwp%2Fv2%2Fmedia&parent=3602"}],"wp:term":[{"taxonomy":"category","embeddable":true,"href":"https:\/\/atanga.de\/index.php?rest_route=%2Fwp%2Fv2%2Fcategories&post=3602"},{"taxonomy":"post_tag","embeddable":true,"href":"https:\/\/atanga.de\/index.php?rest_route=%2Fwp%2Fv2%2Ftags&post=3602"}],"curies":[{"name":"wp","href":"https:\/\/api.w.org\/{rel}","templated":true}]}}