{"id":3687,"date":"2015-05-25T16:17:23","date_gmt":"2015-05-25T16:17:23","guid":{"rendered":"http:\/\/atanga.de\/?p=3687"},"modified":"2015-06-03T20:21:07","modified_gmt":"2015-06-03T20:21:07","slug":"der-wind-haelt-an","status":"publish","type":"post","link":"https:\/\/atanga.de\/?p=3687","title":{"rendered":"Der Wind h\u00e4lt an&#8230;"},"content":{"rendered":"<p><em>Do., 21. Mai 15, La Palma, Tag 355, 2.587 sm von HH<\/em><\/p>\n<p>\u2026und geht uns langsam auf die Nerven.<br \/>\nZus\u00e4tzlich zum Schwell bringt er auch noch Unmengen an Salz und Staub mit sich. Da der Wind eigentlich von See kommt, ist gar\u00a0nicht zu verstehen, woher der Staub \u00fcberhaupt kommt. Calima, der fiese Sahara-Wind ist es jedenfalls nicht.<br \/>\nDenn dieser Sand schwarz und mikrofein. Zusammen mit dem Salz bildet er eine glitschige, fettartige Schicht mit der alles Windzugewandte dick \u00fcberzogen ist.<br \/>\nAuf den Edelstahlteilen kann man f\u00f6rmlich den Flugrost wachsen h\u00f6ren.<\/p>\n<p>B\u00e4h, gruselig.<br \/>\nWenn man sich irgendwo festh\u00e4lt, dann sind die H\u00e4nde schmierig und riechen nach Rost.<\/p>\n\n\t\t<style type=\"text\/css\">\n\t\t\t#gallery-1 {\n\t\t\t\tmargin: auto;\n\t\t\t}\n\t\t\t#gallery-1 .gallery-item {\n\t\t\t\tfloat: left;\n\t\t\t\tmargin-top: 10px;\n\t\t\t\ttext-align: center;\n\t\t\t\twidth: 33%;\n\t\t\t}\n\t\t\t#gallery-1 img {\n\t\t\t\tborder: 2px solid #cfcfcf;\n\t\t\t}\n\t\t\t#gallery-1 .gallery-caption {\n\t\t\t\tmargin-left: 0;\n\t\t\t}\n\t\t\t\/* see gallery_shortcode() in wp-includes\/media.php *\/\n\t\t<\/style>\n\t\t<div id='gallery-1' class='gallery galleryid-3687 gallery-columns-3 gallery-size-thumbnail'><dl class='gallery-item'>\n\t\t\t<dt class='gallery-icon portrait'>\n\t\t\t\t<a class=\"boxersandswipers\" title=\"Das war vor einer Woche noch blank\" href='https:\/\/atanga.de\/wp-content\/uploads\/2015\/05\/Terminal.jpg'><img decoding=\"async\" width=\"150\" height=\"150\" src=\"https:\/\/atanga.de\/wp-content\/uploads\/2015\/05\/Terminal-150x150.jpg\" class=\"attachment-thumbnail size-thumbnail\" alt=\"\" aria-describedby=\"gallery-1-3688\" \/><\/a>\n\t\t\t<\/dt>\n\t\t\t\t<dd class='wp-caption-text gallery-caption' id='gallery-1-3688'>\n\t\t\t\tDas war vor einer Woche noch blank\n\t\t\t\t<\/dd><\/dl><dl class='gallery-item'>\n\t\t\t<dt class='gallery-icon portrait'>\n\t\t\t\t<a class=\"boxersandswipers\" title=\"ecklige Schmierschicht\" href='https:\/\/atanga.de\/wp-content\/uploads\/2015\/05\/Tr\u00e4ger.jpg'><img decoding=\"async\" width=\"150\" height=\"150\" src=\"https:\/\/atanga.de\/wp-content\/uploads\/2015\/05\/Tr\u00e4ger-150x150.jpg\" class=\"attachment-thumbnail size-thumbnail\" alt=\"\" aria-describedby=\"gallery-1-3689\" \/><\/a>\n\t\t\t<\/dt>\n\t\t\t\t<dd class='wp-caption-text gallery-caption' id='gallery-1-3689'>\n\t\t\t\tecklige Schmierschicht\n\t\t\t\t<\/dd><\/dl>\n\t\t\t<br style='clear: both' \/>\n\t\t<\/div>\n\n<p>Deswegen haben wir auch wieder unsere Kuchenbude aufgebaut.<br \/>\nAuf Teneriffa hatten wir diese die letzten 14 Tage schon gar nicht mehr gebraucht.<br \/>\nIm Gegenteil, tags\u00fcber wurde man darunter ganz sch\u00f6n gebacken.<br \/>\nF\u00fcr die \u00dcberfahrt haben wir sie dann sauber gemacht und siegesgewiss tief verstaut.<br \/>\nDa war eindeutig zu fr\u00fch. Merke: wer die Welt umsegeln will, braucht dringend eine Kuchenbude.<br \/>\nEs ist ein M\u00e4rchen, dass dieses nur f\u00fcr Ost- und Nordsee von N\u00f6ten ist.<\/p>\n<p>Das Knarzen der Tampen h\u00e4lt nat\u00fcrlich auch an.<br \/>\nMichael, von der La Joya, geht da ganz pragmatisch vor. Er spr\u00fcht die Scheuerstellen einfach mit WD40 ein. Er sagt, der Tampen werde dadurch nicht fettig oder unansehnlich, aber sie h\u00e4tten himmlische Ruhe an Bord.<br \/>\nDazu k\u00f6nnen wir uns, trotz \u00dcberzeugungsarbeit von Michael, noch nicht zu durchringen.<\/p>\n<p>Heute wird die, wegen unserer versp\u00e4teten Ankunft, verschobene Einladung zum Essen nachgeholt. Das entbindet mich von meiner donnerstags-wird-auf-Atanga-gekocht-Pflicht und wir werden lecker mit Steak und Salat verw\u00f6hnt.<br \/>\nDavor, dazu, danach gibt es wieder diese getr\u00e4nkte Melone.<br \/>\nDie La Joyas sind ja wirklich super, super nett und wir haben viel Spa\u00df miteinander, aber diese Obstgetr\u00e4nke&#8230;<\/p>\n<div class=\"pld-like-dislike-wrap pld-template-1\">\r\n    <div class=\"pld-like-wrap  pld-common-wrap\">\r\n    <a href=\"javascript:void(0)\" class=\"pld-like-trigger pld-like-dislike-trigger  \" title=\"gef\u00e4llt mir\" data-post-id=\"3687\" data-trigger-type=\"like\" data-restriction=\"cookie\" data-already-liked=\"0\">\r\n                        <i class=\"fas fa-thumbs-up\"><\/i>\r\n                <\/a>\r\n    <span class=\"pld-like-count-wrap pld-count-wrap\">    <\/span>\r\n<\/div><div class=\"pld-dislike-wrap  pld-common-wrap\">\r\n    <a href=\"javascript:void(0)\" class=\"pld-dislike-trigger pld-like-dislike-trigger  \" title=\"doof\" data-post-id=\"3687\" data-trigger-type=\"dislike\" data-restriction=\"cookie\" data-already-liked=\"0\">\r\n                        <i class=\"fas fa-thumbs-down\"><\/i>\r\n                <\/a>\r\n    <span class=\"pld-dislike-count-wrap pld-count-wrap\"><\/span>\r\n<\/div><\/div>","protected":false},"excerpt":{"rendered":"<p>Do., 21. Mai 15, La Palma, Tag 355, 2.587 sm von HH \u2026und geht uns langsam auf die Nerven. Zus\u00e4tzlich zum Schwell bringt er auch noch Unmengen an Salz und Staub mit sich. Da der Wind eigentlich von See kommt, ist gar\u00a0nicht zu verstehen, woher der Staub \u00fcberhaupt kommt. Calima, der fiese Sahara-Wind ist es [&hellip;]<\/p>\n","protected":false},"author":4,"featured_media":0,"comment_status":"open","ping_status":"closed","sticky":false,"template":"","format":"standard","meta":{"footnotes":""},"categories":[52,26,45],"tags":[],"class_list":["post-3687","post","type-post","status-publish","format-standard","hentry","category-la-palma","category-spanien","category-allgemein"],"_links":{"self":[{"href":"https:\/\/atanga.de\/index.php?rest_route=\/wp\/v2\/posts\/3687","targetHints":{"allow":["GET"]}}],"collection":[{"href":"https:\/\/atanga.de\/index.php?rest_route=\/wp\/v2\/posts"}],"about":[{"href":"https:\/\/atanga.de\/index.php?rest_route=\/wp\/v2\/types\/post"}],"author":[{"embeddable":true,"href":"https:\/\/atanga.de\/index.php?rest_route=\/wp\/v2\/users\/4"}],"replies":[{"embeddable":true,"href":"https:\/\/atanga.de\/index.php?rest_route=%2Fwp%2Fv2%2Fcomments&post=3687"}],"version-history":[{"count":2,"href":"https:\/\/atanga.de\/index.php?rest_route=\/wp\/v2\/posts\/3687\/revisions"}],"predecessor-version":[{"id":3716,"href":"https:\/\/atanga.de\/index.php?rest_route=\/wp\/v2\/posts\/3687\/revisions\/3716"}],"wp:attachment":[{"href":"https:\/\/atanga.de\/index.php?rest_route=%2Fwp%2Fv2%2Fmedia&parent=3687"}],"wp:term":[{"taxonomy":"category","embeddable":true,"href":"https:\/\/atanga.de\/index.php?rest_route=%2Fwp%2Fv2%2Fcategories&post=3687"},{"taxonomy":"post_tag","embeddable":true,"href":"https:\/\/atanga.de\/index.php?rest_route=%2Fwp%2Fv2%2Ftags&post=3687"}],"curies":[{"name":"wp","href":"https:\/\/api.w.org\/{rel}","templated":true}]}}