{"id":3771,"date":"2015-05-31T23:05:13","date_gmt":"2015-05-31T23:05:13","guid":{"rendered":"http:\/\/atanga.de\/?p=3771"},"modified":"2015-05-31T23:16:55","modified_gmt":"2015-05-31T23:16:55","slug":"im-heizkessel","status":"publish","type":"post","link":"https:\/\/atanga.de\/?p=3771","title":{"rendered":"Im Heizkessel"},"content":{"rendered":"<p>So., 31. Mai 15, La Palma, Tag 365, 2.587 sm von HH<\/p>\n<p>Im Zentrum von La Palma gibt es eine der gr\u00f6\u00dften Calderen der Welt.<br \/>\nCaldera ist Spanisch und bedeutet Kessel oder Heizkessel.<br \/>\nDiesen Ausdruck f\u00fcr den gigantischen Krater auf La Palma pr\u00e4gte im 19. Jahrhundert der Deutsche Geologe Leopold von Buch. Dieser wurde weltweit f\u00fcr alle eingebrochenen Vulkankrater \u00fcbernommen.<\/p>\n<p>Die Caldera de Taburiente hat einen Durchmesser von 9 km und einen Umfang von 28 km. Dieser riesige Kessel ist 1.500 Meter tief und im Grunde nur an einer Stelle unterbrochen. Durch diese Schlucht, dem Barranco de las Angustias, flie\u00dft das Wasser aus dem Krater ins Meer.<\/p>\n<p>Wir erreichen den\u00a0Schlund \u00fcber eine kleine Zugangsstra\u00dfe im S\u00fcden.<br \/>\nDie Besucheranzahl im Nationalpark ist limitiert und in einem Besucherzentrum wird man namentlich registriert.<br \/>\nWir sind ganz \u00fcberrascht, dass der Besuch keinen Eintritt kostet. Sollte doch gestern im S\u00fcden ein Blick in einen winzigen Krater schon 5,00 EUR kosten.<\/p>\n<p>Es f\u00fchrt ein guter Wanderweg auf 1.300 Meter ein paar Kilometer an der S\u00fcdflanke des Kessels entlang.<br \/>\nDas Loch, was sich vor uns auftut ist schon riesig, aber so richtig sind die Dimensionen des einstigen Vulkans von unserem Standort aus nicht zu erkennen.<br \/>\nDie Wanderung ist trotzdem sch\u00f6n und bietet tolle Ausblicke. Durch die Limitierung der Besucher, begegnen uns nur wenige Mitstreiter. Auff\u00e4llig dabei, dass es sich durch die Bank um deutsche Urlauber handelt.<br \/>\nDie Engl\u00e4nder, die Lanzarote und Gran Canaria dominierten, trifft man hier nicht.<br \/>\nAcht Prozent der Einwohner von La Palma sollen auch Deutsche sein.<\/p>\n\n\t\t<style type=\"text\/css\">\n\t\t\t#gallery-1 {\n\t\t\t\tmargin: auto;\n\t\t\t}\n\t\t\t#gallery-1 .gallery-item {\n\t\t\t\tfloat: left;\n\t\t\t\tmargin-top: 10px;\n\t\t\t\ttext-align: center;\n\t\t\t\twidth: 25%;\n\t\t\t}\n\t\t\t#gallery-1 img {\n\t\t\t\tborder: 2px solid #cfcfcf;\n\t\t\t}\n\t\t\t#gallery-1 .gallery-caption {\n\t\t\t\tmargin-left: 0;\n\t\t\t}\n\t\t\t\/* see gallery_shortcode() in wp-includes\/media.php *\/\n\t\t<\/style>\n\t\t<div id='gallery-1' class='gallery galleryid-3771 gallery-columns-4 gallery-size-thumbnail'><dl class='gallery-item'>\n\t\t\t<dt class='gallery-icon landscape'>\n\t\t\t\t<a class=\"boxersandswipers\" title=\"Im Inneren\" href='https:\/\/atanga.de\/wp-content\/uploads\/2015\/05\/Kessel-2.jpg'><img decoding=\"async\" width=\"150\" height=\"150\" src=\"https:\/\/atanga.de\/wp-content\/uploads\/2015\/05\/Kessel-2-150x150.jpg\" class=\"attachment-thumbnail size-thumbnail\" alt=\"\" aria-describedby=\"gallery-1-3774\" \/><\/a>\n\t\t\t<\/dt>\n\t\t\t\t<dd class='wp-caption-text gallery-caption' id='gallery-1-3774'>\n\t\t\t\tIm Inneren\n\t\t\t\t<\/dd><\/dl><dl class='gallery-item'>\n\t\t\t<dt class='gallery-icon landscape'>\n\t\t\t\t<a class=\"boxersandswipers\" title=\"der Caldera\" href='https:\/\/atanga.de\/wp-content\/uploads\/2015\/05\/Kessel.jpg'><img decoding=\"async\" width=\"150\" height=\"150\" src=\"https:\/\/atanga.de\/wp-content\/uploads\/2015\/05\/Kessel-150x150.jpg\" class=\"attachment-thumbnail size-thumbnail\" alt=\"\" aria-describedby=\"gallery-1-3773\" \/><\/a>\n\t\t\t<\/dt>\n\t\t\t\t<dd class='wp-caption-text gallery-caption' id='gallery-1-3773'>\n\t\t\t\tder Caldera\n\t\t\t\t<\/dd><\/dl><dl class='gallery-item'>\n\t\t\t<dt class='gallery-icon portrait'>\n\t\t\t\t<a class=\"boxersandswipers\" title=\"\" href='https:\/\/atanga.de\/wp-content\/uploads\/2015\/05\/Kessel-3.jpg'><img decoding=\"async\" width=\"150\" height=\"150\" src=\"https:\/\/atanga.de\/wp-content\/uploads\/2015\/05\/Kessel-3-150x150.jpg\" class=\"attachment-thumbnail size-thumbnail\" alt=\"\" \/><\/a>\n\t\t\t<\/dt><\/dl><dl class='gallery-item'>\n\t\t\t<dt class='gallery-icon landscape'>\n\t\t\t\t<a class=\"boxersandswipers\" title=\"Hier ist der Kessel gut zu erkennen\" href='https:\/\/atanga.de\/wp-content\/uploads\/2015\/05\/La_Palma.jpg'><img decoding=\"async\" width=\"150\" height=\"150\" src=\"https:\/\/atanga.de\/wp-content\/uploads\/2015\/05\/La_Palma-150x150.jpg\" class=\"attachment-thumbnail size-thumbnail\" alt=\"\" aria-describedby=\"gallery-1-3776\" \/><\/a>\n\t\t\t<\/dt>\n\t\t\t\t<dd class='wp-caption-text gallery-caption' id='gallery-1-3776'>\n\t\t\t\tHier ist der Kessel gut zu erkennen\n\t\t\t\t<\/dd><\/dl><br style=\"clear: both\" \/>\n\t\t<\/div>\n\n<p>Nach einem knapp dreist\u00fcndigen Marsch fahren wir weiter zur Schlucht de las Angustias.<br \/>\nAuch hier soll man prima Wanderungen unternehmen k\u00f6nnen. Wir wollen schauen, ob das nicht eine Idee f\u00fcr Morgen sein k\u00f6nnte. Aber die Schlucht gef\u00e4llt uns \u00fcberhaupt nicht. Bananenplantagen, gesch\u00fctzt mit Flies oder Mauern gegen den Wind. Wasserleitungen, Wasserauffangbecken, Bagger, karge Felsw\u00e4nde, Staub und ein versiegter Fluss geben ein unsch\u00f6nes Bild ab.<br \/>\nHier m\u00f6chten wir nicht wandern. Nein, das ist schnell klar.<\/p>\n\n\t\t<style type=\"text\/css\">\n\t\t\t#gallery-2 {\n\t\t\t\tmargin: auto;\n\t\t\t}\n\t\t\t#gallery-2 .gallery-item {\n\t\t\t\tfloat: left;\n\t\t\t\tmargin-top: 10px;\n\t\t\t\ttext-align: center;\n\t\t\t\twidth: 33%;\n\t\t\t}\n\t\t\t#gallery-2 img {\n\t\t\t\tborder: 2px solid #cfcfcf;\n\t\t\t}\n\t\t\t#gallery-2 .gallery-caption {\n\t\t\t\tmargin-left: 0;\n\t\t\t}\n\t\t\t\/* see gallery_shortcode() in wp-includes\/media.php *\/\n\t\t<\/style>\n\t\t<div id='gallery-2' class='gallery galleryid-3771 gallery-columns-3 gallery-size-thumbnail'><dl class='gallery-item'>\n\t\t\t<dt class='gallery-icon landscape'>\n\t\t\t\t<a class=\"boxersandswipers\" title=\"Unsch\u00f6ner Barranco\" href='https:\/\/atanga.de\/wp-content\/uploads\/2015\/05\/Barranco1.jpg'><img decoding=\"async\" width=\"150\" height=\"150\" src=\"https:\/\/atanga.de\/wp-content\/uploads\/2015\/05\/Barranco1-150x150.jpg\" class=\"attachment-thumbnail size-thumbnail\" alt=\"\" aria-describedby=\"gallery-2-3772\" \/><\/a>\n\t\t\t<\/dt>\n\t\t\t\t<dd class='wp-caption-text gallery-caption' id='gallery-2-3772'>\n\t\t\t\tUnsch\u00f6ner Barranco\n\t\t\t\t<\/dd><\/dl>\n\t\t\t<br style='clear: both' \/>\n\t\t<\/div>\n\n<p>Und dann bei unserer Weiterfahrt, entdecken wir sie. Dass hei\u00dft Achim entdeckt sie zuerst. Kaum zu glauben, dass er sich von Teneriffa her erinnert, dass ich die Natternk\u00f6pfe erw\u00e4hnt habe.<br \/>\nBei den Natternk\u00f6pfen (Echium Wildpretii) handelt es sich um eine gigantische, mehrj\u00e4hrige Pflanze, die bis zu drei Meter hoch werden kann.<br \/>\nDiese kommen nur auf Teneriffa und hier auf La Palma vor, w\u00e4chst subalpin auf ca. 2.000 H\u00f6henmetern und steht im Augenblick in voller Bl\u00fcte.<\/p>\n<p>Ich versteh zwar nix von Pflanzen, aber \u00fcber diese, fast einmalige, Gelegenheit freut sich mein G\u00e4rtnerherz. Die Pflanze beeindruckt nicht ganz so sehr ob ihrer Sch\u00f6nheit, sondern eher wegen der kolossalen Ausma\u00dfe.<br \/>\nBis 40.000 Einzelbl\u00fcten soll ein gro\u00dfes Exemplar haben. Allen gemein ist aber die Hunderschaft an Hummeln und Schmetterlingen, die sich einfinden.<\/p>\n\n\t\t<style type=\"text\/css\">\n\t\t\t#gallery-3 {\n\t\t\t\tmargin: auto;\n\t\t\t}\n\t\t\t#gallery-3 .gallery-item {\n\t\t\t\tfloat: left;\n\t\t\t\tmargin-top: 10px;\n\t\t\t\ttext-align: center;\n\t\t\t\twidth: 33%;\n\t\t\t}\n\t\t\t#gallery-3 img {\n\t\t\t\tborder: 2px solid #cfcfcf;\n\t\t\t}\n\t\t\t#gallery-3 .gallery-caption {\n\t\t\t\tmargin-left: 0;\n\t\t\t}\n\t\t\t\/* see gallery_shortcode() in wp-includes\/media.php *\/\n\t\t<\/style>\n\t\t<div id='gallery-3' class='gallery galleryid-3771 gallery-columns-3 gallery-size-thumbnail'><dl class='gallery-item'>\n\t\t\t<dt class='gallery-icon landscape'>\n\t\t\t\t<a class=\"boxersandswipers\" title=\"Natternk\u00f6pfe\" href='https:\/\/atanga.de\/wp-content\/uploads\/2015\/05\/Natter-alle.jpg'><img decoding=\"async\" width=\"150\" height=\"150\" src=\"https:\/\/atanga.de\/wp-content\/uploads\/2015\/05\/Natter-alle-150x150.jpg\" class=\"attachment-thumbnail size-thumbnail\" alt=\"\" aria-describedby=\"gallery-3-3782\" \/><\/a>\n\t\t\t<\/dt>\n\t\t\t\t<dd class='wp-caption-text gallery-caption' id='gallery-3-3782'>\n\t\t\t\tNatternk\u00f6pfe\n\t\t\t\t<\/dd><\/dl><dl class='gallery-item'>\n\t\t\t<dt class='gallery-icon landscape'>\n\t\t\t\t<a class=\"boxersandswipers\" title=\"Natter 4\" href='https:\/\/atanga.de\/wp-content\/uploads\/2015\/05\/Natter-4.jpg'><img decoding=\"async\" width=\"150\" height=\"150\" src=\"https:\/\/atanga.de\/wp-content\/uploads\/2015\/05\/Natter-4-150x150.jpg\" class=\"attachment-thumbnail size-thumbnail\" alt=\"\" \/><\/a>\n\t\t\t<\/dt><\/dl><dl class='gallery-item'>\n\t\t\t<dt class='gallery-icon landscape'>\n\t\t\t\t<a class=\"boxersandswipers\" title=\"G\u00e4rtners Gl\u00fcck\" href='https:\/\/atanga.de\/wp-content\/uploads\/2015\/05\/Natter-3.jpg'><img decoding=\"async\" width=\"150\" height=\"150\" src=\"https:\/\/atanga.de\/wp-content\/uploads\/2015\/05\/Natter-3-150x150.jpg\" class=\"attachment-thumbnail size-thumbnail\" alt=\"\" aria-describedby=\"gallery-3-3779\" \/><\/a>\n\t\t\t<\/dt>\n\t\t\t\t<dd class='wp-caption-text gallery-caption' id='gallery-3-3779'>\n\t\t\t\tG\u00e4rtners Gl\u00fcck\n\t\t\t\t<\/dd><\/dl><br style=\"clear: both\" \/><dl class='gallery-item'>\n\t\t\t<dt class='gallery-icon landscape'>\n\t\t\t\t<a class=\"boxersandswipers\" title=\"Wer hat sie zuerst gesehen?\" href='https:\/\/atanga.de\/wp-content\/uploads\/2015\/05\/Natter-1.jpg'><img decoding=\"async\" width=\"150\" height=\"150\" src=\"https:\/\/atanga.de\/wp-content\/uploads\/2015\/05\/Natter-1-150x150.jpg\" class=\"attachment-thumbnail size-thumbnail\" alt=\"\" aria-describedby=\"gallery-3-3777\" \/><\/a>\n\t\t\t<\/dt>\n\t\t\t\t<dd class='wp-caption-text gallery-caption' id='gallery-3-3777'>\n\t\t\t\tWer hat sie zuerst gesehen?\n\t\t\t\t<\/dd><\/dl><dl class='gallery-item'>\n\t\t\t<dt class='gallery-icon landscape'>\n\t\t\t\t<a class=\"boxersandswipers\" title=\"Natter 2\" href='https:\/\/atanga.de\/wp-content\/uploads\/2015\/05\/Natter-2.jpg'><img decoding=\"async\" width=\"150\" height=\"150\" src=\"https:\/\/atanga.de\/wp-content\/uploads\/2015\/05\/Natter-2-150x150.jpg\" class=\"attachment-thumbnail size-thumbnail\" alt=\"\" \/><\/a>\n\t\t\t<\/dt><\/dl><dl class='gallery-item'>\n\t\t\t<dt class='gallery-icon landscape'>\n\t\t\t\t<a class=\"boxersandswipers\" title=\"Entz\u00fcckende Veilchen\" href='https:\/\/atanga.de\/wp-content\/uploads\/2015\/05\/Veilchen.jpg'><img decoding=\"async\" width=\"150\" height=\"150\" src=\"https:\/\/atanga.de\/wp-content\/uploads\/2015\/05\/Veilchen-150x150.jpg\" class=\"attachment-thumbnail size-thumbnail\" alt=\"\" aria-describedby=\"gallery-3-3783\" \/><\/a>\n\t\t\t<\/dt>\n\t\t\t\t<dd class='wp-caption-text gallery-caption' id='gallery-3-3783'>\n\t\t\t\tEntz\u00fcckende Veilchen\n\t\t\t\t<\/dd><\/dl><br style=\"clear: both\" \/>\n\t\t<\/div>\n\n<p>Nur ein paar Meter weiter sto\u00dfen wir dann auch noch auf das endimische La Palma Veilchen. Dies gilt als selten bis gef\u00e4hrdet, aber wir sehen einen gro\u00dfen Pulk davon.<br \/>\nDas kleine Veilchen hat Gl\u00fcck, dass ich zur Zeit keinen Garten habe, denn da w\u00e4re ich wohl versucht gewesen, ein klein wenig auszubuddeln.<\/p>\n<p>&nbsp;<\/p>\n<div class=\"pld-like-dislike-wrap pld-template-1\">\r\n    <div class=\"pld-like-wrap  pld-common-wrap\">\r\n    <a href=\"javascript:void(0)\" class=\"pld-like-trigger pld-like-dislike-trigger  \" title=\"gef\u00e4llt mir\" data-post-id=\"3771\" data-trigger-type=\"like\" data-restriction=\"cookie\" data-already-liked=\"0\">\r\n                        <i class=\"fas fa-thumbs-up\"><\/i>\r\n                <\/a>\r\n    <span class=\"pld-like-count-wrap pld-count-wrap\">    <\/span>\r\n<\/div><div class=\"pld-dislike-wrap  pld-common-wrap\">\r\n    <a href=\"javascript:void(0)\" class=\"pld-dislike-trigger pld-like-dislike-trigger  \" title=\"doof\" data-post-id=\"3771\" data-trigger-type=\"dislike\" data-restriction=\"cookie\" data-already-liked=\"0\">\r\n                        <i class=\"fas fa-thumbs-down\"><\/i>\r\n                <\/a>\r\n    <span class=\"pld-dislike-count-wrap pld-count-wrap\"><\/span>\r\n<\/div><\/div>","protected":false},"excerpt":{"rendered":"<p>So., 31. Mai 15, La Palma, Tag 365, 2.587 sm von HH Im Zentrum von La Palma gibt es eine der gr\u00f6\u00dften Calderen der Welt. Caldera ist Spanisch und bedeutet Kessel oder Heizkessel. Diesen Ausdruck f\u00fcr den gigantischen Krater auf La Palma pr\u00e4gte im 19. Jahrhundert der Deutsche Geologe Leopold von Buch. Dieser wurde weltweit [&hellip;]<\/p>\n","protected":false},"author":4,"featured_media":0,"comment_status":"open","ping_status":"closed","sticky":false,"template":"","format":"standard","meta":{"footnotes":""},"categories":[52,36,26],"tags":[],"class_list":["post-3771","post","type-post","status-publish","format-standard","hentry","category-la-palma","category-landausfluege","category-spanien"],"_links":{"self":[{"href":"https:\/\/atanga.de\/index.php?rest_route=\/wp\/v2\/posts\/3771","targetHints":{"allow":["GET"]}}],"collection":[{"href":"https:\/\/atanga.de\/index.php?rest_route=\/wp\/v2\/posts"}],"about":[{"href":"https:\/\/atanga.de\/index.php?rest_route=\/wp\/v2\/types\/post"}],"author":[{"embeddable":true,"href":"https:\/\/atanga.de\/index.php?rest_route=\/wp\/v2\/users\/4"}],"replies":[{"embeddable":true,"href":"https:\/\/atanga.de\/index.php?rest_route=%2Fwp%2Fv2%2Fcomments&post=3771"}],"version-history":[{"count":4,"href":"https:\/\/atanga.de\/index.php?rest_route=\/wp\/v2\/posts\/3771\/revisions"}],"predecessor-version":[{"id":3786,"href":"https:\/\/atanga.de\/index.php?rest_route=\/wp\/v2\/posts\/3771\/revisions\/3786"}],"wp:attachment":[{"href":"https:\/\/atanga.de\/index.php?rest_route=%2Fwp%2Fv2%2Fmedia&parent=3771"}],"wp:term":[{"taxonomy":"category","embeddable":true,"href":"https:\/\/atanga.de\/index.php?rest_route=%2Fwp%2Fv2%2Fcategories&post=3771"},{"taxonomy":"post_tag","embeddable":true,"href":"https:\/\/atanga.de\/index.php?rest_route=%2Fwp%2Fv2%2Ftags&post=3771"}],"curies":[{"name":"wp","href":"https:\/\/api.w.org\/{rel}","templated":true}]}}