{"id":3788,"date":"2015-06-01T19:42:20","date_gmt":"2015-06-01T19:42:20","guid":{"rendered":"http:\/\/atanga.de\/?p=3788"},"modified":"2015-06-01T20:06:54","modified_gmt":"2015-06-01T20:06:54","slug":"1-jahr-2-fazits","status":"publish","type":"post","link":"https:\/\/atanga.de\/?p=3788","title":{"rendered":"1 Jahr &#8211; 2 Fazits"},"content":{"rendered":"<p>Getrennt voneinander geschrieben.<\/p>\n<p><strong>Aber zuerst die nackten Fakten:<\/strong><br \/>\n2.587 sm &#8211; davon 1.803 unter Segel<br \/>\n365 Tage &#8211; davon 22 auf See<br \/>\nentspricht einer Durchschnittsgeschwindigkeit von: 5,3 kn = 9,8 km\/h<\/p>\n<p>810 km Fahrrad \u2013 (davon gef\u00fchlt 750 km bergauf)<br \/>\nDurchschnittsgeschwindigkeit 10,3 km\/h<\/p>\n<p>Zu Fu\u00df, gesch\u00e4tzt<br \/>\n343 Tage x 4 km = 1.372 km<\/p>\n<p><strong>Joachim:<br \/>\n<\/strong>Ein Jahr ist es jetzt her, dass wir Hamburg verlassen haben.<br \/>\nEigentlich ist ein Jahr keine wirklich lange Zeit, aber so richtig pr\u00e4sent ist mir der Juni 2014 nicht mehr. Die Anzahl der neuen Eindr\u00fccke in den letzten 365 Tagen war einfach sehr gro\u00df.<br \/>\nZu gro\u00df? Ich denke nein, oder ja, oder ich wei\u00df nicht\u2026.<\/p>\n<p>W\u00e4hrend der ersten Monate waren wir recht fix unterwegs. F\u00fcr mich zu schnell. Erst seit unserem Stopp in Lagos haben wir begonnen es f\u00fcr uns richtig zu machen.<br \/>\nSeit dem waren wir in keinem Hafen weniger als 2 Wochen. Meist waren wir sogar deutlich l\u00e4nger in den Orten und konnten uns richtig einleben.<br \/>\nWenn ich morgens aufwachte, dann wusste ich auch, wo ich war. Das klingt vielleicht komisch, aber es ist sch\u00f6n zu wissen, wo man gerade ist.<\/p>\n<p>In jedem Ort entwickelten sich eigene Rituale, so wie sie eigentlich jeder im normalen Leben hat. Bei mir sah das meist so aus, dass ich nach der Lekt\u00fcre der Nachrichten erst einmal losgelaufen bin, um Brot zu kaufen.<br \/>\nDie Verk\u00e4uferinnen in meinen Stamm B\u00e4ckereien wussten nach einer Weile auch, was ich kaufen w\u00fcrde. Das war sch\u00f6n und machte jede der St\u00e4dte, in denen wir lebten, zu meinem Zuhause.<\/p>\n<p>Las Palmas oder auch Santa Cruz de Tenerife sind sicherlich 2 der Orte, die ich mir als finalen Liegeplatz nach Beendigung der Reise vorstellen k\u00f6nnte.<br \/>\nEs ist einfach sch\u00f6n dort, es gibt alles, das Wetter ist meist gut und die Menschen sind freundlich.<\/p>\n<p>Alles im Leben hat seinen Preis.<br \/>\nF\u00fcr die meisten ist es sicher nicht normal, die Duschzeit nach dem Sonnenstand auszurichten. Liegt man aber in Santa de Cruz de Tenerife, dann tut man gut daran, fr\u00fchestens nach 13.00 zu duschen, da ansonsten die Solaranlage das Wasser auf maximal kurz \u00fcber den Gefrierpunkt aufgew\u00e4rmt hat.<\/p>\n<p>Wer trinken will, muss schleppen. Die meisten Dinge kauft zwar Bine ein, aber wenn es um die Getr\u00e4nke geht, dann ist das meist mein Job. Das sieht dann so aus, dass ich mit dem Rucksack in die Stadt ziehe und mit zig Litern Wasser, Wein, Bier und was man sonst noch so trinkt zur\u00fcck komme.<\/p>\n<p>Der unangenehmste Teil dieser Reise ist im Fehlen einer Geschirrsp\u00fclmaschine begr\u00fcndet. Jeden Tag wird 3-4 mal mit der Hand abgewaschen und abgetrocknet. Das ist nicht sch\u00f6n.<\/p>\n<p>Auch das soziale Leben ver\u00e4ndert sich.<br \/>\nImmer wenn man nette Leute kennen lernt, dann ist das eine Beziehung auf Zeit.<br \/>\nJede Crew hat eigene Pl\u00e4ne und wird irgendwann zur\u00fcck bleiben oder vorweg fahren. Ein Wiedersehen in der Zukunft ist zwar m\u00f6glich, aber nicht sicher.<\/p>\n<p>Ist es das alles wert?<br \/>\nFreunde, Familie und Kollegen zur\u00fcckzulassen, um sich in der Welt herum zu treiben?<br \/>\nZu akzeptieren, dass Dinge, die einst normal waren nun Luxus sind (Waschmaschine, Geschirrsp\u00fclmaschine, Auto, jederzeit mit <u>warmem <\/u>Wasser ausgiebig duschen zu k\u00f6nnen, schnelles Internet..)?<\/p>\n<p>Ich bleibe bei der gleichen Aussage, die ich auch nach 100 Tagen gemacht hatte.<br \/>\nDieser unbeschreibliche Luxus, Lebenszeit nach meinen\/unseren Vorstellungen zu verbrauchen ist unbezahlbar. Es ist ein Geschenk, neue Orte zu bereisen und dort nicht nur als Urlauber zu verweilen, sondern dort jeweils f\u00fcr eine unbestimmte Zeit leben zu k\u00f6nnen.<\/p>\n<p>Ich genie\u00dfe unsere kleine Welt an Bord (3 Raumwohnung, K\u00fcche &amp;Bad auf insgesamt ca. 30m\u00b2). Ich liebe unseren \u201eGarten\u201c, d.h. die jeweilige Marina, in der wir gerade liegen\u2026..und, nur um es nicht zu vergessen, das Wetter und die W\u00e4rme im S\u00fcden.<\/p>\n<p><strong>Sabine:<br \/>\n<\/strong>Die exotischen Ziele haben wir noch nicht erreicht. Auch das t\u00fcrkis schimmernde, warme Wasser l\u00e4sst noch auf sich warten. Die Wahrheit ist, dass wir bislang noch nicht einmal gebadet haben.<br \/>\nMir macht das nichts aus. Im Gegenteil. Die ausgetretenen Urlaubziele von Millionen Touristen sind wundersch\u00f6n. Und die werden durch die ausgiebige und genaue Betrachtung sogar noch sch\u00f6ner.<br \/>\nDaher bin ich froh, dass wir so langsam reisen und uns viel Zeit f\u00fcr sch\u00f6ne Orte nehmen.<\/p>\n<p>Das Leben an Bord ist in einigen Belangen umst\u00e4ndlich, manchmal etwas langwierig und anstrengend. Aber niemals langweilig. H\u00e4ufig habe ich am Ende des Tages nicht mal das \u201egeschafft\u201c, was ich mir eigentlich vorgenommen habe.<br \/>\nUnd zum Lesen, ganz im Ernst, komme ich fast gar nicht.<\/p>\n<p>Auch das Zusammenleben mit Achim auf so engem Raum, 24 Stunden am Tag, klappt hervorragend.<br \/>\nZumindest meistens. <img src=\"https:\/\/atanga.de\/wp-content\/plugins\/classic-smilies\/img\/icon_wink.gif\" alt=\";-)\" class=\"wp-smiley\" style=\"height: 1em; max-height: 1em;\" \/><br \/>\nEs gibt da eine Sache, da macht er mich affig.<\/p>\n<p>Immer gerade dann, wenn ich mich in der Pantry eingefunden, alles her gekramt habe und anfangen m\u00f6chte zu kochen. Ausgerechnet dann will er noch einmal an den K\u00fchlschrank.<br \/>\nMein Signal: \u201eSo, ich werde mich dann mal ans Kochen machen\u201c ist doch eindeutig.<br \/>\nWelchen Teil daran mag er nicht verstehen? In dem Augenblick k\u00f6nnte er doch sein Getr\u00e4nk holen &#8211; macht er aber nicht. Nein, er wartet genau so lange, bis ich die Klappe vom K\u00fchlschrank mit Brett, Gem\u00fcse, Fleisch oder anderem Zubeh\u00f6r vollgestellt habe.<br \/>\nIm schlimmsten Fall f\u00e4ngt er an, die Sachen selber zur Seite zu r\u00e4umen.<br \/>\nOffene Sahne droht umzukippen.<br \/>\nIch komm nicht mehr an die Pfanne zum R\u00fchren der schon in der Pfanne brutzelnden Zwiebeln. Ein Geschirrhandtuch rutscht an die Gasflamme und f\u00e4ngt Feuer\u2026<br \/>\nDa kann ich affig werden.<\/p>\n<p>Im Laufe der Zeit hat sich ergeben, dass ich praktisch nur noch alleine einkaufen gehe und somit sind wir auch mal ein paar Stunden getrennt.<br \/>\nUnd das ist dann auch sehr sch\u00f6n.<\/p>\n<p>Ich glaube, dies war das beste Jahr meines Lebens und ich bereue nicht eine Sekunde, dass wir diese Entscheidung getroffen haben.<br \/>\nUnd ich vermisse nichts. Au\u00dfer die lieben Menschen daheim und meine Dunstabzugshaube.<\/p>\n<p>Und dann noch ein dickes Dankesch\u00f6n an die treuen Leser unseres Blogs, die Ihr tapfer meine (meistens) Berichte lest. Ihr seid klasse.\u00a0 <img src=\"https:\/\/atanga.de\/wp-content\/plugins\/classic-smilies\/img\/icon_smile.gif\" alt=\":-)\" class=\"wp-smiley\" style=\"height: 1em; max-height: 1em;\" \/> <img src=\"https:\/\/atanga.de\/wp-content\/plugins\/classic-smilies\/img\/icon_smile.gif\" alt=\":-)\" class=\"wp-smiley\" style=\"height: 1em; max-height: 1em;\" \/><\/p>\n<div class=\"pld-like-dislike-wrap pld-template-1\">\r\n    <div class=\"pld-like-wrap  pld-common-wrap\">\r\n    <a href=\"javascript:void(0)\" class=\"pld-like-trigger pld-like-dislike-trigger  \" title=\"gef\u00e4llt mir\" data-post-id=\"3788\" data-trigger-type=\"like\" data-restriction=\"cookie\" data-already-liked=\"0\">\r\n                        <i class=\"fas fa-thumbs-up\"><\/i>\r\n                <\/a>\r\n    <span class=\"pld-like-count-wrap pld-count-wrap\">    <\/span>\r\n<\/div><div class=\"pld-dislike-wrap  pld-common-wrap\">\r\n    <a href=\"javascript:void(0)\" class=\"pld-dislike-trigger pld-like-dislike-trigger  \" title=\"doof\" data-post-id=\"3788\" data-trigger-type=\"dislike\" data-restriction=\"cookie\" data-already-liked=\"0\">\r\n                        <i class=\"fas fa-thumbs-down\"><\/i>\r\n                <\/a>\r\n    <span class=\"pld-dislike-count-wrap pld-count-wrap\"><\/span>\r\n<\/div><\/div>","protected":false},"excerpt":{"rendered":"<p>Getrennt voneinander geschrieben. Aber zuerst die nackten Fakten: 2.587 sm &#8211; davon 1.803 unter Segel 365 Tage &#8211; davon 22 auf See entspricht einer Durchschnittsgeschwindigkeit von: 5,3 kn = 9,8 km\/h 810 km Fahrrad \u2013 (davon gef\u00fchlt 750 km bergauf) Durchschnittsgeschwindigkeit 10,3 km\/h Zu Fu\u00df, gesch\u00e4tzt 343 Tage x 4 km = 1.372 km Joachim: [&hellip;]<\/p>\n","protected":false},"author":4,"featured_media":0,"comment_status":"closed","ping_status":"closed","sticky":false,"template":"","format":"standard","meta":{"footnotes":""},"categories":[52,26,45],"tags":[],"class_list":["post-3788","post","type-post","status-publish","format-standard","hentry","category-la-palma","category-spanien","category-allgemein"],"_links":{"self":[{"href":"https:\/\/atanga.de\/index.php?rest_route=\/wp\/v2\/posts\/3788","targetHints":{"allow":["GET"]}}],"collection":[{"href":"https:\/\/atanga.de\/index.php?rest_route=\/wp\/v2\/posts"}],"about":[{"href":"https:\/\/atanga.de\/index.php?rest_route=\/wp\/v2\/types\/post"}],"author":[{"embeddable":true,"href":"https:\/\/atanga.de\/index.php?rest_route=\/wp\/v2\/users\/4"}],"replies":[{"embeddable":true,"href":"https:\/\/atanga.de\/index.php?rest_route=%2Fwp%2Fv2%2Fcomments&post=3788"}],"version-history":[{"count":7,"href":"https:\/\/atanga.de\/index.php?rest_route=\/wp\/v2\/posts\/3788\/revisions"}],"predecessor-version":[{"id":3796,"href":"https:\/\/atanga.de\/index.php?rest_route=\/wp\/v2\/posts\/3788\/revisions\/3796"}],"wp:attachment":[{"href":"https:\/\/atanga.de\/index.php?rest_route=%2Fwp%2Fv2%2Fmedia&parent=3788"}],"wp:term":[{"taxonomy":"category","embeddable":true,"href":"https:\/\/atanga.de\/index.php?rest_route=%2Fwp%2Fv2%2Fcategories&post=3788"},{"taxonomy":"post_tag","embeddable":true,"href":"https:\/\/atanga.de\/index.php?rest_route=%2Fwp%2Fv2%2Ftags&post=3788"}],"curies":[{"name":"wp","href":"https:\/\/api.w.org\/{rel}","templated":true}]}}