{"id":3797,"date":"2015-06-03T20:20:00","date_gmt":"2015-06-03T20:20:00","guid":{"rendered":"http:\/\/atanga.de\/?p=3797"},"modified":"2015-06-03T20:20:00","modified_gmt":"2015-06-03T20:20:00","slug":"vulkane-und-strand","status":"publish","type":"post","link":"https:\/\/atanga.de\/?p=3797","title":{"rendered":"Vulkane und Strand"},"content":{"rendered":"<p>Mo., 01. Jun.\u00a015, La Palma, Tag 366, 2.587 sm von HH<\/p>\n<p>S\u00fcdlich der Caldera beginnt die Stra\u00dfe der Vulkane.<br \/>\nDiese Vulkane sind \u00e4hnlich schwarz wie auf Lanzarote, hier allerdings licht bis dicht bewaldet. Auf ca. 1.300 H\u00f6henmetern suchen wir uns einen kleinen Wanderweg, der nur knapp 5 km lang sein soll. Leider steht nicht dabei, dass er steil die Vulkanflanken hinauf f\u00fchrt.<br \/>\nRauf geht es ja noch, abgesehen, dass der Schwei\u00df zweibahnig den R\u00fccken herunter l\u00e4uft.<br \/>\nAuf dem R\u00fcckweg wird es dann heikel.<br \/>\nDenn man hat sich das hier schlecht \u00fcberlegt mit dem Wegebelag.<br \/>\nAlles ist komplett mit Rollsplitt abgestreut. Das alleine reicht schon, um einen die Beine unter dem Hintern weg zu ziehen. Dar\u00fcber liegt dann aber noch eine dicke Schicht Kiefernnadeln, die rutschiger als Glatteis ist.<\/p>\n\n\t\t<style type=\"text\/css\">\n\t\t\t#gallery-1 {\n\t\t\t\tmargin: auto;\n\t\t\t}\n\t\t\t#gallery-1 .gallery-item {\n\t\t\t\tfloat: left;\n\t\t\t\tmargin-top: 10px;\n\t\t\t\ttext-align: center;\n\t\t\t\twidth: 33%;\n\t\t\t}\n\t\t\t#gallery-1 img {\n\t\t\t\tborder: 2px solid #cfcfcf;\n\t\t\t}\n\t\t\t#gallery-1 .gallery-caption {\n\t\t\t\tmargin-left: 0;\n\t\t\t}\n\t\t\t\/* see gallery_shortcode() in wp-includes\/media.php *\/\n\t\t<\/style>\n\t\t<div id='gallery-1' class='gallery galleryid-3797 gallery-columns-3 gallery-size-thumbnail'><dl class='gallery-item'>\n\t\t\t<dt class='gallery-icon landscape'>\n\t\t\t\t<a class=\"boxersandswipers\" title=\"Rollsplitt so weit die F\u00fc\u00dfe tragen\" href='https:\/\/atanga.de\/wp-content\/uploads\/2015\/06\/lava-2.jpg'><img decoding=\"async\" width=\"150\" height=\"150\" src=\"https:\/\/atanga.de\/wp-content\/uploads\/2015\/06\/lava-2-150x150.jpg\" class=\"attachment-thumbnail size-thumbnail\" alt=\"\" aria-describedby=\"gallery-1-3800\" \/><\/a>\n\t\t\t<\/dt>\n\t\t\t\t<dd class='wp-caption-text gallery-caption' id='gallery-1-3800'>\n\t\t\t\tRollsplitt so weit die F\u00fc\u00dfe tragen\n\t\t\t\t<\/dd><\/dl><dl class='gallery-item'>\n\t\t\t<dt class='gallery-icon landscape'>\n\t\t\t\t<a class=\"boxersandswipers\" title=\"Rutschiger Weg\" href='https:\/\/atanga.de\/wp-content\/uploads\/2015\/06\/wald.jpg'><img decoding=\"async\" width=\"150\" height=\"150\" src=\"https:\/\/atanga.de\/wp-content\/uploads\/2015\/06\/wald-150x150.jpg\" class=\"attachment-thumbnail size-thumbnail\" alt=\"\" aria-describedby=\"gallery-1-3806\" \/><\/a>\n\t\t\t<\/dt>\n\t\t\t\t<dd class='wp-caption-text gallery-caption' id='gallery-1-3806'>\n\t\t\t\tRutschiger Weg\n\t\t\t\t<\/dd><\/dl><dl class='gallery-item'>\n\t\t\t<dt class='gallery-icon landscape'>\n\t\t\t\t<a class=\"boxersandswipers\" title=\"\" href='https:\/\/atanga.de\/wp-content\/uploads\/2015\/06\/lava.jpg'><img decoding=\"async\" width=\"150\" height=\"150\" src=\"https:\/\/atanga.de\/wp-content\/uploads\/2015\/06\/lava-150x150.jpg\" class=\"attachment-thumbnail size-thumbnail\" alt=\"\" \/><\/a>\n\t\t\t<\/dt><\/dl><br style=\"clear: both\" \/><dl class='gallery-item'>\n\t\t\t<dt class='gallery-icon landscape'>\n\t\t\t\t<a class=\"boxersandswipers\" title=\"Zapfen\" href='https:\/\/atanga.de\/wp-content\/uploads\/2015\/06\/Zapfen.jpg'><img decoding=\"async\" width=\"150\" height=\"150\" src=\"https:\/\/atanga.de\/wp-content\/uploads\/2015\/06\/Zapfen-150x150.jpg\" class=\"attachment-thumbnail size-thumbnail\" alt=\"\" \/><\/a>\n\t\t\t<\/dt><\/dl><dl class='gallery-item'>\n\t\t\t<dt class='gallery-icon landscape'>\n\t\t\t\t<a class=\"boxersandswipers\" title=\"Zistrose\" href='https:\/\/atanga.de\/wp-content\/uploads\/2015\/06\/Zistrose.jpg'><img decoding=\"async\" width=\"150\" height=\"150\" src=\"https:\/\/atanga.de\/wp-content\/uploads\/2015\/06\/Zistrose-150x150.jpg\" class=\"attachment-thumbnail size-thumbnail\" alt=\"\" aria-describedby=\"gallery-1-3808\" \/><\/a>\n\t\t\t<\/dt>\n\t\t\t\t<dd class='wp-caption-text gallery-caption' id='gallery-1-3808'>\n\t\t\t\tZistrose\n\t\t\t\t<\/dd><\/dl><dl class='gallery-item'>\n\t\t\t<dt class='gallery-icon landscape'>\n\t\t\t\t<a class=\"boxersandswipers\" title=\"\" href='https:\/\/atanga.de\/wp-content\/uploads\/2015\/06\/K\u00f6nigskerze.jpg'><img decoding=\"async\" width=\"150\" height=\"150\" src=\"https:\/\/atanga.de\/wp-content\/uploads\/2015\/06\/K\u00f6nigskerze-150x150.jpg\" class=\"attachment-thumbnail size-thumbnail\" alt=\"\" \/><\/a>\n\t\t\t<\/dt><\/dl><br style=\"clear: both\" \/>\n\t\t<\/div>\n\n<p>Wir kommen aber heil am Auto an und sind bereit uns ins n\u00e4chste Abenteuer zu st\u00fcrzen. Vorgestern waren wir an einem Kletterpark vorbei gekommen, der idyllisch im Kiefernwald gelegen ist.<br \/>\nZu unserem Bedauern hat dieser allerdings wochentags geschlossen, da wir uns noch in der Vorsaison befinden.<br \/>\nWir m\u00fcssen also unverrichteter Dinge wieder abziehen, k\u00f6nnen aber wenigstens noch die Parkb\u00e4nke f\u00fcr unsere Mittagspause nutzen.<\/p>\n\n\t\t<style type=\"text\/css\">\n\t\t\t#gallery-2 {\n\t\t\t\tmargin: auto;\n\t\t\t}\n\t\t\t#gallery-2 .gallery-item {\n\t\t\t\tfloat: left;\n\t\t\t\tmargin-top: 10px;\n\t\t\t\ttext-align: center;\n\t\t\t\twidth: 33%;\n\t\t\t}\n\t\t\t#gallery-2 img {\n\t\t\t\tborder: 2px solid #cfcfcf;\n\t\t\t}\n\t\t\t#gallery-2 .gallery-caption {\n\t\t\t\tmargin-left: 0;\n\t\t\t}\n\t\t\t\/* see gallery_shortcode() in wp-includes\/media.php *\/\n\t\t<\/style>\n\t\t<div id='gallery-2' class='gallery galleryid-3797 gallery-columns-3 gallery-size-thumbnail'><dl class='gallery-item'>\n\t\t\t<dt class='gallery-icon landscape'>\n\t\t\t\t<a class=\"boxersandswipers\" title=\"Mittagspause\" href='https:\/\/atanga.de\/wp-content\/uploads\/2015\/06\/picknick.jpg'><img decoding=\"async\" width=\"150\" height=\"150\" src=\"https:\/\/atanga.de\/wp-content\/uploads\/2015\/06\/picknick-150x150.jpg\" class=\"attachment-thumbnail size-thumbnail\" alt=\"\" aria-describedby=\"gallery-2-3802\" \/><\/a>\n\t\t\t<\/dt>\n\t\t\t\t<dd class='wp-caption-text gallery-caption' id='gallery-2-3802'>\n\t\t\t\tMittagspause\n\t\t\t\t<\/dd><\/dl><dl class='gallery-item'>\n\t\t\t<dt class='gallery-icon landscape'>\n\t\t\t\t<a class=\"boxersandswipers\" title=\"Blick auf Teide\" href='https:\/\/atanga.de\/wp-content\/uploads\/2015\/06\/Teide.jpg'><img decoding=\"async\" width=\"150\" height=\"150\" src=\"https:\/\/atanga.de\/wp-content\/uploads\/2015\/06\/Teide-150x150.jpg\" class=\"attachment-thumbnail size-thumbnail\" alt=\"\" aria-describedby=\"gallery-2-3805\" \/><\/a>\n\t\t\t<\/dt>\n\t\t\t\t<dd class='wp-caption-text gallery-caption' id='gallery-2-3805'>\n\t\t\t\tBlick auf Teide\n\t\t\t\t<\/dd><\/dl><dl class='gallery-item'>\n\t\t\t<dt class='gallery-icon landscape'>\n\t\t\t\t<a class=\"boxersandswipers\" title=\"Strand an der Ostseite\" href='https:\/\/atanga.de\/wp-content\/uploads\/2015\/06\/Strand.jpg'><img decoding=\"async\" width=\"150\" height=\"150\" src=\"https:\/\/atanga.de\/wp-content\/uploads\/2015\/06\/Strand-150x150.jpg\" class=\"attachment-thumbnail size-thumbnail\" alt=\"\" aria-describedby=\"gallery-2-3804\" \/><\/a>\n\t\t\t<\/dt>\n\t\t\t\t<dd class='wp-caption-text gallery-caption' id='gallery-2-3804'>\n\t\t\t\tStrand an der Ostseite\n\t\t\t\t<\/dd><\/dl><br style=\"clear: both\" \/>\n\t\t<\/div>\n\n<p>Wir disponieren um und fahren zum Strand.<br \/>\nEs ist interessant, dass auf La Palma alle Stra\u00dfen, die um die Insel herumf\u00fchren, sich auf einer H\u00f6he von 500 bis 1.300 Metern befinden. Eine K\u00fcsten-Ufer-Stra\u00dfe existiert praktisch nicht.<br \/>\nEs gibt nur hin und wieder extrem Steile Pisten, die an die wenigen, sehr kleinen Str\u00e4nde f\u00fchren. Diese sind ebenfalls alle pechschwarz und wirklich winzig.<br \/>\nDie Brandung rollt ungebremst an die Felsen, so dass Baden nicht ganz einfach ist.<br \/>\nNicht, dass wir das gewollt h\u00e4tten, denn mit ca. 21 Grad ist es uns nach wie vor zu kalt.<\/p>\n<p>Zu guter Letzt machen wir noch einen Stopp am Insel-Lidl, der nur mit dem Auto zu erreichen ist.<br \/>\nH\u00e4tte ich gewusst, dass es hier ebenfalls einen deutschen Supermarkt gibt, dann h\u00e4tte ich mir meine <a href=\"https:\/\/atanga.de\/?p=3583\">Tour-de-Lidl<\/a> auf Teneriffa wei\u00df Gott verkniffen.<\/p>\n<p>Insgesamt haben wir auf der kleinen La Palma, die von der Grundfl\u00e4che (ca. 45 x 25 km) gerade mal so gro\u00df wie Hamburg ist, \u00fcber 600 km abgerissen. Fast nicht zu glauben. Aber die extreme Steilheit der Insel macht an jeder Ecke Serpentinen n\u00f6tig.<br \/>\nDie Insel ist wundersch\u00f6n und wahnsinnig gr\u00fcn. Wir haben tolle Ecken entdeckt, die es nun gilt, mit Bustouren und weiteren Wanderungen zu vertiefen.<br \/>\nDie <em>Sch\u00f6ne<\/em>, die <em>Gr\u00fcne<\/em>, die <em>Steile<\/em>.<\/p>\n<div class=\"pld-like-dislike-wrap pld-template-1\">\r\n    <div class=\"pld-like-wrap  pld-common-wrap\">\r\n    <a href=\"javascript:void(0)\" class=\"pld-like-trigger pld-like-dislike-trigger  \" title=\"gef\u00e4llt mir\" data-post-id=\"3797\" data-trigger-type=\"like\" data-restriction=\"cookie\" data-already-liked=\"0\">\r\n                        <i class=\"fas fa-thumbs-up\"><\/i>\r\n                <\/a>\r\n    <span class=\"pld-like-count-wrap pld-count-wrap\">    <\/span>\r\n<\/div><div class=\"pld-dislike-wrap  pld-common-wrap\">\r\n    <a href=\"javascript:void(0)\" class=\"pld-dislike-trigger pld-like-dislike-trigger  \" title=\"doof\" data-post-id=\"3797\" data-trigger-type=\"dislike\" data-restriction=\"cookie\" data-already-liked=\"0\">\r\n                        <i class=\"fas fa-thumbs-down\"><\/i>\r\n                <\/a>\r\n    <span class=\"pld-dislike-count-wrap pld-count-wrap\"><\/span>\r\n<\/div><\/div>","protected":false},"excerpt":{"rendered":"<p>Mo., 01. Jun.\u00a015, La Palma, Tag 366, 2.587 sm von HH S\u00fcdlich der Caldera beginnt die Stra\u00dfe der Vulkane. Diese Vulkane sind \u00e4hnlich schwarz wie auf Lanzarote, hier allerdings licht bis dicht bewaldet. Auf ca. 1.300 H\u00f6henmetern suchen wir uns einen kleinen Wanderweg, der nur knapp 5 km lang sein soll. Leider steht nicht dabei, [&hellip;]<\/p>\n","protected":false},"author":4,"featured_media":0,"comment_status":"open","ping_status":"closed","sticky":false,"template":"","format":"standard","meta":{"footnotes":""},"categories":[52,36,26],"tags":[],"class_list":["post-3797","post","type-post","status-publish","format-standard","hentry","category-la-palma","category-landausfluege","category-spanien"],"_links":{"self":[{"href":"https:\/\/atanga.de\/index.php?rest_route=\/wp\/v2\/posts\/3797","targetHints":{"allow":["GET"]}}],"collection":[{"href":"https:\/\/atanga.de\/index.php?rest_route=\/wp\/v2\/posts"}],"about":[{"href":"https:\/\/atanga.de\/index.php?rest_route=\/wp\/v2\/types\/post"}],"author":[{"embeddable":true,"href":"https:\/\/atanga.de\/index.php?rest_route=\/wp\/v2\/users\/4"}],"replies":[{"embeddable":true,"href":"https:\/\/atanga.de\/index.php?rest_route=%2Fwp%2Fv2%2Fcomments&post=3797"}],"version-history":[{"count":3,"href":"https:\/\/atanga.de\/index.php?rest_route=\/wp\/v2\/posts\/3797\/revisions"}],"predecessor-version":[{"id":3811,"href":"https:\/\/atanga.de\/index.php?rest_route=\/wp\/v2\/posts\/3797\/revisions\/3811"}],"wp:attachment":[{"href":"https:\/\/atanga.de\/index.php?rest_route=%2Fwp%2Fv2%2Fmedia&parent=3797"}],"wp:term":[{"taxonomy":"category","embeddable":true,"href":"https:\/\/atanga.de\/index.php?rest_route=%2Fwp%2Fv2%2Fcategories&post=3797"},{"taxonomy":"post_tag","embeddable":true,"href":"https:\/\/atanga.de\/index.php?rest_route=%2Fwp%2Fv2%2Ftags&post=3797"}],"curies":[{"name":"wp","href":"https:\/\/api.w.org\/{rel}","templated":true}]}}