{"id":3828,"date":"2015-06-09T19:57:43","date_gmt":"2015-06-09T19:57:43","guid":{"rendered":"http:\/\/atanga.de\/?p=3828"},"modified":"2015-06-09T20:19:30","modified_gmt":"2015-06-09T20:19:30","slug":"um-die-welt-naehen","status":"publish","type":"post","link":"https:\/\/atanga.de\/?p=3828","title":{"rendered":"Um die Welt n\u00e4hen"},"content":{"rendered":"<p>Di., 09. Jun. 15, La Palma, Tag 374, 2.587 sm von HH<\/p>\n<p>Ich bekomme langsam den Eindruck, dass man mehr Zeit mit n\u00e4hen als mit segeln auf so einer Weltumseglung verbringen kann.<br \/>\nHeute ist es erneut eine Flagge, die das Zeitliche gesegnet hat. Unsere Spanische Gastlandflagge hat somit nur sieben Monate gehalten und ist verbraucht.<br \/>\nDas Loch brauche ich nicht zu flicken, der Stoff daneben ist so d\u00fcnn, dass ich gleich eine neue Flagge n\u00e4hen kann.<br \/>\nDas \u00fcbt den Umgang mit der Maschine f\u00fcr feinmotorische Dinge, macht Spa\u00df und wo wir hier eine neue Gastlandflagge bek\u00e4men, haben wir noch nicht entdeckt.<\/p>\n<p>Die letzte N\u00e4haktion mit T-Shirt-Stoff war nicht so toll. Das Material dehnt sich zu sehr und ist nicht formstabil. In der Stadt entdecke ich einen Stoffladen und dort erstehe ich eine Palette der g\u00e4ngigsten Farben von L\u00e4nderflaggen.<br \/>\nEinen gelben und dunkelroten Rest bekomme ich geschenkt. Das ist ja mal richtig nett.\u00a0 <img src=\"https:\/\/atanga.de\/wp-content\/plugins\/classic-smilies\/img\/icon_smile.gif\" alt=\":-)\" class=\"wp-smiley\" style=\"height: 1em; max-height: 1em;\" \/><\/p>\n\n\t\t<style type=\"text\/css\">\n\t\t\t#gallery-1 {\n\t\t\t\tmargin: auto;\n\t\t\t}\n\t\t\t#gallery-1 .gallery-item {\n\t\t\t\tfloat: left;\n\t\t\t\tmargin-top: 10px;\n\t\t\t\ttext-align: center;\n\t\t\t\twidth: 33%;\n\t\t\t}\n\t\t\t#gallery-1 img {\n\t\t\t\tborder: 2px solid #cfcfcf;\n\t\t\t}\n\t\t\t#gallery-1 .gallery-caption {\n\t\t\t\tmargin-left: 0;\n\t\t\t}\n\t\t\t\/* see gallery_shortcode() in wp-includes\/media.php *\/\n\t\t<\/style>\n\t\t<div id='gallery-1' class='gallery galleryid-3828 gallery-columns-3 gallery-size-thumbnail'><dl class='gallery-item'>\n\t\t\t<dt class='gallery-icon landscape'>\n\t\t\t\t<a class=\"boxersandswipers\" title=\"Welt, wir kommen &#8211; alle Farben sind schon da\" href='https:\/\/atanga.de\/wp-content\/uploads\/2015\/06\/Stoffstapel.jpg'><img decoding=\"async\" width=\"150\" height=\"150\" src=\"https:\/\/atanga.de\/wp-content\/uploads\/2015\/06\/Stoffstapel-150x150.jpg\" class=\"attachment-thumbnail size-thumbnail\" alt=\"\" aria-describedby=\"gallery-1-3830\" \/><\/a>\n\t\t\t<\/dt>\n\t\t\t\t<dd class='wp-caption-text gallery-caption' id='gallery-1-3830'>\n\t\t\t\tWelt, wir kommen &#8211; alle Farben sind schon da\n\t\t\t\t<\/dd><\/dl>\n\t\t\t<br style='clear: both' \/>\n\t\t<\/div>\n\n<p>Die Spanische Flagge ist denkbar einfach. Zumindest, wenn man auf das Wappen in der gelben Mitte verzichtet. Das d\u00fcrfen wir, da die vereinfachte Form bereits vor \u00fcber 100 Jahren f\u00fcr b\u00fcrgerliche und Handelszwecke eingef\u00fchrt wurde.<\/p>\n<p>Trotzdem haben drei simple Streifen ihre T\u00fccken, wenn eine Flagge von beiden Seiten gleich aussehen soll.<br \/>\nDas ahne ich zun\u00e4chst nicht und n\u00e4he munter drauf los. Daf\u00fcr w\u00e4hle ich eine Kappnaht &#8211; so werden Hosenbeine von Jeans zusammengen\u00e4ht.<br \/>\nUm mit einem Irrtum aufzur\u00e4umen: Ich habe keine Ahnung vom N\u00e4hen. Alle meine Weisheiten ziehe ich aus einem f\u00fcnfst\u00fcndigen N\u00e4hkurs im Sommer vor unserer Abreise (kann ich w\u00e4rmstens empfehlen) und aus dem Internet. Davor habe ich noch nie hinter einer N\u00e4hmaschine gesessen.<\/p>\n<p>Dass ich keine Ahnung von der Materie habe, wird dann auch gleich nach der ersten Kappnaht klar. Das war wohl zu naiv gedacht: Auf einer Seite stimmt die Breite der Streifen und alles sieht super aus. Auf der anderen Seite ist das Rot um die Breite der Nahtzugabe zu schmal und die Proportionen der Streifen stimmen nicht mehr. Und es sieht &#8222;na ja, geht so&#8220; aus.<\/p>\n<p>Grrrr, doof, nicht zu Ende gedacht. So hei\u00dft es improvisieren (b\u00f6se Zungen nennen es pfuschen).<br \/>\nIch n\u00e4he auf die nicht so sch\u00f6ne Seite einfach noch einen schmalen Streifen in rot dr\u00fcber, damit die Breite von Gelb wieder stimmt. <img src=\"https:\/\/atanga.de\/wp-content\/plugins\/classic-smilies\/img\/icon_cool.gif\" alt=\":cool:\" class=\"wp-smiley\" style=\"height: 1em; max-height: 1em;\" \/><br \/>\nDas h\u00e4lt einer Bewertung &#8211; zumindest von unten &#8211; Stand und somit hissen wir heute die erste selbstgen\u00e4hte Gastlandflagge.<\/p>\n<p>Unser Adenauer, der deutlich mehr Flatterzeit hinter sich hat als die Spanische Gastlandflagge h\u00e4lt tapfer durch. Hier ist nur die hintere Naht auf gerippelt, die schnell repariert ist.<\/p>\n\n\t\t<style type=\"text\/css\">\n\t\t\t#gallery-2 {\n\t\t\t\tmargin: auto;\n\t\t\t}\n\t\t\t#gallery-2 .gallery-item {\n\t\t\t\tfloat: left;\n\t\t\t\tmargin-top: 10px;\n\t\t\t\ttext-align: center;\n\t\t\t\twidth: 33%;\n\t\t\t}\n\t\t\t#gallery-2 img {\n\t\t\t\tborder: 2px solid #cfcfcf;\n\t\t\t}\n\t\t\t#gallery-2 .gallery-caption {\n\t\t\t\tmargin-left: 0;\n\t\t\t}\n\t\t\t\/* see gallery_shortcode() in wp-includes\/media.php *\/\n\t\t<\/style>\n\t\t<div id='gallery-2' class='gallery galleryid-3828 gallery-columns-3 gallery-size-thumbnail'><dl class='gallery-item'>\n\t\t\t<dt class='gallery-icon landscape'>\n\t\t\t\t<a class=\"boxersandswipers\" title=\"vorher &#8211; nachher\" href='https:\/\/atanga.de\/wp-content\/uploads\/2015\/06\/Flagge.jpg'><img decoding=\"async\" width=\"150\" height=\"150\" src=\"https:\/\/atanga.de\/wp-content\/uploads\/2015\/06\/Flagge-150x150.jpg\" class=\"attachment-thumbnail size-thumbnail\" alt=\"\" aria-describedby=\"gallery-2-3829\" \/><\/a>\n\t\t\t<\/dt>\n\t\t\t\t<dd class='wp-caption-text gallery-caption' id='gallery-2-3829'>\n\t\t\t\tvorher &#8211; nachher\n\t\t\t\t<\/dd><\/dl>\n\t\t\t<br style='clear: both' \/>\n\t\t<\/div>\n\n<div class=\"pld-like-dislike-wrap pld-template-1\">\r\n    <div class=\"pld-like-wrap  pld-common-wrap\">\r\n    <a href=\"javascript:void(0)\" class=\"pld-like-trigger pld-like-dislike-trigger  \" title=\"gef\u00e4llt mir\" data-post-id=\"3828\" data-trigger-type=\"like\" data-restriction=\"cookie\" data-already-liked=\"0\">\r\n                        <i class=\"fas fa-thumbs-up\"><\/i>\r\n                <\/a>\r\n    <span class=\"pld-like-count-wrap pld-count-wrap\">1    <\/span>\r\n<\/div><div class=\"pld-dislike-wrap  pld-common-wrap\">\r\n    <a href=\"javascript:void(0)\" class=\"pld-dislike-trigger pld-like-dislike-trigger  \" title=\"doof\" data-post-id=\"3828\" data-trigger-type=\"dislike\" data-restriction=\"cookie\" data-already-liked=\"0\">\r\n                        <i class=\"fas fa-thumbs-down\"><\/i>\r\n                <\/a>\r\n    <span class=\"pld-dislike-count-wrap pld-count-wrap\"><\/span>\r\n<\/div><\/div>","protected":false},"excerpt":{"rendered":"<p>Di., 09. Jun. 15, La Palma, Tag 374, 2.587 sm von HH Ich bekomme langsam den Eindruck, dass man mehr Zeit mit n\u00e4hen als mit segeln auf so einer Weltumseglung verbringen kann. Heute ist es erneut eine Flagge, die das Zeitliche gesegnet hat. Unsere Spanische Gastlandflagge hat somit nur sieben Monate gehalten und ist verbraucht. [&hellip;]<\/p>\n","protected":false},"author":4,"featured_media":0,"comment_status":"open","ping_status":"closed","sticky":false,"template":"","format":"standard","meta":{"footnotes":""},"categories":[52,26,45],"tags":[],"class_list":["post-3828","post","type-post","status-publish","format-standard","hentry","category-la-palma","category-spanien","category-allgemein"],"_links":{"self":[{"href":"https:\/\/atanga.de\/index.php?rest_route=\/wp\/v2\/posts\/3828","targetHints":{"allow":["GET"]}}],"collection":[{"href":"https:\/\/atanga.de\/index.php?rest_route=\/wp\/v2\/posts"}],"about":[{"href":"https:\/\/atanga.de\/index.php?rest_route=\/wp\/v2\/types\/post"}],"author":[{"embeddable":true,"href":"https:\/\/atanga.de\/index.php?rest_route=\/wp\/v2\/users\/4"}],"replies":[{"embeddable":true,"href":"https:\/\/atanga.de\/index.php?rest_route=%2Fwp%2Fv2%2Fcomments&post=3828"}],"version-history":[{"count":3,"href":"https:\/\/atanga.de\/index.php?rest_route=\/wp\/v2\/posts\/3828\/revisions"}],"predecessor-version":[{"id":3833,"href":"https:\/\/atanga.de\/index.php?rest_route=\/wp\/v2\/posts\/3828\/revisions\/3833"}],"wp:attachment":[{"href":"https:\/\/atanga.de\/index.php?rest_route=%2Fwp%2Fv2%2Fmedia&parent=3828"}],"wp:term":[{"taxonomy":"category","embeddable":true,"href":"https:\/\/atanga.de\/index.php?rest_route=%2Fwp%2Fv2%2Fcategories&post=3828"},{"taxonomy":"post_tag","embeddable":true,"href":"https:\/\/atanga.de\/index.php?rest_route=%2Fwp%2Fv2%2Ftags&post=3828"}],"curies":[{"name":"wp","href":"https:\/\/api.w.org\/{rel}","templated":true}]}}